{"id":10221,"date":"2019-09-06T10:27:04","date_gmt":"2019-09-06T17:27:04","guid":{"rendered":"https:\/\/rolamix.com\/espectaculos\/?p=10221"},"modified":"2019-09-06T10:31:25","modified_gmt":"2019-09-06T17:31:25","slug":"alex-fernandez-deja-plantada-a-natalia-jimenez-en-la-grabacion-de-un-dueto-juntos","status":"publish","type":"post","link":"https:\/\/rolamix.com\/espectaculos\/alex-fernandez-deja-plantada-a-natalia-jimenez-en-la-grabacion-de-un-dueto-juntos\/","title":{"rendered":"\u00bfAlex Fern\u00e1ndez deja plantada a Natalia Jim\u00e9nez en la grabaci\u00f3n de un dueto juntos?"},"content":{"rendered":"<p>La ex vocalista de La Quinta Estaci\u00f3n, <strong>Natalia Jim\u00e9nez<\/strong> se encuentra en pleno lanzamiento de su nuevo \u00e1lbum <strong>\u201cM\u00e9xico de mi coraz\u00f3n<\/strong>\u201d, el cual representa un tibuto para esta tierra que la cantante espa\u00f1ola tambi\u00e9n siente como suya.<\/p>\n<blockquote><p>\u201c(\u2026) Pues yo me siento mexicana, pues como dice Chavela Vargas los mexicanos nacemos donde nos da la rechingada gana\u201d, expresa Natalia en una entrevista para el programa Suelta La Sopa y Tv Azteca.<\/p><\/blockquote>\n<p>Es por ello que Jim\u00e9nez, decidi\u00f3 invitar a varios artistas mexicanos para colaborar en su m\u00e1s reciente producci\u00f3n, tal como es el caso de Paquita La Del Barrio, Carlos Rivera, El Bebeto, Lila Downs,\u00a0 Pedro Fern\u00e1ndez, Banda Ms y\u00a0<strong>Alex Fern\u00e1ndez<\/strong>. Sin embargo, \u00e9ste \u00faltimo al parecer\u00a0<strong>la dej\u00f3 plantada.<\/strong><\/p>\n<p>&nbsp;<\/p>\n<blockquote class=\"instagram-media\" style=\"background: #FFF; border: 0; border-radius: 3px; box-shadow: 0 0 1px 0 rgba(0,0,0,0.5),0 1px 10px 0 rgba(0,0,0,0.15); margin: 1px; max-width: 540px; min-width: 326px; padding: 0; width: calc(100% - 2px);\" data-instgrm-captioned=\"\" data-instgrm-permalink=\"https:\/\/www.instagram.com\/p\/B1evjgDnh9I\/?utm_source=ig_embed&amp;utm_campaign=loading\" data-instgrm-version=\"12\">\n<div style=\"padding: 16px;\">\n<p>&nbsp;<\/p>\n<div style=\"display: flex; flex-direction: row; align-items: center;\">\n<div style=\"background-color: #f4f4f4; border-radius: 50%; flex-grow: 0; height: 40px; margin-right: 14px; width: 40px;\"><\/div>\n<div style=\"display: flex; flex-direction: column; flex-grow: 1; justify-content: center;\">\n<div style=\"background-color: #f4f4f4; border-radius: 4px; flex-grow: 0; height: 14px; margin-bottom: 6px; width: 100px;\"><\/div>\n<div style=\"background-color: #f4f4f4; border-radius: 4px; flex-grow: 0; height: 14px; width: 60px;\"><\/div>\n<\/div>\n<\/div>\n<div style=\"padding: 19% 0;\"><\/div>\n<div style=\"display: block; height: 50px; margin: 0 auto 12px; width: 50px;\"><\/div>\n<div style=\"padding-top: 8px;\">\n<div style=\"color: #3897f0; font-family: Arial,sans-serif; font-size: 14px; font-style: normal; font-weight: 550; line-height: 18px;\">Ver esta publicaci\u00f3n en Instagram<\/div>\n<\/div>\n<div style=\"padding: 12.5% 0;\"><\/div>\n<div style=\"display: flex; flex-direction: row; margin-bottom: 14px; align-items: center;\">\n<div>\n<div style=\"background-color: #f4f4f4; border-radius: 50%; height: 12.5px; width: 12.5px; transform: translateX(0px) translateY(7px);\"><\/div>\n<div style=\"background-color: #f4f4f4; height: 12.5px; transform: rotate(-45deg) translateX(3px) translateY(1px); width: 12.5px; flex-grow: 0; margin-right: 14px; margin-left: 2px;\"><\/div>\n<div style=\"background-color: #f4f4f4; border-radius: 50%; height: 12.5px; width: 12.5px; transform: translateX(9px) translateY(-18px);\"><\/div>\n<\/div>\n<div style=\"margin-left: 8px;\">\n<div style=\"background-color: #f4f4f4; border-radius: 50%; flex-grow: 0; height: 20px; width: 20px;\"><\/div>\n<div style=\"width: 0; height: 0; border-top: 2px solid transparent; border-left: 6px solid #f4f4f4; border-bottom: 2px solid transparent; transform: translateX(16px) translateY(-4px) rotate(30deg);\"><\/div>\n<\/div>\n<div style=\"margin-left: auto;\">\n<div style=\"width: 0px; border-top: 8px solid #F4F4F4; border-right: 8px solid transparent; transform: translateY(16px);\"><\/div>\n<div style=\"background-color: #f4f4f4; flex-grow: 0; height: 12px; width: 16px; transform: translateY(-4px);\"><\/div>\n<div style=\"width: 0; height: 0; border-top: 8px solid #F4F4F4; border-left: 8px solid transparent; transform: translateY(-4px) translateX(8px);\"><\/div>\n<\/div>\n<\/div>\n<p>&nbsp;<\/p>\n<p style=\"margin: 8px 0 0 0; padding: 0 4px;\"><a style=\"color: #000; font-family: Arial,sans-serif; font-size: 14px; font-style: normal; font-weight: normal; line-height: 17px; text-decoration: none; word-wrap: break-word;\" href=\"https:\/\/www.instagram.com\/p\/B1evjgDnh9I\/?utm_source=ig_embed&amp;utm_campaign=loading\" target=\"_blank\" rel=\"noopener\">A donde estar\u00eda mirando yo con esta cara?? ? RESERVA YA! En tus plataformas favoritas mi nuevo disco de Mariachi en directo #MexicoDeMiCorazon estar\u00e1 disponible este 30 de Agosto! \u2764\ufe0f?Link en bio \u2764\ufe0f?<\/a><\/p>\n<p style=\"color: #c9c8cd; font-family: Arial,sans-serif; font-size: 14px; line-height: 17px; margin-bottom: 0; margin-top: 8px; overflow: hidden; padding: 8px 0 7px; text-align: center; text-overflow: ellipsis; white-space: nowrap;\">Una publicaci\u00f3n compartida de <a style=\"color: #c9c8cd; font-family: Arial,sans-serif; font-size: 14px; font-style: normal; font-weight: normal; line-height: 17px;\" href=\"https:\/\/www.instagram.com\/nataliajimenezoficial\/?utm_source=ig_embed&amp;utm_campaign=loading\" target=\"_blank\" rel=\"noopener\"> Natalia Jimenez<\/a> (@nataliajimenezoficial) el <time style=\"font-family: Arial,sans-serif; font-size: 14px; line-height: 17px;\" datetime=\"2019-08-22T20:52:53+00:00\">22 Ago, 2019 a las 1:52 PDT<\/time><\/p>\n<\/div>\n<\/blockquote>\n<p><script async src=\"\/\/www.instagram.com\/embed.js\"><\/script><\/p>\n<p>Esto fue dado a conocer por parte de la misma cantante, quien en una conferencia con los medios de comunicaci\u00f3n en pleno <strong>lanzamiento de su disco<\/strong>, expres\u00f3 que invit\u00f3 al integrante de la Dinast\u00eda Fern\u00e1ndez, en vista de que hay pocos j\u00f3venes del regional mexicano en el g\u00e9nero de <strong>mariachi <\/strong>y bien podr\u00eda ser el candidato ideal para hacer una mancuerna con \u00e9l para llegar a una audiencia nueva.<\/p>\n<p>Pero <strong>este dueto no pudo llevarse a cabo<\/strong>, pues Alex Jr nunca lleg\u00f3 a la grabaci\u00f3n.<\/p>\n<blockquote><p>&#8220;De hecho invit\u00e9 a Alex Fern\u00e1ndez y nunca lleg\u00f3, entonces no s\u00e9, pues por eso no est\u00e1 en el disco\u201d. Luego Natalia se r\u00ede y reitera: \u201cPorque invitado estaba, si\u2026\u201d<\/p><\/blockquote>\n<p>https:\/\/www.facebook.com\/watch\/?v=428074291390233<\/p>\n<p>Quiz\u00e1s tambi\u00e9n te interese:\u00a0<a class=\"post-title post-url\" href=\"https:\/\/rolamix.com\/espectaculos\/banda-ms-estrena-nueva-version-de-el-color-de-tus-ojos-a-dueto-con-natalia-jimenez\/\">Banda MS Estrena Nueva Versi\u00f3n De \u201cEl Color De Tus Ojos\u201d A Dueto Con Natalia J\u00edmenez<\/a><\/p>\n<p>Esto caus\u00f3 revuelo en los medios del espect\u00e1culo, quienes se preguntaban por qu\u00e9 har\u00eda esto Alex Fern\u00e1ndez, e incluso llegaron a tildarlo de \u201cDivo\u201d.<\/p>\n<p>No obstante, la int\u00e9rprete de \u201cMe muero por besarte\u201d manifest\u00f3 que otros cantantes del g\u00e9nero vern\u00e1culo si aceptaron su invitaci\u00f3n. Y m\u00e1s tarde en otra de sus entrevistas, revel\u00f3 que el cantante <strong>no se present\u00f3 por motivos de salud,<\/strong> pues se enferm\u00f3. Pero que igualmente ella lo tomar\u00e1 en cuenta para una pr\u00f3xima oportunidad.<\/p>\n<p><iframe loading=\"lazy\" width=\"1170\" height=\"658\" src=\"https:\/\/www.youtube.com\/embed\/WqBzuj3N_2A?wmode=transparent&amp;rel=0&amp;feature=oembed\" frameborder=\"0\" allow=\"accelerometer; autoplay; encrypted-media; gyroscope; picture-in-picture\" allowfullscreen><\/iframe><\/p>\n<p>Pese a este inesperado acontecimiento, Natalia Jim\u00e9nez luci\u00f3 resplandeciente y con una sonrisa en el rostro durante toda la presentaci\u00f3n oficial de su homenaje a M\u00e9xico mediante su nuevo \u00e1lbum discogr\u00e1fico, el cual trae grandes sorpresas como por ejemplo; una interpretaci\u00f3n del tema \u201c<strong>Amor eterno\u201d en honor a Juan Gabriel<\/strong>.<\/p>\n<blockquote class=\"instagram-media\" style=\"background: #FFF; border: 0; border-radius: 3px; box-shadow: 0 0 1px 0 rgba(0,0,0,0.5),0 1px 10px 0 rgba(0,0,0,0.15); margin: 1px; max-width: 540px; min-width: 326px; padding: 0; width: calc(100% - 2px);\" data-instgrm-captioned=\"\" data-instgrm-permalink=\"https:\/\/www.instagram.com\/p\/B1wdlspgcuO\/?utm_source=ig_embed&amp;utm_campaign=loading\" data-instgrm-version=\"12\">\n<div style=\"padding: 16px;\">\n<p>&nbsp;<\/p>\n<div style=\"display: flex; flex-direction: row; align-items: center;\">\n<div style=\"background-color: #f4f4f4; border-radius: 50%; flex-grow: 0; height: 40px; margin-right: 14px; width: 40px;\"><\/div>\n<div style=\"display: flex; flex-direction: column; flex-grow: 1; justify-content: center;\">\n<div style=\"background-color: #f4f4f4; border-radius: 4px; flex-grow: 0; height: 14px; margin-bottom: 6px; width: 100px;\"><\/div>\n<div style=\"background-color: #f4f4f4; border-radius: 4px; flex-grow: 0; height: 14px; width: 60px;\"><\/div>\n<\/div>\n<\/div>\n<div style=\"padding: 19% 0;\"><\/div>\n<div style=\"display: block; height: 50px; margin: 0 auto 12px; width: 50px;\"><\/div>\n<div style=\"padding-top: 8px;\">\n<div style=\"color: #3897f0; font-family: Arial,sans-serif; font-size: 14px; font-style: normal; font-weight: 550; line-height: 18px;\">Ver esta publicaci\u00f3n en Instagram<\/div>\n<\/div>\n<div style=\"padding: 12.5% 0;\"><\/div>\n<div style=\"display: flex; flex-direction: row; margin-bottom: 14px; align-items: center;\">\n<div>\n<div style=\"background-color: #f4f4f4; border-radius: 50%; height: 12.5px; width: 12.5px; transform: translateX(0px) translateY(7px);\"><\/div>\n<div style=\"background-color: #f4f4f4; height: 12.5px; transform: rotate(-45deg) translateX(3px) translateY(1px); width: 12.5px; flex-grow: 0; margin-right: 14px; margin-left: 2px;\"><\/div>\n<div style=\"background-color: #f4f4f4; border-radius: 50%; height: 12.5px; width: 12.5px; transform: translateX(9px) translateY(-18px);\"><\/div>\n<\/div>\n<div style=\"margin-left: 8px;\">\n<div style=\"background-color: #f4f4f4; border-radius: 50%; flex-grow: 0; height: 20px; width: 20px;\"><\/div>\n<div style=\"width: 0; height: 0; border-top: 2px solid transparent; border-left: 6px solid #f4f4f4; border-bottom: 2px solid transparent; transform: translateX(16px) translateY(-4px) rotate(30deg);\"><\/div>\n<\/div>\n<div style=\"margin-left: auto;\">\n<div style=\"width: 0px; border-top: 8px solid #F4F4F4; border-right: 8px solid transparent; transform: translateY(16px);\"><\/div>\n<div style=\"background-color: #f4f4f4; flex-grow: 0; height: 12px; width: 16px; transform: translateY(-4px);\"><\/div>\n<div style=\"width: 0; height: 0; border-top: 8px solid #F4F4F4; border-left: 8px solid transparent; transform: translateY(-4px) translateX(8px);\"><\/div>\n<\/div>\n<\/div>\n<p>&nbsp;<\/p>\n<p style=\"margin: 8px 0 0 0; padding: 0 4px;\"><a style=\"color: #000; font-family: Arial,sans-serif; font-size: 14px; font-style: normal; font-weight: normal; line-height: 17px; text-decoration: none; word-wrap: break-word;\" href=\"https:\/\/www.instagram.com\/p\/B1wdlspgcuO\/?utm_source=ig_embed&amp;utm_campaign=loading\" target=\"_blank\" rel=\"noopener\">Les manda saludos #NataliaJimenez esperamos su nuevo material ??<\/a><\/p>\n<p style=\"color: #c9c8cd; font-family: Arial,sans-serif; font-size: 14px; line-height: 17px; margin-bottom: 0; margin-top: 8px; overflow: hidden; padding: 8px 0 7px; text-align: center; text-overflow: ellipsis; white-space: nowrap;\">Una publicaci\u00f3n compartida de <a style=\"color: #c9c8cd; font-family: Arial,sans-serif; font-size: 14px; font-style: normal; font-weight: normal; line-height: 17px;\" href=\"https:\/\/www.instagram.com\/serchosantillan\/?utm_source=ig_embed&amp;utm_campaign=loading\" target=\"_blank\" rel=\"noopener\"> Sergio Santillan<\/a> (@serchosantillan) el <time style=\"font-family: Arial,sans-serif; font-size: 14px; line-height: 17px;\" datetime=\"2019-08-29T18:03:02+00:00\">29 Ago, 2019 a las 11:03 PDT<\/time><\/p>\n<\/div>\n<\/blockquote>\n<p><script async src=\"\/\/www.instagram.com\/embed.js\"><\/script><\/p>\n<p>Asimismo, la cantante espa\u00f1ola unir\u00e1 su poderosa voz con <strong>reconocidos exponentes del g\u00e9nero regional mexicano<\/strong> y dejar\u00e1 demostrado que as\u00ed como domina canciones del g\u00e9nero de baladas y pop, tambi\u00e9n lo hace muy bien con la m\u00fasica propia de M\u00e9xico.<\/p>\n","protected":false},"excerpt":{"rendered":"<p>La ex vocalista de La Quinta Estaci\u00f3n, Natalia Jim\u00e9nez se encuentra en pleno lanzamiento de su nuevo \u00e1lbum \u201cM\u00e9xico de mi coraz\u00f3n\u201d, el cual representa un tibuto para esta tierra que la cantante espa\u00f1ola tambi\u00e9n siente como suya. \u201c(\u2026) Pues yo me siento mexicana, pues como dice Chavela Vargas los mexicanos nacemos donde nos da [&hellip;]<\/p>\n","protected":false},"author":8,"featured_media":10222,"comment_status":"open","ping_status":"closed","sticky":false,"template":"","format":"standard","meta":{"footnotes":""},"categories":[2],"tags":[],"class_list":["post-10221","post","type-post","status-publish","format-standard","has-post-thumbnail","hentry","category-noticias"],"aioseo_notices":[],"_links":{"self":[{"href":"https:\/\/rolamix.com\/espectaculos\/wp-json\/wp\/v2\/posts\/10221","targetHints":{"allow":["GET"]}}],"collection":[{"href":"https:\/\/rolamix.com\/espectaculos\/wp-json\/wp\/v2\/posts"}],"about":[{"href":"https:\/\/rolamix.com\/espectaculos\/wp-json\/wp\/v2\/types\/post"}],"author":[{"embeddable":true,"href":"https:\/\/rolamix.com\/espectaculos\/wp-json\/wp\/v2\/users\/8"}],"replies":[{"embeddable":true,"href":"https:\/\/rolamix.com\/espectaculos\/wp-json\/wp\/v2\/comments?post=10221"}],"version-history":[{"count":0,"href":"https:\/\/rolamix.com\/espectaculos\/wp-json\/wp\/v2\/posts\/10221\/revisions"}],"wp:featuredmedia":[{"embeddable":true,"href":"https:\/\/rolamix.com\/espectaculos\/wp-json\/wp\/v2\/media\/10222"}],"wp:attachment":[{"href":"https:\/\/rolamix.com\/espectaculos\/wp-json\/wp\/v2\/media?parent=10221"}],"wp:term":[{"taxonomy":"category","embeddable":true,"href":"https:\/\/rolamix.com\/espectaculos\/wp-json\/wp\/v2\/categories?post=10221"},{"taxonomy":"post_tag","embeddable":true,"href":"https:\/\/rolamix.com\/espectaculos\/wp-json\/wp\/v2\/tags?post=10221"}],"curies":[{"name":"wp","href":"https:\/\/api.w.org\/{rel}","templated":true}]}}