{"id":10744,"date":"2019-09-22T21:02:13","date_gmt":"2019-09-23T04:02:13","guid":{"rendered":"https:\/\/rolamix.com\/espectaculos\/?p=10744"},"modified":"2019-09-22T21:03:02","modified_gmt":"2019-09-23T04:03:02","slug":"biografia-aldo-trujillo","status":"publish","type":"post","link":"https:\/\/rolamix.com\/espectaculos\/biografia-aldo-trujillo\/","title":{"rendered":"Biograf\u00eda Aldo Trujillo: El nuevo valor sonorense del regional mexicano"},"content":{"rendered":"<p>Aldo Alfonso Trujillo Calleja, mejor conocido como Aldo Trujillo es un cantante, m\u00fasico, compositor, arreglista y productor musical mexicano, que naci\u00f3 el 18 de junio de 1998, en Caborca, Sonora, M\u00e9xico.<\/p>\n<p>El propio Aldo define su estilo musical diciendo: \u201ces regional mexicano pero diferente\u201d, porque incluye m\u00fasica campirana y sonidos de la sierra, as\u00ed como, algo de estilo progresivo. Y es que este joven cantautor se inici\u00f3 a trav\u00e9s de un corrido progresivo, de su autor\u00eda, llamado \u201cEl Joven R5\u201d.<\/p>\n<p>Dado que Aldo Trujillo es un millenial, sus primeros pasos en la m\u00fasica, los ha dado gracias al Internet, a trav\u00e9s de Facebook, Instagram, Twitter y YouTube. Y es que las redes han sido el camino natural de Aldo para darse a conocer y donde ha sido apreciado y apoyado como un verdadero nuevo talento musical mexicano.<\/p>\n<p>Es uno de esos fen\u00f3menos musicales, cuya carrera naci\u00f3 en las redes sociales, desde donde su m\u00fasica ha migrado a las disqueras y a los escenarios. Este \u00e9xito, se debe mayormente a que Aldo es un joven disciplinado, que se toma muy en serio trabajar en sus producciones musicales. Estas ventajas personales, le han permitido crecer y consolidar su carrera, desde el inicio y m\u00e1s ahora, cuando cuenta con el apoyo de su disquera y promotora AD Records, Inc.<\/p>\n<p>Cada d\u00eda,<strong> Aldo Trujillo<\/strong> sigue avanzando en el camino que le permita la consolidaci\u00f3n de su carrera. Este talentoso int\u00e9rprete est\u00e1 cimentando a paso firme, su andar en la m\u00fasica regional mexicana. Hoy en d\u00eda, sigue preparando material para llegar al gusto de la gente.<\/p>\n<figure id=\"attachment_10747\" aria-describedby=\"caption-attachment-10747\" style=\"width: 960px\" class=\"wp-caption aligncenter\"><a href=\"https:\/\/www.facebook.com\/aldotrujillooficial\/photos\/a.1622152371358403\/2356948847878748\/?type=3&amp;theater\"><img loading=\"lazy\" decoding=\"async\" class=\"wp-image-10747 size-full\" src=\"https:\/\/rolamix.com\/espectaculos\/wp-content\/uploads\/2019\/09\/biografia-aldo-trujillo-rolamix-1.jpg\" alt=\"\" width=\"960\" height=\"646\" srcset=\"https:\/\/rolamix.com\/espectaculos\/wp-content\/uploads\/2019\/09\/biografia-aldo-trujillo-rolamix-1.jpg 960w, https:\/\/rolamix.com\/espectaculos\/wp-content\/uploads\/2019\/09\/biografia-aldo-trujillo-rolamix-1-300x202.jpg 300w, https:\/\/rolamix.com\/espectaculos\/wp-content\/uploads\/2019\/09\/biografia-aldo-trujillo-rolamix-1-768x517.jpg 768w\" sizes=\"auto, (max-width: 960px) 100vw, 960px\" \/><\/a><figcaption id=\"caption-attachment-10747\" class=\"wp-caption-text\">Foto v\u00eda Facebook<\/figcaption><\/figure>\n<h2>Historia de Aldo Trujillo<\/h2>\n<p>Aldo mostr\u00f3 desde muy peque\u00f1o su gusto por la m\u00fasica, al sorprender a todos, a los cuatro a\u00f1os, cuando sacaba melod\u00edas infantiles en un teclado de juguete. Por eso, a los nueve a\u00f1os, le pidi\u00f3 a su pap\u00e1 que le comprara una guitarra de segunda mano, que vend\u00eda un vecino.<\/p>\n<p>Su padre acept\u00f3 comprar la guitarra, con la condici\u00f3n de que le echara ganas para aprender a tocarla, a lo que el peque\u00f1o Aldo se comprometi\u00f3. As\u00ed, pas\u00f3 de un teclado a una guitarra, para continuar el desarrollo de sus habilidades\u00a0 musicales.<\/p>\n<p>Luego de eso, comenz\u00f3 a recolectar instrumentos, micr\u00f3fonos, cables y equipos digitales para producir temas musicales. Con los cuales, junto a un viejo equipo de audio de su pap\u00e1, a los 16 a\u00f1os, inici\u00f3 la grabaci\u00f3n de un disco casero, con la ayuda de un amigo. Armaron una portada para el disco con el poco material con el que contaban y, despu\u00e9s, lo pusieron a sonar, mostr\u00e1ndolo en las redes sociales.<\/p>\n<p>Estos medios tecnol\u00f3gicos, le permiti\u00f3 a Aldo ampliar su audiencia y seguidores, hasta que el material lleg\u00f3 a o\u00eddos de una disquera que se interes\u00f3 por sus producciones. A partir de ese momento, el joven talento cont\u00f3 con el apoyo de la disquera para comenzar su carrera art\u00edstica con mayor fuerza.<\/p>\n<h2>Historia de Aldo Trujillo como Compositor<\/h2>\n<p>Cerca de los 11 a\u00f1os, Aldo Trujillo compuso su primera canci\u00f3n, cuyo tema giraba alrededor de una experiencia propia. A partir de all\u00ed, sigui\u00f3 componiendo, usando su creatividad para escribir las letras y utilizando sus habilidades para crear melod\u00edas originales.<\/p>\n<p>En la actualidad, Aldo compone el 90 % de las canciones que canta y que forman parte de las producciones musicales con las que deleita a su p\u00fablico. Su \u00faltima producci\u00f3n \u201cTodos Hablan, Nada Saben\u201d de su propia autor\u00eda, cuenta con el respaldo de la disquera RB Music y se est\u00e1 promocionando en M\u00e9xico y Estados Unidos.<\/p>\n<h2>Discograf\u00eda de Aldo Trujillo<\/h2>\n<p>El destacado cantautor ya cuenta con 5 a\u00f1os de trayectoria musical, y desde que comez\u00f3 si discograf\u00eda no ha parado de crecer. Con apenas 21 a\u00f1os, Aldo Trujillo ya tiene 6 discos grabados:<\/p>\n<ul>\n<li>Forjando El Sendero (2014)<\/li>\n<li>Mi Estilo As\u00ed Es (2015)<\/li>\n<li>No Se Vayan Con La Finta (2017)<\/li>\n<li>Muchacho Fracasado (2018)<\/li>\n<li>Todos Hablan, Nada Saben (2018)<\/li>\n<li>Hoy Estoy Aqu\u00ed (2019)<\/li>\n<\/ul>\n<h2>Sencillos<\/h2>\n<p>Las canciones y sencillos m\u00e1s exitosos de Aldo Trujillo son:<\/p>\n<ul>\n<li>\u201cEl Joven R5\u201d (2015)<\/li>\n<li>\u201cPor la Baja los Ver\u00e1n\u201d (2016)<\/li>\n<li>\u201cNo Se Vayan Con la Finta\u201d (2017)<\/li>\n<li>\u201cCr\u00f3nicas de Mi Pasado\u201d, \u201cEl de Negro\u201d, \u201cEn Chicago Yo Nac\u00ed\u201d, \u201cSaquen la Farlopa\u201d, \u201cMi Estilo de Vida\u201d, \u201cEn California Andar\u00e1\u201d, de la producci\u00f3n musical \u201cMuchacho Fracasado\u201d (2018).<\/li>\n<li>\u201cCon Olor a Cuero\u201d (2018)<\/li>\n<li>\u201cBarras de Acero\u201d (2018)<\/li>\n<li>\u201cTenemos que Hablar\u201d (2018)<\/li>\n<li>\u201cEl Ray\u201d, \u201cEl Sencillo\u201d, \u201cSigan Pensando\u201d, \u201cLos A\u00f1os Dicen Poco\u201d, \u201cMe Pienso Marchar\u201d, \u201cLucia Tan Bella\u201d y \u201cTodos Hablan Nada Saben\u201d, del disco titulado como \u00e9sta \u00faltima canci\u00f3n (2018).<\/li>\n<li>\u201cCon Mis Pulgares\u201d, \u201cDe La Calle Al \u00c9xito\u201d, \u201cCampe\u00f3n\u201d, \u201cNo Se Ofendan\u201d, \u201cLo Que Me Rodea\u201d, \u201cLo Que M\u00e1s Te Duele\u201d y \u201cTony Cash\u201d, del disco \u201cHoy Estoy Aqu\u00ed\u201d (2019).<\/li>\n<li>\u201cPor Los Emiratos (feat. La Decima Banda)\u201d (2019)<\/li>\n<li>\u201cSolo Quiero Brillar (En Vivo)\u201d (2019)<\/li>\n<li>\u201cGolpes De La Vida\u201d (2019)<\/li>\n<li>\u201cAndo Waxeado\u201d (2019)<\/li>\n<\/ul>\n<h2>Biograf\u00eda de Aldo Trujillo: Videograf\u00eda<\/h2>\n<p>Es indispensable enumerar los v\u00eddeos que Aldo Trujillo ha grabado para acompa\u00f1ar a sus canciones. Sus producciones audiovisuales que m\u00e1s visualizaciones han tenido son:<\/p>\n<ul>\n<li>Ni Me Miraron<\/li>\n<li>El Sencillo<\/li>\n<li>Miguelazo<\/li>\n<li>Soy o No Soy<\/li>\n<li>Todos Hablan, Nadie Sabe<\/li>\n<li>En Chicago Yo Nac\u00ed<\/li>\n<li>Muchacho Fracasado<\/li>\n<li>Mi M\u00e1s Grande Error<\/li>\n<li>Qu\u00e9 Triste Me Qued\u00e9<\/li>\n<li>D\u00e9jate Querer<\/li>\n<li>Como Sangre En Mis Venas<\/li>\n<li>Hoy Estoy Aqu\u00ed<\/li>\n<\/ul>\n<h2>Biograf\u00eda de Aldo Trujillo: Premios y Reconocimientos<\/h2>\n<p>Aldo ha sido nominado a los Premios de la Radio 2018 en la categor\u00eda \u201c<em>De las Redes a la Radio\u201d<\/em>, para destacar el gran salto que ha dado para avanzar en su carrera.<\/p>\n<figure id=\"attachment_10748\" aria-describedby=\"caption-attachment-10748\" style=\"width: 960px\" class=\"wp-caption aligncenter\"><a href=\"https:\/\/www.facebook.com\/aldotrujillooficial\/photos\/a.1622152371358403\/2195776763995958\"><img loading=\"lazy\" decoding=\"async\" class=\"wp-image-10748 size-full\" src=\"https:\/\/rolamix.com\/espectaculos\/wp-content\/uploads\/2019\/09\/biografia-aldo-trujillo-rolamix-3.jpg\" alt=\"Biograf\u00eda Aldo Trujillo: El nuevo valor sonorense del regional mexicano\" width=\"960\" height=\"639\" srcset=\"https:\/\/rolamix.com\/espectaculos\/wp-content\/uploads\/2019\/09\/biografia-aldo-trujillo-rolamix-3.jpg 960w, https:\/\/rolamix.com\/espectaculos\/wp-content\/uploads\/2019\/09\/biografia-aldo-trujillo-rolamix-3-300x200.jpg 300w, https:\/\/rolamix.com\/espectaculos\/wp-content\/uploads\/2019\/09\/biografia-aldo-trujillo-rolamix-3-768x511.jpg 768w\" sizes=\"auto, (max-width: 960px) 100vw, 960px\" \/><\/a><figcaption id=\"caption-attachment-10748\" class=\"wp-caption-text\">Foto v\u00eda Facebook<\/figcaption><\/figure>\n<h2>Biograf\u00eda de Aldo Trujillo: Presentaciones<\/h2>\n<p>En la biograf\u00eda de Aldo Trujillo resaltan la gran cantidad de presentaciones en vivo que est\u00e1 realizando por todo M\u00e9xico. Aunque Aldo desarroll\u00f3 su carrera en el norte de M\u00e9xico, ahora se le ve cantar por todo el pa\u00eds y tambi\u00e9n en Estados Unidos.<\/p>\n<p>En 2019, se ha presentado en:<\/p>\n<ul>\n<li>Ciudad Guzm\u00e1n, junto a Fidel Rueda y Pancho Barraza, el 17 de febrero.<\/li>\n<li>Los escenarios de La Pirata de Guadalajara, el pasado 16 de marzo.<\/li>\n<li>El Estadio Teodoro Mariscal de Mazatl\u00e1n junto a Pancho Barraza, Kevin Ortiz y La D\u00e9cima Banda, el reciente 6 de abril.<\/li>\n<li>El Palenque de la Feria de Tepabril 2019, en Jalisco, junto a Fidel Rueda y Perdidos de Sinaloa, el 21 de abril.<\/li>\n<li>Ciudad Obreg\u00f3n, con norte\u00f1o y banda, el 8 de junio.<\/li>\n<li>El Rancho Ochoa en Phoenix, Arizona, el 7 de septiembre.<\/li>\n<\/ul>\n<p>Igualmente, est\u00e1 preparando presentaciones tanto en M\u00e9xico como en Estados Unidos en:<\/p>\n<ul>\n<li>La Feria del Teatro del Pueblo, en Huejucar, Jalisco, el 28 de septiembre.<\/li>\n<li>La Amanecida en los terrenos de la Feria de San Jos\u00e9, California, el 2 de noviembre junto al Grupo Firme y la Banda Renovaci\u00f3n de Culiac\u00e1n Sinaloa.<\/li>\n<\/ul>\n","protected":false},"excerpt":{"rendered":"<p>Aldo Alfonso Trujillo Calleja, mejor conocido como Aldo Trujillo es un cantante, m\u00fasico, compositor, arreglista y productor musical mexicano, que naci\u00f3 el 18 de junio de 1998, en Caborca, Sonora, M\u00e9xico. El propio Aldo define su estilo musical diciendo: \u201ces regional mexicano pero diferente\u201d, porque incluye m\u00fasica campirana y sonidos de la sierra, as\u00ed como, [&hellip;]<\/p>\n","protected":false},"author":6,"featured_media":10746,"comment_status":"open","ping_status":"closed","sticky":false,"template":"","format":"standard","meta":{"footnotes":""},"categories":[98],"tags":[811,77],"class_list":["post-10744","post","type-post","status-publish","format-standard","has-post-thumbnail","hentry","category-biografias","tag-aldo-trujillo","tag-regional-mexicano"],"aioseo_notices":[],"_links":{"self":[{"href":"https:\/\/rolamix.com\/espectaculos\/wp-json\/wp\/v2\/posts\/10744","targetHints":{"allow":["GET"]}}],"collection":[{"href":"https:\/\/rolamix.com\/espectaculos\/wp-json\/wp\/v2\/posts"}],"about":[{"href":"https:\/\/rolamix.com\/espectaculos\/wp-json\/wp\/v2\/types\/post"}],"author":[{"embeddable":true,"href":"https:\/\/rolamix.com\/espectaculos\/wp-json\/wp\/v2\/users\/6"}],"replies":[{"embeddable":true,"href":"https:\/\/rolamix.com\/espectaculos\/wp-json\/wp\/v2\/comments?post=10744"}],"version-history":[{"count":0,"href":"https:\/\/rolamix.com\/espectaculos\/wp-json\/wp\/v2\/posts\/10744\/revisions"}],"wp:featuredmedia":[{"embeddable":true,"href":"https:\/\/rolamix.com\/espectaculos\/wp-json\/wp\/v2\/media\/10746"}],"wp:attachment":[{"href":"https:\/\/rolamix.com\/espectaculos\/wp-json\/wp\/v2\/media?parent=10744"}],"wp:term":[{"taxonomy":"category","embeddable":true,"href":"https:\/\/rolamix.com\/espectaculos\/wp-json\/wp\/v2\/categories?post=10744"},{"taxonomy":"post_tag","embeddable":true,"href":"https:\/\/rolamix.com\/espectaculos\/wp-json\/wp\/v2\/tags?post=10744"}],"curies":[{"name":"wp","href":"https:\/\/api.w.org\/{rel}","templated":true}]}}