{"id":12038,"date":"2019-11-18T17:36:41","date_gmt":"2019-11-19T01:36:41","guid":{"rendered":"https:\/\/rolamix.com\/espectaculos\/?p=12038"},"modified":"2019-11-18T17:43:16","modified_gmt":"2019-11-19T01:43:16","slug":"los-envuelados-comienzan-el-vuelo-en-slingshot-circulando","status":"publish","type":"post","link":"https:\/\/rolamix.com\/espectaculos\/los-envuelados-comienzan-el-vuelo-en-slingshot-circulando\/","title":{"rendered":"&#8220;Los Envuelados&#8221; comienzan el vuelo \u201cEn Slingshot circulando\u201d"},"content":{"rendered":"<p>El quinteto que encabeza el grupo \u201c<strong>Los Envuelados<\/strong>\u201d, hace poco tiempo present\u00f3 el tema que representar\u00eda la primera probadita de su <strong>producci\u00f3n discogr\u00e1fica \u201cQue comience el vuelo\u201d,<\/strong> con la que pretenden consolidarse firmemente dentro del \u00e1mbito de la m\u00fasica regional mexicana.<\/p>\n<p>Se trata de un sencillo muy particular titulado \u201c<strong>En Slingshot Circulando<\/strong>\u201d, el cual es un <strong>corrido <\/strong>propio de la autor\u00eda de Anthony S\u00e1nchez, quien busca plasmar en su letra una serie de vivencias que reflejan reflexiones de vida relacionadas con la superaci\u00f3n, la verdadera amistad, los negocios y finalmente da un mensaje que incita a disfrutar de la vida d\u00eda a d\u00eda.<\/p>\n<p>Y para dar fuerza a este gran tema, la agrupaci\u00f3n oriunda de la ciudad de Laredo, Texas, en Estados Unidos, lanza conjuntamente el <strong>video oficial<\/strong> de esta historia en junio del a\u00f1o en curso grabado en su ciudad natal.<\/p>\n<p><iframe loading=\"lazy\" width=\"1170\" height=\"658\" src=\"https:\/\/www.youtube.com\/embed\/x6vr6f3Z7Pc?wmode=transparent&amp;rel=0&amp;feature=oembed\" frameborder=\"0\" allow=\"accelerometer; autoplay; encrypted-media; gyroscope; picture-in-picture\" allowfullscreen><\/iframe><\/p>\n<p>Hasta la fecha, el videoclip de \u201cEn Slingshot circulando\u201d, cuenta con <strong>miles de reproducciones en Facebook y <\/strong>en su canal oficial de <strong>Youtube<\/strong> \u201cLos Envuelados TV\u201d, en cuyo espacio tambi\u00e9n puede disfrutarse de otros de sus sencillos que desde hace dos a\u00f1os han comenzado a compartir con sus seguidores. Siendo algunos de sus temas iniciales m\u00e1s populares; \u201cSan Judas Tadeo\u201d y \u201cSe\u00f1or Presidente\u201d. Mientras que, m\u00e1s recientemente cuentan con canciones como; \u201cNo se confundan\u201d, \u201cEl W\u201d y \u201cEl Infierno\u201d que goza de m\u00e1s de 60 mil vistas.<\/p>\n<blockquote class=\"instagram-media\" style=\"background: #FFF; border: 0; border-radius: 3px; box-shadow: 0 0 1px 0 rgba(0,0,0,0.5),0 1px 10px 0 rgba(0,0,0,0.15); margin: 1px; max-width: 540px; min-width: 326px; padding: 0; width: calc(100% - 2px);\" data-instgrm-captioned=\"\" data-instgrm-permalink=\"https:\/\/www.instagram.com\/p\/Bu8HiO0lEE3\/?utm_source=ig_embed&amp;utm_campaign=loading\" data-instgrm-version=\"12\">\n<div style=\"padding: 16px;\">\n<p>&nbsp;<\/p>\n<div style=\"display: flex; flex-direction: row; align-items: center;\">\n<div style=\"background-color: #f4f4f4; border-radius: 50%; flex-grow: 0; height: 40px; margin-right: 14px; width: 40px;\"><\/div>\n<div style=\"display: flex; flex-direction: column; flex-grow: 1; justify-content: center;\">\n<div style=\"background-color: #f4f4f4; border-radius: 4px; flex-grow: 0; height: 14px; margin-bottom: 6px; width: 100px;\"><\/div>\n<div style=\"background-color: #f4f4f4; border-radius: 4px; flex-grow: 0; height: 14px; width: 60px;\"><\/div>\n<\/div>\n<\/div>\n<div style=\"padding: 19% 0;\"><\/div>\n<div style=\"display: block; height: 50px; margin: 0 auto 12px; width: 50px;\"><\/div>\n<div style=\"padding-top: 8px;\">\n<div style=\"color: #3897f0; font-family: Arial,sans-serif; font-size: 14px; font-style: normal; font-weight: 550; line-height: 18px;\">View this post on Instagram<\/div>\n<\/div>\n<div style=\"padding: 12.5% 0;\"><\/div>\n<div style=\"display: flex; flex-direction: row; margin-bottom: 14px; align-items: center;\">\n<div>\n<div style=\"background-color: #f4f4f4; border-radius: 50%; height: 12.5px; width: 12.5px; transform: translateX(0px) translateY(7px);\"><\/div>\n<div style=\"background-color: #f4f4f4; height: 12.5px; transform: rotate(-45deg) translateX(3px) translateY(1px); width: 12.5px; flex-grow: 0; margin-right: 14px; margin-left: 2px;\"><\/div>\n<div style=\"background-color: #f4f4f4; border-radius: 50%; height: 12.5px; width: 12.5px; transform: translateX(9px) translateY(-18px);\"><\/div>\n<\/div>\n<div style=\"margin-left: 8px;\">\n<div style=\"background-color: #f4f4f4; border-radius: 50%; flex-grow: 0; height: 20px; width: 20px;\"><\/div>\n<div style=\"width: 0; height: 0; border-top: 2px solid transparent; border-left: 6px solid #f4f4f4; border-bottom: 2px solid transparent; transform: translateX(16px) translateY(-4px) rotate(30deg);\"><\/div>\n<\/div>\n<div style=\"margin-left: auto;\">\n<div style=\"width: 0px; border-top: 8px solid #F4F4F4; border-right: 8px solid transparent; transform: translateY(16px);\"><\/div>\n<div style=\"background-color: #f4f4f4; flex-grow: 0; height: 12px; width: 16px; transform: translateY(-4px);\"><\/div>\n<div style=\"width: 0; height: 0; border-top: 8px solid #F4F4F4; border-left: 8px solid transparent; transform: translateY(-4px) translateX(8px);\"><\/div>\n<\/div>\n<\/div>\n<p>&nbsp;<\/p>\n<p style=\"margin: 8px 0 0 0; padding: 0 4px;\"><a style=\"color: #000; font-family: Arial,sans-serif; font-size: 14px; font-style: normal; font-weight: normal; line-height: 17px; text-decoration: none; word-wrap: break-word;\" href=\"https:\/\/www.instagram.com\/p\/Bu8HiO0lEE3\/?utm_source=ig_embed&amp;utm_campaign=loading\" target=\"_blank\" rel=\"noopener\">Gracias a ustedes enserio ?? #100kviews #1week #enslingshotcirculando #al100ypasaditos #envuelados<\/a><\/p>\n<p style=\"color: #c9c8cd; font-family: Arial,sans-serif; font-size: 14px; line-height: 17px; margin-bottom: 0; margin-top: 8px; overflow: hidden; padding: 8px 0 7px; text-align: center; text-overflow: ellipsis; white-space: nowrap;\">A post shared by <a style=\"color: #c9c8cd; font-family: Arial,sans-serif; font-size: 14px; font-style: normal; font-weight: normal; line-height: 17px;\" href=\"https:\/\/www.instagram.com\/losenvueladosoficial\/?utm_source=ig_embed&amp;utm_campaign=loading\" target=\"_blank\" rel=\"noopener\"> Los Envuelados<\/a> (@losenvueladosoficial) on <time style=\"font-family: Arial,sans-serif; font-size: 14px; line-height: 17px;\" datetime=\"2019-03-13T07:00:39+00:00\">Mar 13, 2019 at 12:00am PDT<\/time><\/p>\n<\/div>\n<\/blockquote>\n<p><script async src=\"\/\/www.instagram.com\/embed.js\"><\/script><br \/>\nIndiscutiblemente, este grupo a base de su esfuerzo, talento y dedicaci\u00f3n, sigue escalando posiciones dentro del g\u00e9nero, pues su gran meta es lograr <strong>trascender su m\u00fasica a gran escala<\/strong>. Y tal parece que van en la direcci\u00f3n correcta, pues \u00faltimamente su agenda ha estado repleta de presentaciones, e incluso han logrado compartir escenario con grandes exponentes del regional mexicano. Tal como fue el caso con <strong>S\u00e9ptima Banda<\/strong>, con quien se presentaron el pasado mes de Septiembre en Austin, Texas.<\/p>\n<blockquote class=\"instagram-media\" style=\"background: #FFF; border: 0; border-radius: 3px; box-shadow: 0 0 1px 0 rgba(0,0,0,0.5),0 1px 10px 0 rgba(0,0,0,0.15); margin: 1px; max-width: 540px; min-width: 326px; padding: 0; width: calc(100% - 2px);\" data-instgrm-captioned=\"\" data-instgrm-permalink=\"https:\/\/www.instagram.com\/p\/B2KmpgRlcmg\/?utm_source=ig_embed&amp;utm_campaign=loading\" data-instgrm-version=\"12\">\n<div style=\"padding: 16px;\">\n<p>&nbsp;<\/p>\n<div style=\"display: flex; flex-direction: row; align-items: center;\">\n<div style=\"background-color: #f4f4f4; border-radius: 50%; flex-grow: 0; height: 40px; margin-right: 14px; width: 40px;\"><\/div>\n<div style=\"display: flex; flex-direction: column; flex-grow: 1; justify-content: center;\">\n<div style=\"background-color: #f4f4f4; border-radius: 4px; flex-grow: 0; height: 14px; margin-bottom: 6px; width: 100px;\"><\/div>\n<div style=\"background-color: #f4f4f4; border-radius: 4px; flex-grow: 0; height: 14px; width: 60px;\"><\/div>\n<\/div>\n<\/div>\n<div style=\"padding: 19% 0;\"><\/div>\n<div style=\"display: block; height: 50px; margin: 0 auto 12px; width: 50px;\"><\/div>\n<div style=\"padding-top: 8px;\">\n<div style=\"color: #3897f0; font-family: Arial,sans-serif; font-size: 14px; font-style: normal; font-weight: 550; line-height: 18px;\">Ver esta publicaci\u00f3n en Instagram<\/div>\n<\/div>\n<div style=\"padding: 12.5% 0;\"><\/div>\n<div style=\"display: flex; flex-direction: row; margin-bottom: 14px; align-items: center;\">\n<div>\n<div style=\"background-color: #f4f4f4; border-radius: 50%; height: 12.5px; width: 12.5px; transform: translateX(0px) translateY(7px);\"><\/div>\n<div style=\"background-color: #f4f4f4; height: 12.5px; transform: rotate(-45deg) translateX(3px) translateY(1px); width: 12.5px; flex-grow: 0; margin-right: 14px; margin-left: 2px;\"><\/div>\n<div style=\"background-color: #f4f4f4; border-radius: 50%; height: 12.5px; width: 12.5px; transform: translateX(9px) translateY(-18px);\"><\/div>\n<\/div>\n<div style=\"margin-left: 8px;\">\n<div style=\"background-color: #f4f4f4; border-radius: 50%; flex-grow: 0; height: 20px; width: 20px;\"><\/div>\n<div style=\"width: 0; height: 0; border-top: 2px solid transparent; border-left: 6px solid #f4f4f4; border-bottom: 2px solid transparent; transform: translateX(16px) translateY(-4px) rotate(30deg);\"><\/div>\n<\/div>\n<div style=\"margin-left: auto;\">\n<div style=\"width: 0px; border-top: 8px solid #F4F4F4; border-right: 8px solid transparent; transform: translateY(16px);\"><\/div>\n<div style=\"background-color: #f4f4f4; flex-grow: 0; height: 12px; width: 16px; transform: translateY(-4px);\"><\/div>\n<div style=\"width: 0; height: 0; border-top: 8px solid #F4F4F4; border-left: 8px solid transparent; transform: translateY(-4px) translateX(8px);\"><\/div>\n<\/div>\n<\/div>\n<p>&nbsp;<\/p>\n<p style=\"margin: 8px 0 0 0; padding: 0 4px;\"><a style=\"color: #000; font-family: Arial,sans-serif; font-size: 14px; font-style: normal; font-weight: normal; line-height: 17px; text-decoration: none; word-wrap: break-word;\" href=\"https:\/\/www.instagram.com\/p\/B2KmpgRlcmg\/?utm_source=ig_embed&amp;utm_campaign=loading\" target=\"_blank\" rel=\"noopener\">Nos vemos este 21 de septiembre en @malavidaaustin compartiendo escenario con @laseptimabanda #seguritosegurito #al100ypasaditos?#austintx #6thstreet<\/a><\/p>\n<p style=\"color: #c9c8cd; font-family: Arial,sans-serif; font-size: 14px; line-height: 17px; margin-bottom: 0; margin-top: 8px; overflow: hidden; padding: 8px 0 7px; text-align: center; text-overflow: ellipsis; white-space: nowrap;\">Una publicaci\u00f3n compartida de <a style=\"color: #c9c8cd; font-family: Arial,sans-serif; font-size: 14px; font-style: normal; font-weight: normal; line-height: 17px;\" href=\"https:\/\/www.instagram.com\/losenvueladosoficial\/?utm_source=ig_embed&amp;utm_campaign=loading\" target=\"_blank\" rel=\"noopener\"> Los Envuelados<\/a> (@losenvueladosoficial) el <time style=\"font-family: Arial,sans-serif; font-size: 14px; line-height: 17px;\" datetime=\"2019-09-08T21:41:39+00:00\">8 Sep, 2019 a las 2:41 PDT<\/time><\/p>\n<\/div>\n<\/blockquote>\n<p><script async src=\"\/\/www.instagram.com\/embed.js\"><\/script><\/p>\n<p>Se espera que pr\u00f3ximamente sigan impulsando su repertorio musical a trav\u00e9s de <strong>espect\u00e1culos en vivo <\/strong>en distintas regiones de su pa\u00eds de origen, as\u00ed como posiblemente de M\u00e9xico en miras a un futuro cercano. Para seguir m\u00e1s de cerca a estos cinco chicos talentosos envuelados, puedes unirte a sus redes sociales:<\/p>\n<p>Facebook: <a href=\"https:\/\/www.facebook.com\/envuelados.envuelados.7\/\">envuelados.envuelados.7<\/a><\/p>\n<p>Instagram: <a href=\"https:\/\/www.instagram.com\/losenvueladosoficial\/\">@losenvueladosoficial<\/a><\/p>\n","protected":false},"excerpt":{"rendered":"<p>El quinteto que encabeza el grupo \u201cLos Envuelados\u201d, hace poco tiempo present\u00f3 el tema que representar\u00eda la primera probadita de su producci\u00f3n discogr\u00e1fica \u201cQue comience el vuelo\u201d, con la que pretenden consolidarse firmemente dentro del \u00e1mbito de la m\u00fasica regional mexicana. Se trata de un sencillo muy particular titulado \u201cEn Slingshot Circulando\u201d, el cual es [&hellip;]<\/p>\n","protected":false},"author":8,"featured_media":12039,"comment_status":"open","ping_status":"closed","sticky":false,"template":"","format":"standard","meta":{"footnotes":""},"categories":[2],"tags":[797,1445,1150,77],"class_list":["post-12038","post","type-post","status-publish","format-standard","has-post-thumbnail","hentry","category-noticias","tag-corridos","tag-los-envuelados","tag-promocion-de-sencillos","tag-regional-mexicano"],"aioseo_notices":[],"_links":{"self":[{"href":"https:\/\/rolamix.com\/espectaculos\/wp-json\/wp\/v2\/posts\/12038","targetHints":{"allow":["GET"]}}],"collection":[{"href":"https:\/\/rolamix.com\/espectaculos\/wp-json\/wp\/v2\/posts"}],"about":[{"href":"https:\/\/rolamix.com\/espectaculos\/wp-json\/wp\/v2\/types\/post"}],"author":[{"embeddable":true,"href":"https:\/\/rolamix.com\/espectaculos\/wp-json\/wp\/v2\/users\/8"}],"replies":[{"embeddable":true,"href":"https:\/\/rolamix.com\/espectaculos\/wp-json\/wp\/v2\/comments?post=12038"}],"version-history":[{"count":0,"href":"https:\/\/rolamix.com\/espectaculos\/wp-json\/wp\/v2\/posts\/12038\/revisions"}],"wp:featuredmedia":[{"embeddable":true,"href":"https:\/\/rolamix.com\/espectaculos\/wp-json\/wp\/v2\/media\/12039"}],"wp:attachment":[{"href":"https:\/\/rolamix.com\/espectaculos\/wp-json\/wp\/v2\/media?parent=12038"}],"wp:term":[{"taxonomy":"category","embeddable":true,"href":"https:\/\/rolamix.com\/espectaculos\/wp-json\/wp\/v2\/categories?post=12038"},{"taxonomy":"post_tag","embeddable":true,"href":"https:\/\/rolamix.com\/espectaculos\/wp-json\/wp\/v2\/tags?post=12038"}],"curies":[{"name":"wp","href":"https:\/\/api.w.org\/{rel}","templated":true}]}}