{"id":12113,"date":"2019-11-18T18:01:19","date_gmt":"2019-11-19T02:01:19","guid":{"rendered":"https:\/\/rolamix.com\/espectaculos\/?p=12113"},"modified":"2019-11-19T01:53:48","modified_gmt":"2019-11-19T09:53:48","slug":"indalfer-ochoa-presenta-su-nuevo-sencillo-dejame-olvidarte","status":"publish","type":"post","link":"https:\/\/rolamix.com\/espectaculos\/indalfer-ochoa-presenta-su-nuevo-sencillo-dejame-olvidarte\/","title":{"rendered":"Indalfer Ochoa presenta su nuevo sencillo \u201cD\u00e9jame olvidarte\u201d"},"content":{"rendered":"<p>El conductor, actor, m\u00fasico, compositor y cantante con ra\u00edces mexicanas, <strong>Indalfer Ochoa<\/strong>, estren\u00f3 recientemente un sencillo que sin duda, ya ha logrado acaparar la atenci\u00f3n de muchos, gracias al talento inigualable y romanticismo que le impregna el joven artista. Este nuevo tema se titula \u201c<strong>D\u00e9jame olvidarte<\/strong>\u201d y el mismo fue presentado oficialmente en sus redes sociales y en primicia para el <strong>programa \u201cTrend<\/strong>\u201d transmitido por El Heraldo Tv de M\u00e9xico.<\/p>\n<p>El 4 de octubre fue la fecha oficial de su lanzamiento y de su visita al estudio del canal, donde fue entrevistado por los conductores Alex Ivanisevic y Abe Nemer, quienes le brindaron una c\u00e1lida bienvenida e indagaron sobre los detalles de este nuevo material.<\/p>\n<p>Por cierto, \u201cD\u00e9jame olvidarte\u201d ya se encuentra <strong>disponible en las plataformas digitales<\/strong> m\u00e1s populares como; Spotify, Deezer, Amazon Music, iTunes, Claro Musica y por supuesto en Youtube, donde adem\u00e1s puede disfrutarse de su videoclip oficial que ya supera las 64 mil vistas.<\/p>\n<figure id=\"attachment_12114\" aria-describedby=\"caption-attachment-12114\" style=\"width: 750px\" class=\"wp-caption alignnone\"><img loading=\"lazy\" decoding=\"async\" class=\"wp-image-12114 size-full\" src=\"https:\/\/rolamix.com\/espectaculos\/wp-content\/uploads\/2019\/11\/Indalfer-Ochoa-en-el-programa-Trend.png\" alt=\"Indalfer Ochoa en el programa Trend\" width=\"750\" height=\"393\" srcset=\"https:\/\/rolamix.com\/espectaculos\/wp-content\/uploads\/2019\/11\/Indalfer-Ochoa-en-el-programa-Trend.png 750w, https:\/\/rolamix.com\/espectaculos\/wp-content\/uploads\/2019\/11\/Indalfer-Ochoa-en-el-programa-Trend-300x157.png 300w\" sizes=\"auto, (max-width: 750px) 100vw, 750px\" \/><figcaption id=\"caption-attachment-12114\" class=\"wp-caption-text\">Indalfer Ochoa en el programa Trend, presentando su nuevo sencillo &#8220;D\u00e9jame olvidarte&#8221; | foto v\u00eda captura youtube<\/figcaption><\/figure>\n<p>En la mencionada entrevista, se dio a conocer que esta pieza musical cuenta una historia muy peculiar entre dos personas que han mantenido una <strong>relaci\u00f3n amorosa que se torna t\u00f3xica<\/strong>. Pues uno de los implicados no quiere realmente estar con la otra persona, pero aun as\u00ed, no deja que se marche definitivamente. Para ello, contin\u00faa busc\u00e1ndole e insistiendo en funci\u00f3n de mantener el contacto mediante mensajes, llamadas, entre otros medios que, en definitiva, tornan da\u00f1ina dicha relaci\u00f3n.<\/p>\n<blockquote class=\"instagram-media\" style=\"background: #FFF; border: 0; border-radius: 3px; box-shadow: 0 0 1px 0 rgba(0,0,0,0.5),0 1px 10px 0 rgba(0,0,0,0.15); margin: 1px; max-width: 540px; min-width: 326px; padding: 0; width: calc(100% - 2px);\" data-instgrm-captioned=\"\" data-instgrm-permalink=\"https:\/\/www.instagram.com\/p\/B3N0CsHn3yF\/?utm_source=ig_embed&amp;utm_campaign=loading\" data-instgrm-version=\"12\">\n<div style=\"padding: 16px;\">\n<p>&nbsp;<\/p>\n<div style=\"display: flex; flex-direction: row; align-items: center;\">\n<div style=\"background-color: #f4f4f4; border-radius: 50%; flex-grow: 0; height: 40px; margin-right: 14px; width: 40px;\"><\/div>\n<div style=\"display: flex; flex-direction: column; flex-grow: 1; justify-content: center;\">\n<div style=\"background-color: #f4f4f4; border-radius: 4px; flex-grow: 0; height: 14px; margin-bottom: 6px; width: 100px;\"><\/div>\n<div style=\"background-color: #f4f4f4; border-radius: 4px; flex-grow: 0; height: 14px; width: 60px;\"><\/div>\n<\/div>\n<\/div>\n<div style=\"padding: 19% 0;\"><\/div>\n<div style=\"display: block; height: 50px; margin: 0 auto 12px; width: 50px;\"><\/div>\n<div style=\"padding-top: 8px;\">\n<div style=\"color: #3897f0; font-family: Arial,sans-serif; font-size: 14px; font-style: normal; font-weight: 550; line-height: 18px;\">Ver esta publicaci\u00f3n en Instagram<\/div>\n<\/div>\n<div style=\"padding: 12.5% 0;\"><\/div>\n<div style=\"display: flex; flex-direction: row; margin-bottom: 14px; align-items: center;\">\n<div>\n<div style=\"background-color: #f4f4f4; border-radius: 50%; height: 12.5px; width: 12.5px; transform: translateX(0px) translateY(7px);\"><\/div>\n<div style=\"background-color: #f4f4f4; height: 12.5px; transform: rotate(-45deg) translateX(3px) translateY(1px); width: 12.5px; flex-grow: 0; margin-right: 14px; margin-left: 2px;\"><\/div>\n<div style=\"background-color: #f4f4f4; border-radius: 50%; height: 12.5px; width: 12.5px; transform: translateX(9px) translateY(-18px);\"><\/div>\n<\/div>\n<div style=\"margin-left: 8px;\">\n<div style=\"background-color: #f4f4f4; border-radius: 50%; flex-grow: 0; height: 20px; width: 20px;\"><\/div>\n<div style=\"width: 0; height: 0; border-top: 2px solid transparent; border-left: 6px solid #f4f4f4; border-bottom: 2px solid transparent; transform: translateX(16px) translateY(-4px) rotate(30deg);\"><\/div>\n<\/div>\n<div style=\"margin-left: auto;\">\n<div style=\"width: 0px; border-top: 8px solid #F4F4F4; border-right: 8px solid transparent; transform: translateY(16px);\"><\/div>\n<div style=\"background-color: #f4f4f4; flex-grow: 0; height: 12px; width: 16px; transform: translateY(-4px);\"><\/div>\n<div style=\"width: 0; height: 0; border-top: 8px solid #F4F4F4; border-left: 8px solid transparent; transform: translateY(-4px) translateX(8px);\"><\/div>\n<\/div>\n<\/div>\n<p>&nbsp;<\/p>\n<p style=\"margin: 8px 0 0 0; padding: 0 4px;\"><a style=\"color: #000; font-family: Arial,sans-serif; font-size: 14px; font-style: normal; font-weight: normal; line-height: 17px; text-decoration: none; word-wrap: break-word;\" href=\"https:\/\/www.instagram.com\/p\/B3N0CsHn3yF\/?utm_source=ig_embed&amp;utm_campaign=loading\" target=\"_blank\" rel=\"noopener\">D\u00e9jame Olvidarte YA DISPONIBLE!<\/a><\/p>\n<p style=\"color: #c9c8cd; font-family: Arial,sans-serif; font-size: 14px; line-height: 17px; margin-bottom: 0; margin-top: 8px; overflow: hidden; padding: 8px 0 7px; text-align: center; text-overflow: ellipsis; white-space: nowrap;\">Una publicaci\u00f3n compartida de <a style=\"color: #c9c8cd; font-family: Arial,sans-serif; font-size: 14px; font-style: normal; font-weight: normal; line-height: 17px;\" href=\"https:\/\/www.instagram.com\/indalfer_\/?utm_source=ig_embed&amp;utm_campaign=loading\" target=\"_blank\" rel=\"noopener\"> Indalfer Ochoa<\/a> (@indalfer_) el <time style=\"font-family: Arial,sans-serif; font-size: 14px; line-height: 17px;\" datetime=\"2019-10-05T00:08:18+00:00\">4 Oct, 2019 a las 5:08 PDT<\/time><\/p>\n<\/div>\n<\/blockquote>\n<p><script async src=\"\/\/www.instagram.com\/embed.js\"><\/script><\/p>\n<p>&nbsp;<\/p>\n<p>Por lo que, \u201cD\u00e9jame olvidarte\u201d es la forma de decirle directamente a esa persona malsana y ego\u00edsta, que ya no quiere continuar en esa disyuntiva, sino m\u00e1s bien, dejar atr\u00e1s definitivamente esa uni\u00f3n malsana y seguir adelante. Y aunque este <strong>tema fue escrito por el mismo Indalfer<\/strong>, quien adem\u00e1s lo interpreta de forma incre\u00edble logrando desbordar emociones y con ello a su vez, sumar realismo al tema, aclar\u00f3 en el programa Trend que dicha letra no fue inspirada en su propia experiencia, sino en la de personas que le rodean y ha visto perjudicadas por tan penosas situaciones.<\/p>\n<p><iframe loading=\"lazy\" style=\"border: none; overflow: hidden;\" src=\"https:\/\/www.facebook.com\/plugins\/post.php?href=https%3A%2F%2Fwww.facebook.com%2Findalferochoaoficial%2Fposts%2F2395973183855105&amp;width=500\" width=\"500\" height=\"421\" frameborder=\"0\" scrolling=\"no\"><\/iframe><\/p>\n<p>&nbsp;<\/p>\n<p>Sin lugar a dudas, es una canci\u00f3n con la que muchos se identificar\u00e1n y corear\u00e1n en sus presentaciones. Por lo que el artista est\u00e1 enfocado en sacar el mayor jugo a este material, enfoc\u00e1ndose en su <strong>promoci\u00f3n<\/strong> por medio de canales digitales, radio, televisi\u00f3n y en shows en vivo en diversas partes del territorio de M\u00e9xico, a fin de seguir conquistando fans y escalar m\u00e1s posiciones dentro del g\u00e9nero <strong>regional mexicano.<\/strong><\/p>\n<p><iframe loading=\"lazy\" width=\"1170\" height=\"658\" src=\"https:\/\/www.youtube.com\/embed\/v68Tjt6JKWs?wmode=transparent&amp;rel=0&amp;feature=oembed\" frameborder=\"0\" allow=\"accelerometer; autoplay; encrypted-media; gyroscope; picture-in-picture\" allowfullscreen><\/iframe><\/p>\n<p>Cabe destacar que Indalfer Ochoa de 24 a\u00f1os de edad, subi\u00f3 a un escenario por primera vez a sus apenas 4 a\u00f1os de edad. Y a lo largo de su trayectoria se ha destacado no s\u00f3lo en la m\u00fasica, sino tambi\u00e9n en la actuaci\u00f3n. Muestra de ello, ha sido su participaci\u00f3n en diversas producciones de televisi\u00f3n, as\u00ed como tambi\u00e9n en la pantalla grande, en films como \u201cCanon\u201d y \u201c<strong>Cartas a Elena<\/strong>\u201d, logrando en esta \u00faltima, desempe\u00f1ar el <strong>papel protag\u00f3nico<\/strong> que hasta ahora le sigue brindando grandes \u00e9xitos.<\/p>\n","protected":false},"excerpt":{"rendered":"<p>El conductor, actor, m\u00fasico, compositor y cantante con ra\u00edces mexicanas, Indalfer Ochoa, estren\u00f3 recientemente un sencillo que sin duda, ya ha logrado acaparar la atenci\u00f3n de muchos, gracias al talento inigualable y romanticismo que le impregna el joven artista. Este nuevo tema se titula \u201cD\u00e9jame olvidarte\u201d y el mismo fue presentado oficialmente en sus redes [&hellip;]<\/p>\n","protected":false},"author":8,"featured_media":12115,"comment_status":"open","ping_status":"closed","sticky":false,"template":"","format":"standard","meta":{"footnotes":""},"categories":[2],"tags":[1464,71,137,130,77],"class_list":["post-12113","post","type-post","status-publish","format-standard","has-post-thumbnail","hentry","category-noticias","tag-indalfer-ochoa","tag-lanzamiento","tag-nuevo-sencillo","tag-nuevo-video","tag-regional-mexicano"],"aioseo_notices":[],"_links":{"self":[{"href":"https:\/\/rolamix.com\/espectaculos\/wp-json\/wp\/v2\/posts\/12113","targetHints":{"allow":["GET"]}}],"collection":[{"href":"https:\/\/rolamix.com\/espectaculos\/wp-json\/wp\/v2\/posts"}],"about":[{"href":"https:\/\/rolamix.com\/espectaculos\/wp-json\/wp\/v2\/types\/post"}],"author":[{"embeddable":true,"href":"https:\/\/rolamix.com\/espectaculos\/wp-json\/wp\/v2\/users\/8"}],"replies":[{"embeddable":true,"href":"https:\/\/rolamix.com\/espectaculos\/wp-json\/wp\/v2\/comments?post=12113"}],"version-history":[{"count":0,"href":"https:\/\/rolamix.com\/espectaculos\/wp-json\/wp\/v2\/posts\/12113\/revisions"}],"wp:featuredmedia":[{"embeddable":true,"href":"https:\/\/rolamix.com\/espectaculos\/wp-json\/wp\/v2\/media\/12115"}],"wp:attachment":[{"href":"https:\/\/rolamix.com\/espectaculos\/wp-json\/wp\/v2\/media?parent=12113"}],"wp:term":[{"taxonomy":"category","embeddable":true,"href":"https:\/\/rolamix.com\/espectaculos\/wp-json\/wp\/v2\/categories?post=12113"},{"taxonomy":"post_tag","embeddable":true,"href":"https:\/\/rolamix.com\/espectaculos\/wp-json\/wp\/v2\/tags?post=12113"}],"curies":[{"name":"wp","href":"https:\/\/api.w.org\/{rel}","templated":true}]}}