{"id":12458,"date":"2019-12-09T18:16:23","date_gmt":"2019-12-10T02:16:23","guid":{"rendered":"https:\/\/rolamix.com\/espectaculos\/?p=12458"},"modified":"2019-12-09T18:16:23","modified_gmt":"2019-12-10T02:16:23","slug":"llego-navidad-para-lalo-y-su-nortenos","status":"publish","type":"post","link":"https:\/\/rolamix.com\/espectaculos\/llego-navidad-para-lalo-y-su-nortenos\/","title":{"rendered":"\u201cLleg\u00f3 Navidad\u201d para Lalo y su Norte\u00f1os"},"content":{"rendered":"<p>Junto con el inicio del mes de diciembre y la llegada de la navidad, la agrupaci\u00f3n de regional mexicano \u201c<strong>Lalo y sus Norte\u00f1os<\/strong>\u201d lanza un <strong>nuevo sencillo<\/strong> que toma parte de su inspiraci\u00f3n en esta \u00e9poca decembrina, por medio del cual pretende trasmitir a su vez, una melod\u00eda rom\u00e1ntica que guarda un mensaje intr\u00ednseco entre l\u00edneas, donde tal parece que una pena de amor se asoma.<\/p>\n<p>De ah\u00ed que, en esta nueva entrega que el grupo norte\u00f1o formado en Atlanta, Georgia, ha titulado \u201c<strong>Lleg\u00f3 Navidad<\/strong>\u201d, no todo es felicidad. Y es que a pesar de que su t\u00edtulo aparentemente insin\u00faa que se trata de una canci\u00f3n llena de la alegr\u00eda y armon\u00eda que caracterizan a esta temporada de festejo a nivel mundial, en este caso resulta no ser as\u00ed.<\/p>\n<p>Pues si bien, Lalo y sus Norte\u00f1os buscaron resaltar atributos de la navidad, tambi\u00e9n han querido fusionarlos con una <strong>historia de desamor<\/strong> que, indiscutiblemente tinta de gris la llegada de la noche buena debido a la ausencia del amor de una persona.<\/p>\n<blockquote><p>\u00a0\u201cLleg\u00f3 navidad, en esta casa que de luces est\u00e1 llena, el arbolito est\u00e1 colmado de regalos, mi coraz\u00f3n me est\u00e1 comenzando a traicionar, y es que sin ti siento un vac\u00edo aqu\u00ed dentro de mi pecho, me est\u00e1 matando el saber que ya es un hecho que en esta vida ya no te volver\u00e9 a ver\u2026\u201d, dice parte de la canci\u00f3n.<\/p><\/blockquote>\n<p><iframe loading=\"lazy\" style=\"border: none; overflow: hidden;\" src=\"https:\/\/www.facebook.com\/plugins\/post.php?href=https%3A%2F%2Fwww.facebook.com%2FLaloysusnortenos%2Fposts%2F2818858104804489&amp;width=500\" width=\"500\" height=\"669\" frameborder=\"0\" scrolling=\"no\"><\/iframe><\/p>\n<p>Quiz\u00e1s tambi\u00e9n te interese:\u00a0<a class=\"post-title post-url\" href=\"https:\/\/rolamix.com\/espectaculos\/paquita-la-del-barrio-causa-revuelo-al-revelar-que-toma-pastillas-azules\/\">Paquita La Del Barrio Causa Revuelo Al Revelar Que Toma \u201cPastillas Azules\u201d<\/a><\/p>\n<p>Y fue este pasado 1ero de diciembre que este nuevo tema compuesto por Everardo Villa, fue presentado a sus queridos seguidores. A quienes adem\u00e1s les obsequi\u00f3 como regalo de navidad, la entrega del <strong>video oficial<\/strong> de esta pieza, el cual ya se encuentra disponible en la plataforma de YouTube, en donde cada d\u00eda sigue sumando m\u00e1s y m\u00e1s reproducciones, likes y comentarios positivos.<\/p>\n<blockquote class=\"instagram-media\" style=\"background: #FFF; border: 0; border-radius: 3px; box-shadow: 0 0 1px 0 rgba(0,0,0,0.5),0 1px 10px 0 rgba(0,0,0,0.15); margin: 1px; max-width: 540px; min-width: 326px; padding: 0; width: calc(100% - 2px);\" data-instgrm-captioned=\"\" data-instgrm-permalink=\"https:\/\/www.instagram.com\/p\/B5YTSa0DH-Y\/?utm_source=ig_embed&amp;utm_campaign=loading\" data-instgrm-version=\"12\">\n<div style=\"padding: 16px;\">\n<p>&nbsp;<\/p>\n<div style=\"display: flex; flex-direction: row; align-items: center;\">\n<div style=\"background-color: #f4f4f4; border-radius: 50%; flex-grow: 0; height: 40px; margin-right: 14px; width: 40px;\"><\/div>\n<div style=\"display: flex; flex-direction: column; flex-grow: 1; justify-content: center;\">\n<div style=\"background-color: #f4f4f4; border-radius: 4px; flex-grow: 0; height: 14px; margin-bottom: 6px; width: 100px;\"><\/div>\n<div style=\"background-color: #f4f4f4; border-radius: 4px; flex-grow: 0; height: 14px; width: 60px;\"><\/div>\n<\/div>\n<\/div>\n<div style=\"padding: 19% 0;\"><\/div>\n<div style=\"display: block; height: 50px; margin: 0 auto 12px; width: 50px;\"><\/div>\n<div style=\"padding-top: 8px;\">\n<div style=\"color: #3897f0; font-family: Arial,sans-serif; font-size: 14px; font-style: normal; font-weight: 550; line-height: 18px;\">Ver esta publicaci\u00f3n en Instagram<\/div>\n<\/div>\n<div style=\"padding: 12.5% 0;\"><\/div>\n<div style=\"display: flex; flex-direction: row; margin-bottom: 14px; align-items: center;\">\n<div>\n<div style=\"background-color: #f4f4f4; border-radius: 50%; height: 12.5px; width: 12.5px; transform: translateX(0px) translateY(7px);\"><\/div>\n<div style=\"background-color: #f4f4f4; height: 12.5px; transform: rotate(-45deg) translateX(3px) translateY(1px); width: 12.5px; flex-grow: 0; margin-right: 14px; margin-left: 2px;\"><\/div>\n<div style=\"background-color: #f4f4f4; border-radius: 50%; height: 12.5px; width: 12.5px; transform: translateX(9px) translateY(-18px);\"><\/div>\n<\/div>\n<div style=\"margin-left: 8px;\">\n<div style=\"background-color: #f4f4f4; border-radius: 50%; flex-grow: 0; height: 20px; width: 20px;\"><\/div>\n<div style=\"width: 0; height: 0; border-top: 2px solid transparent; border-left: 6px solid #f4f4f4; border-bottom: 2px solid transparent; transform: translateX(16px) translateY(-4px) rotate(30deg);\"><\/div>\n<\/div>\n<div style=\"margin-left: auto;\">\n<div style=\"width: 0px; border-top: 8px solid #F4F4F4; border-right: 8px solid transparent; transform: translateY(16px);\"><\/div>\n<div style=\"background-color: #f4f4f4; flex-grow: 0; height: 12px; width: 16px; transform: translateY(-4px);\"><\/div>\n<div style=\"width: 0; height: 0; border-top: 8px solid #F4F4F4; border-left: 8px solid transparent; transform: translateY(-4px) translateX(8px);\"><\/div>\n<\/div>\n<\/div>\n<p>&nbsp;<\/p>\n<p style=\"margin: 8px 0 0 0; padding: 0 4px;\"><a style=\"color: #000; font-family: Arial,sans-serif; font-size: 14px; font-style: normal; font-weight: normal; line-height: 17px; text-decoration: none; word-wrap: break-word;\" href=\"https:\/\/www.instagram.com\/p\/B5YTSa0DH-Y\/?utm_source=ig_embed&amp;utm_campaign=loading\" target=\"_blank\" rel=\"noopener\">Shooting the New video<\/a><\/p>\n<p style=\"color: #c9c8cd; font-family: Arial,sans-serif; font-size: 14px; line-height: 17px; margin-bottom: 0; margin-top: 8px; overflow: hidden; padding: 8px 0 7px; text-align: center; text-overflow: ellipsis; white-space: nowrap;\">Una publicaci\u00f3n compartida de <a style=\"color: #c9c8cd; font-family: Arial,sans-serif; font-size: 14px; font-style: normal; font-weight: normal; line-height: 17px;\" href=\"https:\/\/www.instagram.com\/laloysusnortenos\/?utm_source=ig_embed&amp;utm_campaign=loading\" target=\"_blank\" rel=\"noopener\"> Lalo Y Sus Norte\u00f1os<\/a> (@laloysusnortenos) el <time style=\"font-family: Arial,sans-serif; font-size: 14px; line-height: 17px;\" datetime=\"2019-11-27T18:56:01+00:00\">27 Nov, 2019 a las 10:56 PST<\/time><\/p>\n<\/div>\n<\/blockquote>\n<p><script async src=\"\/\/www.instagram.com\/embed.js\"><\/script><\/p>\n<p>Y as\u00ed como este tema, el michoacano Lalo que lidera la agrupaci\u00f3n, de la mano con sus compa\u00f1eros m\u00fasicos, busca seguir trabajando incansablemente para llevar m\u00e1s materiales de calidad a sus fans; tal como hasta ahora lo han hecho con temas propios del <strong>g\u00e9nero norte\u00f1o<\/strong>, con uno que otro corrido alternado: \u201cEl Traficante\u201d o \u201cCorrido de la Oaxaca\u201d, cuyos sencillos han logrado conquistar a diversos amantes del g\u00e9nero, mientras que a su vez, le suman popularidad a esta agrupaci\u00f3n que hasta ahora cuenta con <b>dos a\u00f1os de trayectoria musical de manera profesional.<\/b><\/p>\n<p>Mira el video oficial de \u201cLleg\u00f3 Navidad\u201d interpretado por Lalo y sus Norte\u00f1os:<\/p>\n<p><iframe loading=\"lazy\" width=\"1170\" height=\"658\" src=\"https:\/\/www.youtube.com\/embed\/DRasetrWMx0?wmode=transparent&amp;rel=0&amp;feature=oembed\" frameborder=\"0\" allow=\"accelerometer; autoplay; encrypted-media; gyroscope; picture-in-picture\" allowfullscreen><\/iframe><\/p>\n","protected":false},"excerpt":{"rendered":"<p>Junto con el inicio del mes de diciembre y la llegada de la navidad, la agrupaci\u00f3n de regional mexicano \u201cLalo y sus Norte\u00f1os\u201d lanza un nuevo sencillo que toma parte de su inspiraci\u00f3n en esta \u00e9poca decembrina, por medio del cual pretende trasmitir a su vez, una melod\u00eda rom\u00e1ntica que guarda un mensaje intr\u00ednseco entre [&hellip;]<\/p>\n","protected":false},"author":8,"featured_media":12459,"comment_status":"open","ping_status":"closed","sticky":false,"template":"","format":"standard","meta":{"footnotes":""},"categories":[2],"tags":[1525,71,137,130,77],"class_list":["post-12458","post","type-post","status-publish","format-standard","has-post-thumbnail","hentry","category-noticias","tag-lalo-y-su-nortenos","tag-lanzamiento","tag-nuevo-sencillo","tag-nuevo-video","tag-regional-mexicano"],"aioseo_notices":[],"_links":{"self":[{"href":"https:\/\/rolamix.com\/espectaculos\/wp-json\/wp\/v2\/posts\/12458","targetHints":{"allow":["GET"]}}],"collection":[{"href":"https:\/\/rolamix.com\/espectaculos\/wp-json\/wp\/v2\/posts"}],"about":[{"href":"https:\/\/rolamix.com\/espectaculos\/wp-json\/wp\/v2\/types\/post"}],"author":[{"embeddable":true,"href":"https:\/\/rolamix.com\/espectaculos\/wp-json\/wp\/v2\/users\/8"}],"replies":[{"embeddable":true,"href":"https:\/\/rolamix.com\/espectaculos\/wp-json\/wp\/v2\/comments?post=12458"}],"version-history":[{"count":0,"href":"https:\/\/rolamix.com\/espectaculos\/wp-json\/wp\/v2\/posts\/12458\/revisions"}],"wp:featuredmedia":[{"embeddable":true,"href":"https:\/\/rolamix.com\/espectaculos\/wp-json\/wp\/v2\/media\/12459"}],"wp:attachment":[{"href":"https:\/\/rolamix.com\/espectaculos\/wp-json\/wp\/v2\/media?parent=12458"}],"wp:term":[{"taxonomy":"category","embeddable":true,"href":"https:\/\/rolamix.com\/espectaculos\/wp-json\/wp\/v2\/categories?post=12458"},{"taxonomy":"post_tag","embeddable":true,"href":"https:\/\/rolamix.com\/espectaculos\/wp-json\/wp\/v2\/tags?post=12458"}],"curies":[{"name":"wp","href":"https:\/\/api.w.org\/{rel}","templated":true}]}}