{"id":12477,"date":"2019-12-09T22:09:13","date_gmt":"2019-12-10T06:09:13","guid":{"rendered":"https:\/\/rolamix.com\/espectaculos\/?p=12477"},"modified":"2019-12-09T22:09:13","modified_gmt":"2019-12-10T06:09:13","slug":"banda-la-alterada-canta-por-abajito-del-agua","status":"publish","type":"post","link":"https:\/\/rolamix.com\/espectaculos\/banda-la-alterada-canta-por-abajito-del-agua\/","title":{"rendered":"Banda La Alterada canta \u201cPor abajito del agua\u201d"},"content":{"rendered":"<p>Banda La Alterada canta un nuevo sencillo titulado \u201c<strong>Por abajito del agua<\/strong>\u201d, el cual ya est\u00e1 disponible en todas las plataformas digitales. Esta banda originaria de Guadalajara, Jalisco, comenz\u00f3 su trayectoria como agrupaci\u00f3n en octubre del 2011 pero sus integrantes ya contaban con una buena experiencia musical que les permiti\u00f3 avanzar con paso firme dentro del Regional Mexicano.<\/p>\n<p>Ahora nos traen \u201c<strong>Por abajito del agua<\/strong>\u201d, un tema que adem\u00e1s ya cuenta con su video oficial en YouTube, el cual muestra a la agrupaci\u00f3n interpretando este temaso con todas las de la ley, en medio de m\u00fasica, risas, hermosas mujeres, tragos y buena celebraci\u00f3n.<\/p>\n<p>El video musical, as\u00ed como el tema en s\u00ed, se dieron a conocer a finales del mes de noviembre y en YouTube ya cuenta con m\u00e1s de trescientas mil reproducciones y cientos de likes que demuestran que esta <strong>buena rola de los muchachos de Banda La Alterada<\/strong> est\u00e1 consiguiendo la receptividad del p\u00fablico.<\/p>\n<blockquote>\n<p style=\"text-align: center;\"><em>Por abajito del agua, as\u00ed yo me la navego<\/em><\/p>\n<p style=\"text-align: center;\"><em>Y no hay que hacer mucho ruido\u2026<\/em><\/p>\n<p style=\"text-align: center;\"><em>Aqu\u00ed en sonora y en Arizona, as\u00ed siempre me la llevo<\/em><\/p>\n<p style=\"text-align: center;\"><em>Si se me antoja agarro la manga y la jalamos pal pueblo<\/em><\/p>\n<\/blockquote>\n<p>Es un corrid\u00f3n que habla de buen ambiente, relajo y celebraci\u00f3n entre amigos, como esas noches de compadres en las que, solo se quiere escuchar un buen tema y bailar y compartir hasta el amanecer.<\/p>\n<p><iframe loading=\"lazy\" src=\"https:\/\/www.youtube.com\/embed\/g6SaO9JpY0w\" width=\"1259\" height=\"480\" frameborder=\"0\" allowfullscreen=\"allowfullscreen\"><\/iframe><\/p>\n<p>\u201c<strong>Por abajito del agua<\/strong>\u201d, el nuevo sencillo de Banda La Alterada, es uno de esos temas que bien pueden convertirse en parte obligada del repertorio musical, cuando simplemente queramos irnos de juerga y disfrutar a toda m\u00e1quina con buena m\u00fasica, bebidas y sobretodo, con excelente compa\u00f1\u00eda.<\/p>\n<p>Finalmente, cabe destacar que, este mes de diciembre, un tiempo justamente de fiesta y buena m\u00fasica, los muchachones de <strong>Banda La Alterada<\/strong> se encuentran bien activos ante cualquier compromiso que los requiera. Adem\u00e1s, se mantienen en contante interacci\u00f3n con su p\u00fablico a trav\u00e9s de todas sus redes sociales, para que sus seguidores puedan ver todo lo que se encuentran haciendo estos talentosos muchachos.<\/p>\n<blockquote class=\"instagram-media\" style=\"background: #FFF; border: 0; border-radius: 3px; box-shadow: 0 0 1px 0 rgba(0,0,0,0.5),0 1px 10px 0 rgba(0,0,0,0.15); margin: 1px; max-width: 540px; min-width: 326px; padding: 0; width: calc(100% - 2px);\" data-instgrm-captioned=\"\" data-instgrm-permalink=\"https:\/\/www.instagram.com\/p\/B5tD3z5HJeZ\/?utm_source=ig_embed&amp;utm_campaign=loading\" data-instgrm-version=\"12\">\n<div style=\"padding: 16px;\">\n<p>&nbsp;<\/p>\n<div style=\"display: flex; flex-direction: row; align-items: center;\">\n<div style=\"background-color: #f4f4f4; border-radius: 50%; flex-grow: 0; height: 40px; margin-right: 14px; width: 40px;\"><\/div>\n<div style=\"display: flex; flex-direction: column; flex-grow: 1; justify-content: center;\">\n<div style=\"background-color: #f4f4f4; border-radius: 4px; flex-grow: 0; height: 14px; margin-bottom: 6px; width: 100px;\"><\/div>\n<div style=\"background-color: #f4f4f4; border-radius: 4px; flex-grow: 0; height: 14px; width: 60px;\"><\/div>\n<\/div>\n<\/div>\n<div style=\"padding: 19% 0;\"><\/div>\n<div style=\"display: block; height: 50px; margin: 0 auto 12px; width: 50px;\"><\/div>\n<div style=\"padding-top: 8px;\">\n<div style=\"color: #3897f0; font-family: Arial,sans-serif; font-size: 14px; font-style: normal; font-weight: 550; line-height: 18px;\">Ver esta publicaci\u00f3n en Instagram<\/div>\n<\/div>\n<div style=\"padding: 12.5% 0;\"><\/div>\n<div style=\"display: flex; flex-direction: row; margin-bottom: 14px; align-items: center;\">\n<div>\n<div style=\"background-color: #f4f4f4; border-radius: 50%; height: 12.5px; width: 12.5px; transform: translateX(0px) translateY(7px);\"><\/div>\n<div style=\"background-color: #f4f4f4; height: 12.5px; transform: rotate(-45deg) translateX(3px) translateY(1px); width: 12.5px; flex-grow: 0; margin-right: 14px; margin-left: 2px;\"><\/div>\n<div style=\"background-color: #f4f4f4; border-radius: 50%; height: 12.5px; width: 12.5px; transform: translateX(9px) translateY(-18px);\"><\/div>\n<\/div>\n<div style=\"margin-left: 8px;\">\n<div style=\"background-color: #f4f4f4; border-radius: 50%; flex-grow: 0; height: 20px; width: 20px;\"><\/div>\n<div style=\"width: 0; height: 0; border-top: 2px solid transparent; border-left: 6px solid #f4f4f4; border-bottom: 2px solid transparent; transform: translateX(16px) translateY(-4px) rotate(30deg);\"><\/div>\n<\/div>\n<div style=\"margin-left: auto;\">\n<div style=\"width: 0px; border-top: 8px solid #F4F4F4; border-right: 8px solid transparent; transform: translateY(16px);\"><\/div>\n<div style=\"background-color: #f4f4f4; flex-grow: 0; height: 12px; width: 16px; transform: translateY(-4px);\"><\/div>\n<div style=\"width: 0; height: 0; border-top: 8px solid #F4F4F4; border-left: 8px solid transparent; transform: translateY(-4px) translateX(8px);\"><\/div>\n<\/div>\n<\/div>\n<p>&nbsp;<\/p>\n<p style=\"margin: 8px 0 0 0; padding: 0 4px;\"><a style=\"color: #000; font-family: Arial,sans-serif; font-size: 14px; font-style: normal; font-weight: normal; line-height: 17px; text-decoration: none; word-wrap: break-word;\" href=\"https:\/\/www.instagram.com\/p\/B5tD3z5HJeZ\/?utm_source=ig_embed&amp;utm_campaign=loading\" target=\"_blank\" rel=\"noopener\">Ya presentes en la posada de Pindernation??<\/a><\/p>\n<p style=\"color: #c9c8cd; font-family: Arial,sans-serif; font-size: 14px; line-height: 17px; margin-bottom: 0; margin-top: 8px; overflow: hidden; padding: 8px 0 7px; text-align: center; text-overflow: ellipsis; white-space: nowrap;\">Una publicaci\u00f3n compartida de <a style=\"color: #c9c8cd; font-family: Arial,sans-serif; font-size: 14px; font-style: normal; font-weight: normal; line-height: 17px;\" href=\"https:\/\/www.instagram.com\/bandalaalterada\/?utm_source=ig_embed&amp;utm_campaign=loading\" target=\"_blank\" rel=\"noopener\"> Banda La Alterada<\/a> (@bandalaalterada) el <time style=\"font-family: Arial,sans-serif; font-size: 14px; line-height: 17px;\" datetime=\"2019-12-05T21:34:29+00:00\">5 Dic, 2019 a las 1:34 PST<\/time><\/p>\n<\/div>\n<\/blockquote>\n<p style=\"text-align: center;\"><script async src=\"\/\/www.instagram.com\/embed.js\"><\/script><\/p>\n<p>Sin duda, <strong>Banda La Alterada<\/strong> es una agrupaci\u00f3n que sigue demostrando talento y ganas de seguir teniendo presencia dentro del Regional mexicano con su estilo tambora sinaloense. Si no has escuchado aun \u201c<strong>Por abajito del agua<\/strong>\u201d, te invitamos a disfrutarlo en la plataforma musical de tu preferencia.<\/p>\n","protected":false},"excerpt":{"rendered":"<p>Banda La Alterada canta un nuevo sencillo titulado \u201cPor abajito del agua\u201d, el cual ya est\u00e1 disponible en todas las plataformas digitales. Esta banda originaria de Guadalajara, Jalisco, comenz\u00f3 su trayectoria como agrupaci\u00f3n en octubre del 2011 pero sus integrantes ya contaban con una buena experiencia musical que les permiti\u00f3 avanzar con paso firme dentro [&hellip;]<\/p>\n","protected":false},"author":10,"featured_media":12480,"comment_status":"open","ping_status":"closed","sticky":false,"template":"","format":"standard","meta":{"footnotes":""},"categories":[2],"tags":[1526,137,77],"class_list":["post-12477","post","type-post","status-publish","format-standard","has-post-thumbnail","hentry","category-noticias","tag-banda-la-alterada","tag-nuevo-sencillo","tag-regional-mexicano"],"aioseo_notices":[],"_links":{"self":[{"href":"https:\/\/rolamix.com\/espectaculos\/wp-json\/wp\/v2\/posts\/12477","targetHints":{"allow":["GET"]}}],"collection":[{"href":"https:\/\/rolamix.com\/espectaculos\/wp-json\/wp\/v2\/posts"}],"about":[{"href":"https:\/\/rolamix.com\/espectaculos\/wp-json\/wp\/v2\/types\/post"}],"author":[{"embeddable":true,"href":"https:\/\/rolamix.com\/espectaculos\/wp-json\/wp\/v2\/users\/10"}],"replies":[{"embeddable":true,"href":"https:\/\/rolamix.com\/espectaculos\/wp-json\/wp\/v2\/comments?post=12477"}],"version-history":[{"count":0,"href":"https:\/\/rolamix.com\/espectaculos\/wp-json\/wp\/v2\/posts\/12477\/revisions"}],"wp:featuredmedia":[{"embeddable":true,"href":"https:\/\/rolamix.com\/espectaculos\/wp-json\/wp\/v2\/media\/12480"}],"wp:attachment":[{"href":"https:\/\/rolamix.com\/espectaculos\/wp-json\/wp\/v2\/media?parent=12477"}],"wp:term":[{"taxonomy":"category","embeddable":true,"href":"https:\/\/rolamix.com\/espectaculos\/wp-json\/wp\/v2\/categories?post=12477"},{"taxonomy":"post_tag","embeddable":true,"href":"https:\/\/rolamix.com\/espectaculos\/wp-json\/wp\/v2\/tags?post=12477"}],"curies":[{"name":"wp","href":"https:\/\/api.w.org\/{rel}","templated":true}]}}