{"id":13016,"date":"2020-01-18T15:03:33","date_gmt":"2020-01-18T23:03:33","guid":{"rendered":"https:\/\/rolamix.com\/espectaculos\/?p=13016"},"modified":"2020-01-18T15:03:33","modified_gmt":"2020-01-18T23:03:33","slug":"biografia-de-velcha","status":"publish","type":"post","link":"https:\/\/rolamix.com\/espectaculos\/biografia-de-velcha\/","title":{"rendered":"Biograf\u00eda de Velcha: entre los mejores de estilo norte\u00f1o"},"content":{"rendered":"<p>Esta agrupaci\u00f3n nace en el a\u00f1o de 1990 en Tezontepec de Aldama, Hidalgo, M\u00e9xico, con el nombre de <strong>VELCHA <\/strong>(VEL- Vel\u00e1zquez, CHA- Ch\u00e1vez) apellidos de una sociedad que existi\u00f3 entre sus fundadores Andr\u00e9s Vel\u00e1zquez y Salom\u00f3n Ch\u00e1vez, iniciando con un concepto grupero que a la fecha sigue avanzando y poco a poco se ha consolidado en el estilo norte\u00f1o.<\/p>\n<p>A lo largo de los a\u00f1os se ha ido posicionando en el gusto del p\u00fablico con 11 producciones discogr\u00e1ficas a lo largo de su carrera, siendo el Tema DEJAME LLORAR la punta de lanza para el reconocimiento Nacional e Internacional situ\u00e1ndolos en el Top-Ten del Canal del genero Regional Mexicano m\u00e1s importante del pa\u00eds, Bandamax.<\/p>\n<p>A inicios del 2018 VELCHA realizo la producci\u00f3n discogr\u00e1fica \u201cESTOY AQU\u00cd\u201d bajo el sello de DISCOS CIUDAD, en donde vienen incluidos temas in\u00e9ditos apost\u00e1ndole a un sonido y un concepto diferentes dentro del g\u00e9nero norte\u00f1o en el regional mexicano. Todas las producciones discogr\u00e1ficas se encuentran disponibles en tiendas y reproductores digitales.<\/p>\n<p>A finales del 2018 VELCHA presenta su sencillo promocional \u201cTu Traici\u00f3n se Acabo\u201d a nivel nacional e internacional coloc\u00e1ndose en las listas de popularidad radial tales como <strong>Scanner Sound <\/strong>y <strong>Monitor Latino<\/strong>, estrenando a su vez el v\u00eddeo oficial en <strong>Youtube <\/strong>con la participaci\u00f3n estelar de <strong>Marian Cant\u00fa <\/strong>d\u00e1ndole vida a la protagonista de esta historia.<\/p>\n<blockquote class=\"instagram-media\" style=\"background: #FFF; border: 0; border-radius: 3px; box-shadow: 0 0 1px 0 rgba(0,0,0,0.5),0 1px 10px 0 rgba(0,0,0,0.15); margin: 1px; max-width: 540px; min-width: 326px; padding: 0; width: calc(100% - 2px);\" data-instgrm-captioned=\"\" data-instgrm-permalink=\"https:\/\/www.instagram.com\/p\/Byp98lkB3o-\/?utm_source=ig_embed&amp;utm_campaign=loading\" data-instgrm-version=\"12\">\n<div style=\"padding: 16px;\">\n<p>&nbsp;<\/p>\n<div style=\"display: flex; flex-direction: row; align-items: center;\">\n<div style=\"background-color: #f4f4f4; border-radius: 50%; flex-grow: 0; height: 40px; margin-right: 14px; width: 40px;\"><\/div>\n<div style=\"display: flex; flex-direction: column; flex-grow: 1; justify-content: center;\">\n<div style=\"background-color: #f4f4f4; border-radius: 4px; flex-grow: 0; height: 14px; margin-bottom: 6px; width: 100px;\"><\/div>\n<div style=\"background-color: #f4f4f4; border-radius: 4px; flex-grow: 0; height: 14px; width: 60px;\"><\/div>\n<\/div>\n<\/div>\n<div style=\"padding: 19% 0;\"><\/div>\n<div style=\"display: block; height: 50px; margin: 0 auto 12px; width: 50px;\"><\/div>\n<div style=\"padding-top: 8px;\">\n<div style=\"color: #3897f0; font-family: Arial,sans-serif; font-size: 14px; font-style: normal; font-weight: 550; line-height: 18px;\">Ver esta publicaci\u00f3n en Instagram<\/div>\n<\/div>\n<div style=\"padding: 12.5% 0;\"><\/div>\n<div style=\"display: flex; flex-direction: row; margin-bottom: 14px; align-items: center;\">\n<div>\n<div style=\"background-color: #f4f4f4; border-radius: 50%; height: 12.5px; width: 12.5px; transform: translateX(0px) translateY(7px);\"><\/div>\n<div style=\"background-color: #f4f4f4; height: 12.5px; transform: rotate(-45deg) translateX(3px) translateY(1px); width: 12.5px; flex-grow: 0; margin-right: 14px; margin-left: 2px;\"><\/div>\n<div style=\"background-color: #f4f4f4; border-radius: 50%; height: 12.5px; width: 12.5px; transform: translateX(9px) translateY(-18px);\"><\/div>\n<\/div>\n<div style=\"margin-left: 8px;\">\n<div style=\"background-color: #f4f4f4; border-radius: 50%; flex-grow: 0; height: 20px; width: 20px;\"><\/div>\n<div style=\"width: 0; height: 0; border-top: 2px solid transparent; border-left: 6px solid #f4f4f4; border-bottom: 2px solid transparent; transform: translateX(16px) translateY(-4px) rotate(30deg);\"><\/div>\n<\/div>\n<div style=\"margin-left: auto;\">\n<div style=\"width: 0px; border-top: 8px solid #F4F4F4; border-right: 8px solid transparent; transform: translateY(16px);\"><\/div>\n<div style=\"background-color: #f4f4f4; flex-grow: 0; height: 12px; width: 16px; transform: translateY(-4px);\"><\/div>\n<div style=\"width: 0; height: 0; border-top: 8px solid #F4F4F4; border-left: 8px solid transparent; transform: translateY(-4px) translateX(8px);\"><\/div>\n<\/div>\n<\/div>\n<p>&nbsp;<\/p>\n<p style=\"margin: 8px 0 0 0; padding: 0 4px;\"><a style=\"color: #000; font-family: Arial,sans-serif; font-size: 14px; font-style: normal; font-weight: normal; line-height: 17px; text-decoration: none; word-wrap: break-word;\" href=\"https:\/\/www.instagram.com\/p\/Byp98lkB3o-\/?utm_source=ig_embed&amp;utm_campaign=loading\" target=\"_blank\" rel=\"noopener\">Embajadores del #huapango en #peru?? Gracias Amigos! @missrocio_parati #MarciaRocio #EmanuelCallirgos #peru #musicaperuana #peruanas #YSuenaVELCHA @discosciudad<\/a><\/p>\n<p style=\"color: #c9c8cd; font-family: Arial,sans-serif; font-size: 14px; line-height: 17px; margin-bottom: 0; margin-top: 8px; overflow: hidden; padding: 8px 0 7px; text-align: center; text-overflow: ellipsis; white-space: nowrap;\">Una publicaci\u00f3n compartida de <a style=\"color: #c9c8cd; font-family: Arial,sans-serif; font-size: 14px; font-style: normal; font-weight: normal; line-height: 17px;\" href=\"https:\/\/www.instagram.com\/velchaoficial\/?utm_source=ig_embed&amp;utm_campaign=loading\" target=\"_blank\" rel=\"noopener\"> Velcha<\/a> (@velchaoficial) el <time style=\"font-family: Arial,sans-serif; font-size: 14px; line-height: 17px;\" datetime=\"2019-06-13T15:58:11+00:00\">13 Jun, 2019 a las 8:58 PDT<\/time><\/p>\n<\/div>\n<\/blockquote>\n<p><script async src=\"\/\/www.instagram.com\/embed.js\"><\/script><\/p>\n<p>En el 2019 VELCHA incursiona en los medios radiales de la ciudad maravilla <strong>La Paz, Bolivia<\/strong>, con la promoci\u00f3n del tema \u201cQue Pena Me Das&#8221; teniendo una gran aceptaci\u00f3n y sorprendiendo al p\u00fablico de dicho pa\u00eds. En Junio de dicho a\u00f1o VELCHA presenta su m\u00e1s reciente producci\u00f3n discogr\u00e1fica \u201cNORTE\u00d1O NEOCL\u00c1SICO\u201d \u00a0del cual se desprende el primer sencillo \u201cMuchachita Buena\u201d, esta producci\u00f3n cuenta con el estilo musical que los caracteriza entre huapangos, rancheras y cumbia, complaciendo a sus seguidores, manteniendo \u00a0una propuesta aut\u00e9ntica y de calidad.<\/p>\n<p>Actualmente se lanza al mercado el tema &#8220;Jam\u00e1s me Cansar\u00e9 de T\u00ed&#8221; con el video oficial disponible en todas las plataformas, dicho material se grab\u00f3 en distintas locaciones de La Paz , Bolivia aprovechando el Tour de medios que realizaron en esta ciudad en septiembre pasado \u00a0presentandose en distintos medios radiales y canales de televisi\u00f3n con gran \u00e9xito, acompa\u00f1ados del material \u201cDEL CORAZ\u00d3N PARA TI\u201d disco realizado para el mercado de Estados Unidos, Centro y Sudam\u00e9rica tambi\u00e9n en plataformas digitales.<\/p>\n<blockquote class=\"instagram-media\" style=\"background: #FFF; border: 0; border-radius: 3px; box-shadow: 0 0 1px 0 rgba(0,0,0,0.5),0 1px 10px 0 rgba(0,0,0,0.15); margin: 1px; max-width: 540px; min-width: 326px; padding: 0; width: calc(100% - 2px);\" data-instgrm-captioned=\"\" data-instgrm-permalink=\"https:\/\/www.instagram.com\/p\/B24b3UkB68z\/?utm_source=ig_embed&amp;utm_campaign=loading\" data-instgrm-version=\"12\">\n<div style=\"padding: 16px;\">\n<p>&nbsp;<\/p>\n<div style=\"display: flex; flex-direction: row; align-items: center;\">\n<div style=\"background-color: #f4f4f4; border-radius: 50%; flex-grow: 0; height: 40px; margin-right: 14px; width: 40px;\"><\/div>\n<div style=\"display: flex; flex-direction: column; flex-grow: 1; justify-content: center;\">\n<div style=\"background-color: #f4f4f4; border-radius: 4px; flex-grow: 0; height: 14px; margin-bottom: 6px; width: 100px;\"><\/div>\n<div style=\"background-color: #f4f4f4; border-radius: 4px; flex-grow: 0; height: 14px; width: 60px;\"><\/div>\n<\/div>\n<\/div>\n<div style=\"padding: 19% 0;\"><\/div>\n<div style=\"display: block; height: 50px; margin: 0 auto 12px; width: 50px;\"><\/div>\n<div style=\"padding-top: 8px;\">\n<div style=\"color: #3897f0; font-family: Arial,sans-serif; font-size: 14px; font-style: normal; font-weight: 550; line-height: 18px;\">Ver esta publicaci\u00f3n en Instagram<\/div>\n<\/div>\n<div style=\"padding: 12.5% 0;\"><\/div>\n<div style=\"display: flex; flex-direction: row; margin-bottom: 14px; align-items: center;\">\n<div>\n<div style=\"background-color: #f4f4f4; border-radius: 50%; height: 12.5px; width: 12.5px; transform: translateX(0px) translateY(7px);\"><\/div>\n<div style=\"background-color: #f4f4f4; height: 12.5px; transform: rotate(-45deg) translateX(3px) translateY(1px); width: 12.5px; flex-grow: 0; margin-right: 14px; margin-left: 2px;\"><\/div>\n<div style=\"background-color: #f4f4f4; border-radius: 50%; height: 12.5px; width: 12.5px; transform: translateX(9px) translateY(-18px);\"><\/div>\n<\/div>\n<div style=\"margin-left: 8px;\">\n<div style=\"background-color: #f4f4f4; border-radius: 50%; flex-grow: 0; height: 20px; width: 20px;\"><\/div>\n<div style=\"width: 0; height: 0; border-top: 2px solid transparent; border-left: 6px solid #f4f4f4; border-bottom: 2px solid transparent; transform: translateX(16px) translateY(-4px) rotate(30deg);\"><\/div>\n<\/div>\n<div style=\"margin-left: auto;\">\n<div style=\"width: 0px; border-top: 8px solid #F4F4F4; border-right: 8px solid transparent; transform: translateY(16px);\"><\/div>\n<div style=\"background-color: #f4f4f4; flex-grow: 0; height: 12px; width: 16px; transform: translateY(-4px);\"><\/div>\n<div style=\"width: 0; height: 0; border-top: 8px solid #F4F4F4; border-left: 8px solid transparent; transform: translateY(-4px) translateX(8px);\"><\/div>\n<\/div>\n<\/div>\n<p>&nbsp;<\/p>\n<p style=\"margin: 8px 0 0 0; padding: 0 4px;\"><a style=\"color: #000; font-family: Arial,sans-serif; font-size: 14px; font-style: normal; font-weight: normal; line-height: 17px; text-decoration: none; word-wrap: break-word;\" href=\"https:\/\/www.instagram.com\/p\/B24b3UkB68z\/?utm_source=ig_embed&amp;utm_campaign=loading\" target=\"_blank\" rel=\"noopener\">Disponible! #mexico?? #bolivia?? #argentina?? #peru?? @discosciudad #cumbia #cumbianorte\u00f1a #YSuenaVELCHA #spotify #youtube #deezermusic #amazonmusic<\/a><\/p>\n<p style=\"color: #c9c8cd; font-family: Arial,sans-serif; font-size: 14px; line-height: 17px; margin-bottom: 0; margin-top: 8px; overflow: hidden; padding: 8px 0 7px; text-align: center; text-overflow: ellipsis; white-space: nowrap;\">Una publicaci\u00f3n compartida de <a style=\"color: #c9c8cd; font-family: Arial,sans-serif; font-size: 14px; font-style: normal; font-weight: normal; line-height: 17px;\" href=\"https:\/\/www.instagram.com\/velchaoficial\/?utm_source=ig_embed&amp;utm_campaign=loading\" target=\"_blank\" rel=\"noopener\"> Velcha<\/a> (@velchaoficial) el <time style=\"font-family: Arial,sans-serif; font-size: 14px; line-height: 17px;\" datetime=\"2019-09-26T16:52:29+00:00\">26 Sep, 2019 a las 9:52 PDT<\/time><\/p>\n<\/div>\n<\/blockquote>\n<p><script async src=\"\/\/www.instagram.com\/embed.js\"><\/script><\/p>\n<h2>\u00a0Logros y Reconocimientos:<\/h2>\n<ul>\n<li>Arreglos, producci\u00f3n musical y presentaciones con \u201cLOS LUISES\u201d Luis Manuel \u00c1vila actor de Televisa (Jr. P. Luche) y Luis Antonio Aire.<\/li>\n<li>Participaci\u00f3n en duetos con Alma Cero Actriz y comediante de Televisa, \u00c1ngeles Negros, Diablos Locos y Sonido Mazter.<\/li>\n<li>Producci\u00f3n musical y arreglos del disco de Rossana San Juan Actriz de Televisa.<\/li>\n<li>Participaci\u00f3n en diversos festivales de Televisi\u00f3n y Radio en toda la Rep\u00fablica Mexicana.<\/li>\n<li>Acreedores a varios reconocimientos por parte de instituciones p\u00fablicas federales, fundaciones y asociaciones civiles.<\/li>\n<\/ul>\n<h2>Integrantes:<\/h2>\n<ul>\n<li>Miguel \u00c1ngel Cornejo \u2013 Primera Voz<\/li>\n<li>Rams\u00e9s Olvera \u2013 Bater\u00eda y Coros<\/li>\n<li>Oscar Vel\u00e1zquez \u2013 Acorde\u00f3n<\/li>\n<li>Bryan Arturo Hern\u00e1ndez \u2013 Bajo El\u00e9ctrico y Coros<\/li>\n<li>Omar Z\u00fa\u00f1iga \u2013 Bajo Quinto<\/li>\n<li>Manuel Alejandro \u00c1lvarez \u2013 Saxof\u00f3n<\/li>\n<\/ul>\n<blockquote class=\"instagram-media\" style=\"background: #FFF; border: 0; border-radius: 3px; box-shadow: 0 0 1px 0 rgba(0,0,0,0.5),0 1px 10px 0 rgba(0,0,0,0.15); margin: 1px; max-width: 540px; min-width: 326px; padding: 0; width: calc(100% - 2px);\" data-instgrm-captioned=\"\" data-instgrm-permalink=\"https:\/\/www.instagram.com\/p\/B3QqUVrB1a2\/?utm_source=ig_embed&amp;utm_campaign=loading\" data-instgrm-version=\"12\">\n<div style=\"padding: 16px;\">\n<p>&nbsp;<\/p>\n<div style=\"display: flex; flex-direction: row; align-items: center;\">\n<div style=\"background-color: #f4f4f4; border-radius: 50%; flex-grow: 0; height: 40px; margin-right: 14px; width: 40px;\"><\/div>\n<div style=\"display: flex; flex-direction: column; flex-grow: 1; justify-content: center;\">\n<div style=\"background-color: #f4f4f4; border-radius: 4px; flex-grow: 0; height: 14px; margin-bottom: 6px; width: 100px;\"><\/div>\n<div style=\"background-color: #f4f4f4; border-radius: 4px; flex-grow: 0; height: 14px; width: 60px;\"><\/div>\n<\/div>\n<\/div>\n<div style=\"padding: 19% 0;\"><\/div>\n<div style=\"display: block; height: 50px; margin: 0 auto 12px; width: 50px;\"><\/div>\n<div style=\"padding-top: 8px;\">\n<div style=\"color: #3897f0; font-family: Arial,sans-serif; font-size: 14px; font-style: normal; font-weight: 550; line-height: 18px;\">Ver esta publicaci\u00f3n en Instagram<\/div>\n<\/div>\n<div style=\"padding: 12.5% 0;\"><\/div>\n<div style=\"display: flex; flex-direction: row; margin-bottom: 14px; align-items: center;\">\n<div>\n<div style=\"background-color: #f4f4f4; border-radius: 50%; height: 12.5px; width: 12.5px; transform: translateX(0px) translateY(7px);\"><\/div>\n<div style=\"background-color: #f4f4f4; height: 12.5px; transform: rotate(-45deg) translateX(3px) translateY(1px); width: 12.5px; flex-grow: 0; margin-right: 14px; margin-left: 2px;\"><\/div>\n<div style=\"background-color: #f4f4f4; border-radius: 50%; height: 12.5px; width: 12.5px; transform: translateX(9px) translateY(-18px);\"><\/div>\n<\/div>\n<div style=\"margin-left: 8px;\">\n<div style=\"background-color: #f4f4f4; border-radius: 50%; flex-grow: 0; height: 20px; width: 20px;\"><\/div>\n<div style=\"width: 0; height: 0; border-top: 2px solid transparent; border-left: 6px solid #f4f4f4; border-bottom: 2px solid transparent; transform: translateX(16px) translateY(-4px) rotate(30deg);\"><\/div>\n<\/div>\n<div style=\"margin-left: auto;\">\n<div style=\"width: 0px; border-top: 8px solid #F4F4F4; border-right: 8px solid transparent; transform: translateY(16px);\"><\/div>\n<div style=\"background-color: #f4f4f4; flex-grow: 0; height: 12px; width: 16px; transform: translateY(-4px);\"><\/div>\n<div style=\"width: 0; height: 0; border-top: 8px solid #F4F4F4; border-left: 8px solid transparent; transform: translateY(-4px) translateX(8px);\"><\/div>\n<\/div>\n<\/div>\n<p>&nbsp;<\/p>\n<p style=\"margin: 8px 0 0 0; padding: 0 4px;\"><a style=\"color: #000; font-family: Arial,sans-serif; font-size: 14px; font-style: normal; font-weight: normal; line-height: 17px; text-decoration: none; word-wrap: break-word;\" href=\"https:\/\/www.instagram.com\/p\/B3QqUVrB1a2\/?utm_source=ig_embed&amp;utm_campaign=loading\" target=\"_blank\" rel=\"noopener\">De Hidalgo para el Mundo ? #elhidalguense #YSuenaVELCHA #Chuchuchuy @discosciudad #tour #lapazbolivia?? #LaPaz #bolivia #valledelaluna<\/a><\/p>\n<p style=\"color: #c9c8cd; font-family: Arial,sans-serif; font-size: 14px; line-height: 17px; margin-bottom: 0; margin-top: 8px; overflow: hidden; padding: 8px 0 7px; text-align: center; text-overflow: ellipsis; white-space: nowrap;\">Una publicaci\u00f3n compartida de <a style=\"color: #c9c8cd; font-family: Arial,sans-serif; font-size: 14px; font-style: normal; font-weight: normal; line-height: 17px;\" href=\"https:\/\/www.instagram.com\/velchaoficial\/?utm_source=ig_embed&amp;utm_campaign=loading\" target=\"_blank\" rel=\"noopener\"> Velcha<\/a> (@velchaoficial) el <time style=\"font-family: Arial,sans-serif; font-size: 14px; line-height: 17px;\" datetime=\"2019-10-06T02:41:08+00:00\">5 Oct, 2019 a las 7:41 PDT<\/time><\/p>\n<\/div>\n<\/blockquote>\n<p><script async src=\"\/\/www.instagram.com\/embed.js\"><\/script><\/p>\n<h2>Discograf\u00eda:<\/h2>\n<ul>\n<li>D\u00e9jenme Ser \u2013 Quiero Ser (1995)<\/li>\n<li>Un Paso Adelante (2000)<\/li>\n<li>Bonito y Sabroso (2003)<\/li>\n<li>D\u00e9jame Llorar (2005)<\/li>\n<li>Te Escribir\u00e9 (Recopilado 2011)<\/li>\n<li>Man\u00edas (2012)<\/li>\n<li>Para Siempre (2013)<\/li>\n<li>Paso Firme (2015)<\/li>\n<li>Estoy Aqu\u00ed (2017)<\/li>\n<li>En Vivo desde Guanajuato (2018)<\/li>\n<li>Norte\u00f1o Neocl\u00e1sico (2019)<\/li>\n<li>Del Coraz\u00f3n para T\u00ed (2019)<\/li>\n<\/ul>\n<h2>Redes Sociales:<\/h2>\n<p>Facebook\/<a href=\"https:\/\/www.facebook.com\/velchaoficial\/\">velchaoficial<\/a><\/p>\n<p>Instagram\/<a href=\"https:\/\/www.instagram.com\/velchaoficial\/\">@velchaoficial<\/a><\/p>\n<p>Youtube\/velchaoficial<\/p>\n","protected":false},"excerpt":{"rendered":"<p>Esta agrupaci\u00f3n nace en el a\u00f1o de 1990 en Tezontepec de Aldama, Hidalgo, M\u00e9xico, con el nombre de VELCHA (VEL- Vel\u00e1zquez, CHA- Ch\u00e1vez) apellidos de una sociedad que existi\u00f3 entre sus fundadores Andr\u00e9s Vel\u00e1zquez y Salom\u00f3n Ch\u00e1vez, iniciando con un concepto grupero que a la fecha sigue avanzando y poco a poco se ha consolidado [&hellip;]<\/p>\n","protected":false},"author":8,"featured_media":13044,"comment_status":"open","ping_status":"closed","sticky":false,"template":"","format":"standard","meta":{"footnotes":""},"categories":[98],"tags":[315,1656],"class_list":["post-13016","post","type-post","status-publish","format-standard","has-post-thumbnail","hentry","category-biografias","tag-biografia","tag-velcha"],"aioseo_notices":[],"_links":{"self":[{"href":"https:\/\/rolamix.com\/espectaculos\/wp-json\/wp\/v2\/posts\/13016","targetHints":{"allow":["GET"]}}],"collection":[{"href":"https:\/\/rolamix.com\/espectaculos\/wp-json\/wp\/v2\/posts"}],"about":[{"href":"https:\/\/rolamix.com\/espectaculos\/wp-json\/wp\/v2\/types\/post"}],"author":[{"embeddable":true,"href":"https:\/\/rolamix.com\/espectaculos\/wp-json\/wp\/v2\/users\/8"}],"replies":[{"embeddable":true,"href":"https:\/\/rolamix.com\/espectaculos\/wp-json\/wp\/v2\/comments?post=13016"}],"version-history":[{"count":0,"href":"https:\/\/rolamix.com\/espectaculos\/wp-json\/wp\/v2\/posts\/13016\/revisions"}],"wp:featuredmedia":[{"embeddable":true,"href":"https:\/\/rolamix.com\/espectaculos\/wp-json\/wp\/v2\/media\/13044"}],"wp:attachment":[{"href":"https:\/\/rolamix.com\/espectaculos\/wp-json\/wp\/v2\/media?parent=13016"}],"wp:term":[{"taxonomy":"category","embeddable":true,"href":"https:\/\/rolamix.com\/espectaculos\/wp-json\/wp\/v2\/categories?post=13016"},{"taxonomy":"post_tag","embeddable":true,"href":"https:\/\/rolamix.com\/espectaculos\/wp-json\/wp\/v2\/tags?post=13016"}],"curies":[{"name":"wp","href":"https:\/\/api.w.org\/{rel}","templated":true}]}}