{"id":13230,"date":"2020-01-27T15:06:09","date_gmt":"2020-01-27T23:06:09","guid":{"rendered":"https:\/\/rolamix.com\/espectaculos\/?p=13230"},"modified":"2020-01-27T15:06:09","modified_gmt":"2020-01-27T23:06:09","slug":"j-balvin-comparado-con-lupillo-rivera-y-espinoza-paz-gracias-a-este-look","status":"publish","type":"post","link":"https:\/\/rolamix.com\/espectaculos\/j-balvin-comparado-con-lupillo-rivera-y-espinoza-paz-gracias-a-este-look\/","title":{"rendered":"J. Balvin comparado con Lupillo Rivera y Espinoza Paz gracias a este look"},"content":{"rendered":"<p>El gran exponente colombiano del g\u00e9nero urbano <strong>J. Balvin nunca ha tenido un look muy convencional o aburrido<\/strong>. Al contrario, adem\u00e1s de sus pegajosos temas, tambi\u00e9n se ha destacado siempre por su cabello colorido y originales atuendos. Nada parecidos por cierto, a los utilizados por los int\u00e9rpretes de nuestro Regional Mexicano, quienes suelen tener un estilo propio muy ligado a nuestras ra\u00edces.<\/p>\n<p>Todo eso hasta ahora, porque uno de los m\u00e1s recientes looks escogidos por el int\u00e9rprete de China, s\u00ed que ha evocado a dos grandes figuras de la m\u00fasica de nuestro pa\u00eds.<\/p>\n<blockquote class=\"instagram-media\" style=\"background: #FFF; border: 0; border-radius: 3px; box-shadow: 0 0 1px 0 rgba(0,0,0,0.5),0 1px 10px 0 rgba(0,0,0,0.15); margin: 1px; max-width: 540px; min-width: 326px; padding: 0; width: calc(100% - 2px);\" data-instgrm-captioned=\"\" data-instgrm-permalink=\"https:\/\/www.instagram.com\/p\/B7owV0UHY2p\/?utm_source=ig_embed&amp;utm_campaign=loading\" data-instgrm-version=\"12\">\n<div style=\"padding: 16px;\">\n<p>&nbsp;<\/p>\n<div style=\"display: flex; flex-direction: row; align-items: center;\">\n<div style=\"background-color: #f4f4f4; border-radius: 50%; flex-grow: 0; height: 40px; margin-right: 14px; width: 40px;\"><\/div>\n<div style=\"display: flex; flex-direction: column; flex-grow: 1; justify-content: center;\">\n<div style=\"background-color: #f4f4f4; border-radius: 4px; flex-grow: 0; height: 14px; margin-bottom: 6px; width: 100px;\"><\/div>\n<div style=\"background-color: #f4f4f4; border-radius: 4px; flex-grow: 0; height: 14px; width: 60px;\"><\/div>\n<\/div>\n<\/div>\n<div style=\"padding: 19% 0;\"><\/div>\n<div style=\"display: block; height: 50px; margin: 0 auto 12px; width: 50px;\"><\/div>\n<div style=\"padding-top: 8px;\">\n<div style=\"color: #3897f0; font-family: Arial,sans-serif; font-size: 14px; font-style: normal; font-weight: 550; line-height: 18px;\">Ver esta publicaci\u00f3n en Instagram<\/div>\n<\/div>\n<div style=\"padding: 12.5% 0;\"><\/div>\n<div style=\"display: flex; flex-direction: row; margin-bottom: 14px; align-items: center;\">\n<div>\n<div style=\"background-color: #f4f4f4; border-radius: 50%; height: 12.5px; width: 12.5px; transform: translateX(0px) translateY(7px);\"><\/div>\n<div style=\"background-color: #f4f4f4; height: 12.5px; transform: rotate(-45deg) translateX(3px) translateY(1px); width: 12.5px; flex-grow: 0; margin-right: 14px; margin-left: 2px;\"><\/div>\n<div style=\"background-color: #f4f4f4; border-radius: 50%; height: 12.5px; width: 12.5px; transform: translateX(9px) translateY(-18px);\"><\/div>\n<\/div>\n<div style=\"margin-left: 8px;\">\n<div style=\"background-color: #f4f4f4; border-radius: 50%; flex-grow: 0; height: 20px; width: 20px;\"><\/div>\n<div style=\"width: 0; height: 0; border-top: 2px solid transparent; border-left: 6px solid #f4f4f4; border-bottom: 2px solid transparent; transform: translateX(16px) translateY(-4px) rotate(30deg);\"><\/div>\n<\/div>\n<div style=\"margin-left: auto;\">\n<div style=\"width: 0px; border-top: 8px solid #F4F4F4; border-right: 8px solid transparent; transform: translateY(16px);\"><\/div>\n<div style=\"background-color: #f4f4f4; flex-grow: 0; height: 12px; width: 16px; transform: translateY(-4px);\"><\/div>\n<div style=\"width: 0; height: 0; border-top: 8px solid #F4F4F4; border-left: 8px solid transparent; transform: translateY(-4px) translateX(8px);\"><\/div>\n<\/div>\n<\/div>\n<p>&nbsp;<\/p>\n<p style=\"margin: 8px 0 0 0; padding: 0 4px;\"><a style=\"color: #000; font-family: Arial,sans-serif; font-size: 14px; font-style: normal; font-weight: normal; line-height: 17px; text-decoration: none; word-wrap: break-word;\" href=\"https:\/\/www.instagram.com\/p\/B7owV0UHY2p\/?utm_source=ig_embed&amp;utm_campaign=loading\" target=\"_blank\" rel=\"noopener\">Mami aqu\u00ed llego tu vaquero ?<\/a><\/p>\n<p style=\"color: #c9c8cd; font-family: Arial,sans-serif; font-size: 14px; line-height: 17px; margin-bottom: 0; margin-top: 8px; overflow: hidden; padding: 8px 0 7px; text-align: center; text-overflow: ellipsis; white-space: nowrap;\">Una publicaci\u00f3n compartida de <a style=\"color: #c9c8cd; font-family: Arial,sans-serif; font-size: 14px; font-style: normal; font-weight: normal; line-height: 17px;\" href=\"https:\/\/www.instagram.com\/jbalvin\/?utm_source=ig_embed&amp;utm_campaign=loading\" target=\"_blank\" rel=\"noopener\"> J Balvin<\/a> (@jbalvin) el <time style=\"font-family: Arial,sans-serif; font-size: 14px; line-height: 17px;\" datetime=\"2020-01-22T21:20:32+00:00\">22 Ene, 2020 a las 1:20 PST<\/time><\/p>\n<\/div>\n<\/blockquote>\n<p style=\"text-align: center;\"><script async src=\"\/\/www.instagram.com\/embed.js\"><\/script><\/p>\n<p>Y es que, Balvin ha sido comparado nada m\u00e1s y nada menos que con \u00a0<strong>Lupillo Rivera<\/strong> as\u00ed como, con <strong>Espinoza Paz<\/strong>. Y no hablamos del Espinoza que se ha visto en los \u00faltimos d\u00edas con el cabello bicolor, no, sino del que usa chamarra y sombrero.<\/p>\n<p>Tal como lees, y es que, el reconocido cantante de reggaet\u00f3n y pop latino, public\u00f3 en su Instagram una foto en el que porta un sombrero y una gran chamarra. En esta, posa de perfil, not\u00e1ndose su caracter\u00edstica barba y aunque el artista coloc\u00f3, \u201cMami lleg\u00f3 tu vaquero\u201d, la imagen sirvi\u00f3 para que inmediatamente se recordara las poses de cantantes del Regional, tan famosos como <strong>Espinoza Paz y Lupillo Rivera<\/strong>.<\/p>\n<figure id=\"attachment_13231\" aria-describedby=\"caption-attachment-13231\" style=\"width: 750px\" class=\"wp-caption aligncenter\"><img loading=\"lazy\" decoding=\"async\" class=\"wp-image-13231 size-full\" src=\"https:\/\/rolamix.com\/espectaculos\/wp-content\/uploads\/2020\/01\/Espinoza-y-Lupillo-1.jpg\" alt=\"Espinoza y Lupillo \" width=\"750\" height=\"500\" srcset=\"https:\/\/rolamix.com\/espectaculos\/wp-content\/uploads\/2020\/01\/Espinoza-y-Lupillo-1.jpg 750w, https:\/\/rolamix.com\/espectaculos\/wp-content\/uploads\/2020\/01\/Espinoza-y-Lupillo-1-300x200.jpg 300w\" sizes=\"auto, (max-width: 750px) 100vw, 750px\" \/><figcaption id=\"caption-attachment-13231\" class=\"wp-caption-text\">Espinoza Paz y Lupillo Rivera. \/ Fotos v\u00eda Instagram : @espinozapaz y @lupilloriveraofficial<\/figcaption><\/figure>\n<p><strong>Quiz\u00e1s tambi\u00e9n te interese leer:\u00a0<\/strong><a href=\"https:\/\/rolamix.com\/espectaculos\/grupo-firme-desata-las-redes-sociales-al-grabar-version-grupera-del-exito-mundial-tusa\/\">Grupo Firme Desata Las Redes Sociales Al Grabar Versi\u00f3n Grupera Del \u00c9xito Mundial \u201cTusa\u201d<\/a><\/p>\n<p>Este \u00faltimo incluso con barba, \u00a0rapado pero usa sombrero, tal como es el look que ha presentado m\u00e1s recientemente el popular J. Balvin. \u00a0Las opiniones son variadas pero tal parece que lo que s\u00ed queda claro, es que el estilo de Balvin sigue gustando en la mayor\u00eda, pues la foto ya tiene <strong>m\u00e1s de setecientos mil likes as\u00ed como, miles de comentarios positivos<\/strong>.<\/p>\n<figure id=\"attachment_13254\" aria-describedby=\"caption-attachment-13254\" style=\"width: 750px\" class=\"wp-caption aligncenter\"><img loading=\"lazy\" decoding=\"async\" class=\"wp-image-13254 size-full\" src=\"https:\/\/rolamix.com\/espectaculos\/wp-content\/uploads\/2020\/01\/j-balvin-lupillo-rivera.jpg\" alt=\"j balvin lupillo rivera\" width=\"750\" height=\"393\" srcset=\"https:\/\/rolamix.com\/espectaculos\/wp-content\/uploads\/2020\/01\/j-balvin-lupillo-rivera.jpg 750w, https:\/\/rolamix.com\/espectaculos\/wp-content\/uploads\/2020\/01\/j-balvin-lupillo-rivera-300x157.jpg 300w\" sizes=\"auto, (max-width: 750px) 100vw, 750px\" \/><figcaption id=\"caption-attachment-13254\" class=\"wp-caption-text\">Foto via radioformula<\/figcaption><\/figure>\n<p>Checa t\u00fa mismo <strong>las fotos de los tres artistas<\/strong> a ver a cu\u00e1l de los dos cantantes mexicanos se te parece J. Balvin en su foto de vaquero.<\/p>\n<p>&nbsp;<\/p>\n","protected":false},"excerpt":{"rendered":"<p>El gran exponente colombiano del g\u00e9nero urbano J. Balvin nunca ha tenido un look muy convencional o aburrido. Al contrario, adem\u00e1s de sus pegajosos temas, tambi\u00e9n se ha destacado siempre por su cabello colorido y originales atuendos. Nada parecidos por cierto, a los utilizados por los int\u00e9rpretes de nuestro Regional Mexicano, quienes suelen tener un [&hellip;]<\/p>\n","protected":false},"author":10,"featured_media":13235,"comment_status":"open","ping_status":"closed","sticky":false,"template":"","format":"standard","meta":{"footnotes":""},"categories":[2],"tags":[33,113,282,815,74,77],"class_list":["post-13230","post","type-post","status-publish","format-standard","has-post-thumbnail","hentry","category-noticias","tag-espinoza-paz","tag-j-balvin","tag-lupillo-rivera","tag-nuevo-look","tag-reggaeton","tag-regional-mexicano"],"aioseo_notices":[],"_links":{"self":[{"href":"https:\/\/rolamix.com\/espectaculos\/wp-json\/wp\/v2\/posts\/13230","targetHints":{"allow":["GET"]}}],"collection":[{"href":"https:\/\/rolamix.com\/espectaculos\/wp-json\/wp\/v2\/posts"}],"about":[{"href":"https:\/\/rolamix.com\/espectaculos\/wp-json\/wp\/v2\/types\/post"}],"author":[{"embeddable":true,"href":"https:\/\/rolamix.com\/espectaculos\/wp-json\/wp\/v2\/users\/10"}],"replies":[{"embeddable":true,"href":"https:\/\/rolamix.com\/espectaculos\/wp-json\/wp\/v2\/comments?post=13230"}],"version-history":[{"count":0,"href":"https:\/\/rolamix.com\/espectaculos\/wp-json\/wp\/v2\/posts\/13230\/revisions"}],"wp:featuredmedia":[{"embeddable":true,"href":"https:\/\/rolamix.com\/espectaculos\/wp-json\/wp\/v2\/media\/13235"}],"wp:attachment":[{"href":"https:\/\/rolamix.com\/espectaculos\/wp-json\/wp\/v2\/media?parent=13230"}],"wp:term":[{"taxonomy":"category","embeddable":true,"href":"https:\/\/rolamix.com\/espectaculos\/wp-json\/wp\/v2\/categories?post=13230"},{"taxonomy":"post_tag","embeddable":true,"href":"https:\/\/rolamix.com\/espectaculos\/wp-json\/wp\/v2\/tags?post=13230"}],"curies":[{"name":"wp","href":"https:\/\/api.w.org\/{rel}","templated":true}]}}