{"id":1336,"date":"2018-04-11T18:06:01","date_gmt":"2018-04-12T01:06:01","guid":{"rendered":"https:\/\/rolamix.com\/espectaculos\/?p=1336"},"modified":"2018-04-11T18:07:04","modified_gmt":"2018-04-12T01:07:04","slug":"pandilleros-atacan-a-mala-fr-cantante-de-la-vaca","status":"publish","type":"post","link":"https:\/\/rolamix.com\/espectaculos\/pandilleros-atacan-a-mala-fr-cantante-de-la-vaca\/","title":{"rendered":"Pandilleros Apu\u00f1alan al Merenguero Mala Fe, Cantante del Famoso Tema &#8220;La vaca&#8221;"},"content":{"rendered":"<p>El cantante dominicano \u201cMala Fe\u201d, cantante del famoso tema &#8220;La vaca&#8221;, fue atacado fuertemente por pandilleros de los suburbios de Nueva York caus\u00e1ndole heridas de gravedad en la cabeza, el rostro, la espalda y el vientre, que hicieron que fuera a parar al hospital m\u00e1s cercano.<\/p>\n<p>El merenguero Javier Guti\u00e9rrez, nombre real de Mala Fe, protagoniz\u00f3 una ri\u00f1a callejera con quienes se presume forman parte de una pandilla de las calles del barrio de Washington Heights de la ciudad de Nueva York.<\/p>\n<p>Se sabe que la noche del sabado pasado el cantante se dirig\u00eda a reunisrse con algunos miembros de su grupo cuando en una de las calles del barrio se encontr\u00f3 de frente con cuatro j\u00f3venes de entre 17 y 21 a\u00f1os de edad quienes mostraron molestia cuando Mala Fe les toc\u00f3 la bocina del auto solicitando que \u00a0se quitaran del arroyo vehicular para poder pasar.<\/p>\n<p>Lejos de hacer caso a la solicitud dos de los j\u00f3venes reaccionaron violentamente arrojando una botella de vidrio al parabrisas del auto del cantante, cuando Javier Guti\u00e9rrez baj\u00f3 del auto tratando de increpar lo sucedido fue atacado por el resto de los adolescentes quienes le dieron un botellazo en la cabeza y lo hirieron con armas punzocortantes que provocaron que el merenguero fuera a parar al hospital para recibir 100 puntos de sutura.<\/p>\n<p>Quiza tambien te interese:\u00a0<a href=\"https:\/\/rolamix.com\/espectaculos\/maestros-secuestran-autobus-de-el-mimoso\/\">Secuestran Autob\u00fas De \u2018El Mimoso\u2019, Exvocalista De La Banda El Recodo<\/a><\/p>\n<p>Las heridas que sufri\u00f3 fueron de gravedad pero el cantante ya se recupera favorablemente en su domicilio de Nueva York desde donde hizo un llamado a las autoridades locales para frenar la violencia pues con tristeza, dijo, la gente de trabajo est\u00e1 expuesta a este tipo de inseguridades.<\/p>\n<p>Es lamentable, agreg\u00f3, que en una situaci\u00f3n de este tipo la sociedad se queda tan solo en el papel de espectador sin ser capaz de intervenir para poner un alto como le sucedi\u00f3 a \u00e9l, que durante el ataque decenas de personas miraron sin ofrecer ning\u00fan tipo de ayuda.<\/p>\n<p>Mira el video:<\/p>\n<p><iframe loading=\"lazy\" width=\"1170\" height=\"658\" src=\"https:\/\/www.youtube.com\/embed\/qPWylvKKeW4?feature=oembed\" frameborder=\"0\" allow=\"autoplay; encrypted-media\" allowfullscreen><\/iframe><\/p>\n","protected":false},"excerpt":{"rendered":"<p>El cantante dominicano \u201cMala Fe\u201d, cantante del famoso tema &#8220;La vaca&#8221;, fue atacado fuertemente por pandilleros de los suburbios de Nueva York caus\u00e1ndole heridas de gravedad en la cabeza, el rostro, la espalda y el vientre, que hicieron que fuera a parar al hospital m\u00e1s cercano. El merenguero Javier Guti\u00e9rrez, nombre real de Mala Fe, [&hellip;]<\/p>\n","protected":false},"author":1,"featured_media":1337,"comment_status":"open","ping_status":"closed","sticky":false,"template":"","format":"standard","meta":{"footnotes":""},"categories":[2],"tags":[264,23,263],"class_list":["post-1336","post","type-post","status-publish","format-standard","has-post-thumbnail","hentry","category-noticias","tag-mala-fe","tag-video","tag-violencia"],"aioseo_notices":[],"_links":{"self":[{"href":"https:\/\/rolamix.com\/espectaculos\/wp-json\/wp\/v2\/posts\/1336","targetHints":{"allow":["GET"]}}],"collection":[{"href":"https:\/\/rolamix.com\/espectaculos\/wp-json\/wp\/v2\/posts"}],"about":[{"href":"https:\/\/rolamix.com\/espectaculos\/wp-json\/wp\/v2\/types\/post"}],"author":[{"embeddable":true,"href":"https:\/\/rolamix.com\/espectaculos\/wp-json\/wp\/v2\/users\/1"}],"replies":[{"embeddable":true,"href":"https:\/\/rolamix.com\/espectaculos\/wp-json\/wp\/v2\/comments?post=1336"}],"version-history":[{"count":0,"href":"https:\/\/rolamix.com\/espectaculos\/wp-json\/wp\/v2\/posts\/1336\/revisions"}],"wp:featuredmedia":[{"embeddable":true,"href":"https:\/\/rolamix.com\/espectaculos\/wp-json\/wp\/v2\/media\/1337"}],"wp:attachment":[{"href":"https:\/\/rolamix.com\/espectaculos\/wp-json\/wp\/v2\/media?parent=1336"}],"wp:term":[{"taxonomy":"category","embeddable":true,"href":"https:\/\/rolamix.com\/espectaculos\/wp-json\/wp\/v2\/categories?post=1336"},{"taxonomy":"post_tag","embeddable":true,"href":"https:\/\/rolamix.com\/espectaculos\/wp-json\/wp\/v2\/tags?post=1336"}],"curies":[{"name":"wp","href":"https:\/\/api.w.org\/{rel}","templated":true}]}}