{"id":14577,"date":"2020-03-19T17:12:21","date_gmt":"2020-03-20T00:12:21","guid":{"rendered":"https:\/\/rolamix.com\/espectaculos\/?p=14577"},"modified":"2020-03-19T17:12:21","modified_gmt":"2020-03-20T00:12:21","slug":"con-el-alma-rota-karma-norteno-canta-la-derrota","status":"publish","type":"post","link":"https:\/\/rolamix.com\/espectaculos\/con-el-alma-rota-karma-norteno-canta-la-derrota\/","title":{"rendered":"Con el alma rota Karma Norte\u00f1o canta \u201cLa Derrota\u201d"},"content":{"rendered":"\n<p>Como punta de lanza de su m\u00e1s\nreciente \u00e1lbum discogr\u00e1fico titulado &#8220;De Jalisco Para El Mundo&#8221;, la\nagrupaci\u00f3n de regional mexicano \u201c<strong>Karma\nNorte\u00f1o<\/strong>\u201d lanz\u00f3 este mes pasado el tema \u201c<strong>La derrota<\/strong>\u201d, el cual ya se encuentra disponible en todas las\nplataformas digitales. <\/p>\n\n\n\n<p>Como muchos saben, esta canci\u00f3n\nfue popularizada por el cantante de rancheras Don Vicente Fern\u00e1ndez, y es de la\n<strong>autor\u00eda del fallecido Joan Sebastian<\/strong>.\nAs\u00ed pues, este tema de despecho y desamor ya cuenta con gran reconocimiento del\np\u00fablico en la voz de \u201cChente\u201d, por lo que fue todo un reto para los seis j\u00f3venes\nque integran el grupo norte\u00f1o, hacer una <strong>nueva\nversi\u00f3n de \u201cLa Derrota\u201d <\/strong>en una voz y g\u00e9nero distinto.<\/p>\n\n\n\n<p>As\u00ed que pusieron toda su pasi\u00f3n, conocimiento\nmusical y estilo particular para hacer de \u00e9sta, una pieza original al ritmo de\nlos acordes propios del acorde\u00f3n, la tuba, el bajo quinto, la bater\u00eda y el bajo,\ncuyos instrumentos caracterizan todos los sencillos de este <strong>grupo originario de Puerto Vallarta,\nJalisco<\/strong>.<\/p>\n\n\n\n<blockquote class=\"instagram-media\" data-instgrm-captioned=\"\" data-instgrm-permalink=\"https:\/\/www.instagram.com\/p\/B8hBI-TpkPD\/?utm_source=ig_embed&amp;utm_campaign=loading\" data-instgrm-version=\"12\" style=\" background:#FFF; border:0; border-radius:3px; box-shadow:0 0 1px 0 rgba(0,0,0,0.5),0 1px 10px 0 rgba(0,0,0,0.15); margin: 1px; max-width:540px; min-width:326px; padding:0; width:99.375%; width:-webkit-calc(100% - 2px); width:calc(100% - 2px);\"><div style=\"padding:16px;\"> <a href=\"https:\/\/www.instagram.com\/p\/B8hBI-TpkPD\/?utm_source=ig_embed&amp;utm_campaign=loading\" style=\" background:#FFFFFF; line-height:0; padding:0 0; text-align:center; text-decoration:none; width:100%;\" target=\"_blank\" rel=\"noopener noreferrer\"> <div style=\" display: flex; flex-direction: row; align-items: center;\"> <div style=\"background-color: #F4F4F4; border-radius: 50%; flex-grow: 0; height: 40px; margin-right: 14px; width: 40px;\"><\/div> <div style=\"display: flex; flex-direction: column; flex-grow: 1; justify-content: center;\"> <div style=\" background-color: #F4F4F4; border-radius: 4px; flex-grow: 0; height: 14px; margin-bottom: 6px; width: 100px;\"><\/div> <div style=\" background-color: #F4F4F4; border-radius: 4px; flex-grow: 0; height: 14px; width: 60px;\"><\/div><\/div><\/div><div style=\"padding: 19% 0;\"><\/div> <div style=\"display:block; height:50px; margin:0 auto 12px; width:50px;\"><\/div><div style=\"padding-top: 8px;\"> <div style=\" color:#3897f0; font-family:Arial,sans-serif; font-size:14px; font-style:normal; font-weight:550; line-height:18px;\"> Ver esta publicaci\u00f3n en Instagram<\/div><\/div><div style=\"padding: 12.5% 0;\"><\/div> <div style=\"display: flex; flex-direction: row; margin-bottom: 14px; align-items: center;\"><div> <div style=\"background-color: #F4F4F4; border-radius: 50%; height: 12.5px; width: 12.5px; transform: translateX(0px) translateY(7px);\"><\/div> <div style=\"background-color: #F4F4F4; height: 12.5px; transform: rotate(-45deg) translateX(3px) translateY(1px); width: 12.5px; flex-grow: 0; margin-right: 14px; margin-left: 2px;\"><\/div> <div style=\"background-color: #F4F4F4; border-radius: 50%; height: 12.5px; width: 12.5px; transform: translateX(9px) translateY(-18px);\"><\/div><\/div><div style=\"margin-left: 8px;\"> <div style=\" background-color: #F4F4F4; border-radius: 50%; flex-grow: 0; height: 20px; width: 20px;\"><\/div> <div style=\" width: 0; height: 0; border-top: 2px solid transparent; border-left: 6px solid #f4f4f4; border-bottom: 2px solid transparent; transform: translateX(16px) translateY(-4px) rotate(30deg)\"><\/div><\/div><div style=\"margin-left: auto;\"> <div style=\" width: 0px; border-top: 8px solid #F4F4F4; border-right: 8px solid transparent; transform: translateY(16px);\"><\/div> <div style=\" background-color: #F4F4F4; flex-grow: 0; height: 12px; width: 16px; transform: translateY(-4px);\"><\/div> <div style=\" width: 0; height: 0; border-top: 8px solid #F4F4F4; border-left: 8px solid transparent; transform: translateY(-4px) translateX(8px);\"><\/div><\/div><\/div><\/a> <p style=\" margin:8px 0 0 0; padding:0 4px;\"> <a href=\"https:\/\/www.instagram.com\/p\/B8hBI-TpkPD\/?utm_source=ig_embed&amp;utm_campaign=loading\" style=\" color:#000; font-family:Arial,sans-serif; font-size:14px; font-style:normal; font-weight:normal; line-height:17px; text-decoration:none; word-wrap:break-word;\" target=\"_blank\" rel=\"noopener noreferrer\">\ud83d\udcfd\ufe0f La Derrota \ud83d\udcfd\ufe0f \u00bfYa la escucharon? \ud83d\udd17 Link en Bio De Jalisco para el mundo, con mucho cari\u00f1o esta canci\u00f3n del se\u00f1or Joan Sebastian. Esperamos sea de su agrado y nos ayuden a compartir. Muchas gracias y bendiciones. #QueRetumbeElKarma . . . . . . #karmanorte\u00f1o #norte\u00f1obanda #regionalmexicano #musicamexicana #corridos #bailes #corridosvip #corridoschingones #corridosalterados #corridosybandas #corridostumbados #corridosnuevos #alcien #videorola #laderrota #dejaliscoparaelmundo #joansebastian<\/a><\/p> <p style=\" color:#c9c8cd; font-family:Arial,sans-serif; font-size:14px; line-height:17px; margin-bottom:0; margin-top:8px; overflow:hidden; padding:8px 0 7px; text-align:center; text-overflow:ellipsis; white-space:nowrap;\">Una publicaci\u00f3n compartida de <a href=\"https:\/\/www.instagram.com\/karmanort\/?utm_source=ig_embed&amp;utm_campaign=loading\" style=\" color:#c9c8cd; font-family:Arial,sans-serif; font-size:14px; font-style:normal; font-weight:normal; line-height:17px;\" target=\"_blank\" rel=\"noopener noreferrer\"> Karma Norte\u00f1o<\/a> (@karmanort) el <time style=\" font-family:Arial,sans-serif; font-size:14px; line-height:17px;\" datetime=\"2020-02-13T17:45:09+00:00\">13 Feb, 2020 a las 9:45 PST<\/time><\/p><\/div><\/blockquote> <script async=\"\" src=\"\/\/www.instagram.com\/embed.js\"><\/script>\n\n\n\n<p>\u201cEl primero de una serie de\nvideos musicales que hicimos para ustedes. Composici\u00f3n del se\u00f1or Joan\nSebastian. Esperamos sea de su agrado y nos ayuden a compartir. Muchas gracias.\n#QueRetumbeElKarma\u201d, fue el mensaje con el que presentaron su <strong>nuevo sencillo<\/strong> \u201cLa Derrota\u201d en sus\nredes sociales.&nbsp;&nbsp; <\/p>\n\n\n\n<p>Quiz\u00e1s tambi\u00e9n te interese: <a href=\"https:\/\/rolamix.com\/espectaculos\/los-del-kania-a-dueto-con-aaron-y-su-grupo-ilusion-le-cantan-al-desamor-con-nunca-fui-tu-dueno\/\">Los Del Ka\u00f1ia A Dueto Con Aar\u00f3n Y Su Grupo Ilusi\u00f3n Le Cantan Al Desamor Con \u201cNunca Fui Tu Due\u00f1o\u201d<\/a><\/p>\n\n\n\n<blockquote class=\"instagram-media\" data-instgrm-captioned=\"\" data-instgrm-permalink=\"https:\/\/www.instagram.com\/p\/B8fR9pgJh2Z\/?utm_source=ig_embed&amp;utm_campaign=loading\" data-instgrm-version=\"12\" style=\" background:#FFF; border:0; border-radius:3px; box-shadow:0 0 1px 0 rgba(0,0,0,0.5),0 1px 10px 0 rgba(0,0,0,0.15); margin: 1px; max-width:540px; min-width:326px; padding:0; width:99.375%; width:-webkit-calc(100% - 2px); width:calc(100% - 2px);\"><div style=\"padding:16px;\"> <a href=\"https:\/\/www.instagram.com\/p\/B8fR9pgJh2Z\/?utm_source=ig_embed&amp;utm_campaign=loading\" style=\" background:#FFFFFF; line-height:0; padding:0 0; text-align:center; text-decoration:none; width:100%;\" target=\"_blank\" rel=\"noopener noreferrer\"> <div style=\" display: flex; flex-direction: row; align-items: center;\"> <div style=\"background-color: #F4F4F4; border-radius: 50%; flex-grow: 0; height: 40px; margin-right: 14px; width: 40px;\"><\/div> <div style=\"display: flex; flex-direction: column; flex-grow: 1; justify-content: center;\"> <div style=\" background-color: #F4F4F4; border-radius: 4px; flex-grow: 0; height: 14px; margin-bottom: 6px; width: 100px;\"><\/div> <div style=\" background-color: #F4F4F4; border-radius: 4px; flex-grow: 0; height: 14px; width: 60px;\"><\/div><\/div><\/div><div style=\"padding: 19% 0;\"><\/div> <div style=\"display:block; height:50px; margin:0 auto 12px; width:50px;\"><\/div><div style=\"padding-top: 8px;\"> <div style=\" color:#3897f0; font-family:Arial,sans-serif; font-size:14px; font-style:normal; font-weight:550; line-height:18px;\"> Ver esta publicaci\u00f3n en Instagram<\/div><\/div><div style=\"padding: 12.5% 0;\"><\/div> <div style=\"display: flex; flex-direction: row; margin-bottom: 14px; align-items: center;\"><div> <div style=\"background-color: #F4F4F4; border-radius: 50%; height: 12.5px; width: 12.5px; transform: translateX(0px) translateY(7px);\"><\/div> <div style=\"background-color: #F4F4F4; height: 12.5px; transform: rotate(-45deg) translateX(3px) translateY(1px); width: 12.5px; flex-grow: 0; margin-right: 14px; margin-left: 2px;\"><\/div> <div style=\"background-color: #F4F4F4; border-radius: 50%; height: 12.5px; width: 12.5px; transform: translateX(9px) translateY(-18px);\"><\/div><\/div><div style=\"margin-left: 8px;\"> <div style=\" background-color: #F4F4F4; border-radius: 50%; flex-grow: 0; height: 20px; width: 20px;\"><\/div> <div style=\" width: 0; height: 0; border-top: 2px solid transparent; border-left: 6px solid #f4f4f4; border-bottom: 2px solid transparent; transform: translateX(16px) translateY(-4px) rotate(30deg)\"><\/div><\/div><div style=\"margin-left: auto;\"> <div style=\" width: 0px; border-top: 8px solid #F4F4F4; border-right: 8px solid transparent; transform: translateY(16px);\"><\/div> <div style=\" background-color: #F4F4F4; flex-grow: 0; height: 12px; width: 16px; transform: translateY(-4px);\"><\/div> <div style=\" width: 0; height: 0; border-top: 8px solid #F4F4F4; border-left: 8px solid transparent; transform: translateY(-4px) translateX(8px);\"><\/div><\/div><\/div><\/a> <p style=\" margin:8px 0 0 0; padding:0 4px;\"> <a href=\"https:\/\/www.instagram.com\/p\/B8fR9pgJh2Z\/?utm_source=ig_embed&amp;utm_campaign=loading\" style=\" color:#000; font-family:Arial,sans-serif; font-size:14px; font-style:normal; font-weight:normal; line-height:17px; text-decoration:none; word-wrap:break-word;\" target=\"_blank\" rel=\"noopener noreferrer\">\ud83d\udea8 De Jalisco Para El Mundo \ud83d\udea8 \ud83d\udcfb Nuevo \u00e1lbum YA DISPONIBLE en @spotifymx y todas las plataformas digitales. #QueRetumbeElKarma . . . . . #karmanorte\u00f1o #norte\u00f1obanda #regionalmexicano #musicamexicana #corridos #bailes #corridosvip #corridoschingones #corridosalterados #corridosybandas #corridostumbados #corridosnuevos #alcien #videorola #dejaliscoparaelmundo #spotifymusic #bandamax<\/a><\/p> <p style=\" color:#c9c8cd; font-family:Arial,sans-serif; font-size:14px; line-height:17px; margin-bottom:0; margin-top:8px; overflow:hidden; padding:8px 0 7px; text-align:center; text-overflow:ellipsis; white-space:nowrap;\">Una publicaci\u00f3n compartida de <a href=\"https:\/\/www.instagram.com\/karmanort\/?utm_source=ig_embed&amp;utm_campaign=loading\" style=\" color:#c9c8cd; font-family:Arial,sans-serif; font-size:14px; font-style:normal; font-weight:normal; line-height:17px;\" target=\"_blank\" rel=\"noopener noreferrer\"> Karma Norte\u00f1o<\/a> (@karmanort) el <time style=\" font-family:Arial,sans-serif; font-size:14px; line-height:17px;\" datetime=\"2020-02-13T01:33:19+00:00\">12 Feb, 2020 a las 5:33 PST<\/time><\/p><\/div><\/blockquote> <script async=\"\" src=\"\/\/www.instagram.com\/embed.js\"><\/script>\n\n\n\n<p>Y es que adem\u00e1s, grabaron el <strong>video oficial <\/strong>de este tema, el cual\nrepresent\u00f3 la primera historia visual de una lista de canciones que forman\nparte de su nuevo disco, tal como; \u201cLe\u00f1a de pirul\u201d, \u201cMis dos vicios\u201d, \u201cConcha\nquerida\u201d y la m\u00e1s reciente \u201cDelante de m\u00ed\u201d.<\/p>\n\n\n\n<p>El video de \u201cLa Derrota\u201d, fue filmado en Guadalajara, Jalisco, bajo el sello Camarena Music Group\u00a0y la direcci\u00f3n\/producci\u00f3n de Yani Camarena. En el mismo se aprecian a Erick, Daniel, Miguel, Cristian, Guillermo y Yosio dando vida a este imponente tema cargado de sentimiento, acompa\u00f1ados de unos tragos para dar m\u00e1s realismo a su magn\u00edfica interpretaci\u00f3n. <\/p>\n\n\n\n<p>Hasta ahora, el video en YouTube suma m\u00e1s de 100mil reproducciones y m\u00faltiples comentarios que dan cuenta de la aceptaci\u00f3n del p\u00fablico.<\/p>\n\n\n\n<figure class=\"wp-block-embed-youtube wp-block-embed is-type-video is-provider-youtube wp-embed-aspect-16-9 wp-has-aspect-ratio\"><div class=\"wp-block-embed__wrapper\">\n<iframe loading=\"lazy\" title=\"La Derrota - Karma Norte\u00f1o (Desde Guadalajara)\" width=\"1170\" height=\"658\" src=\"https:\/\/www.youtube.com\/embed\/Wn6ry4BUfgg?wmode=transparent&amp;rel=0&amp;feature=oembed\" frameborder=\"0\" allow=\"accelerometer; autoplay; clipboard-write; encrypted-media; gyroscope; picture-in-picture\" allowfullscreen><\/iframe>\n<\/div><\/figure>\n\n\n\n<p>Karma Norte\u00f1o continua prepar\u00e1ndose para la presentaci\u00f3n de nuevos sencillos de calidad, impregnados de su <strong>estilo, talento y originalidad<\/strong>. Por lo pronto, siguen promocionando sus materiales musicales a trav\u00e9s de sus redes sociales, presentaciones en vivo y programas en televisi\u00f3n, a fin de seguir escalando posiciones e ir sumando popularidad a su carrera como <strong>exponentes del regional mexicano<\/strong>.<\/p>\n\n\n\n<blockquote class=\"instagram-media\" data-instgrm-captioned=\"\" data-instgrm-permalink=\"https:\/\/www.instagram.com\/p\/B9b8anVp1jy\/?utm_source=ig_embed&amp;utm_campaign=loading\" data-instgrm-version=\"12\" style=\" background:#FFF; border:0; border-radius:3px; box-shadow:0 0 1px 0 rgba(0,0,0,0.5),0 1px 10px 0 rgba(0,0,0,0.15); margin: 1px; max-width:540px; min-width:326px; padding:0; width:99.375%; width:-webkit-calc(100% - 2px); width:calc(100% - 2px);\"><div style=\"padding:16px;\"> <a href=\"https:\/\/www.instagram.com\/p\/B9b8anVp1jy\/?utm_source=ig_embed&amp;utm_campaign=loading\" style=\" background:#FFFFFF; line-height:0; padding:0 0; text-align:center; text-decoration:none; width:100%;\" target=\"_blank\" rel=\"noopener noreferrer\"> <div style=\" display: flex; flex-direction: row; align-items: center;\"> <div style=\"background-color: #F4F4F4; border-radius: 50%; flex-grow: 0; height: 40px; margin-right: 14px; width: 40px;\"><\/div> <div style=\"display: flex; flex-direction: column; flex-grow: 1; justify-content: center;\"> <div style=\" background-color: #F4F4F4; border-radius: 4px; flex-grow: 0; height: 14px; margin-bottom: 6px; width: 100px;\"><\/div> <div style=\" background-color: #F4F4F4; border-radius: 4px; flex-grow: 0; height: 14px; width: 60px;\"><\/div><\/div><\/div><div style=\"padding: 19% 0;\"><\/div> <div style=\"display:block; height:50px; margin:0 auto 12px; width:50px;\"><\/div><div style=\"padding-top: 8px;\"> <div style=\" color:#3897f0; font-family:Arial,sans-serif; font-size:14px; font-style:normal; font-weight:550; line-height:18px;\"> Ver esta publicaci\u00f3n en Instagram<\/div><\/div><div style=\"padding: 12.5% 0;\"><\/div> <div style=\"display: flex; flex-direction: row; margin-bottom: 14px; align-items: center;\"><div> <div style=\"background-color: #F4F4F4; border-radius: 50%; height: 12.5px; width: 12.5px; transform: translateX(0px) translateY(7px);\"><\/div> <div style=\"background-color: #F4F4F4; height: 12.5px; transform: rotate(-45deg) translateX(3px) translateY(1px); width: 12.5px; flex-grow: 0; margin-right: 14px; margin-left: 2px;\"><\/div> <div style=\"background-color: #F4F4F4; border-radius: 50%; height: 12.5px; width: 12.5px; transform: translateX(9px) translateY(-18px);\"><\/div><\/div><div style=\"margin-left: 8px;\"> <div style=\" background-color: #F4F4F4; border-radius: 50%; flex-grow: 0; height: 20px; width: 20px;\"><\/div> <div style=\" width: 0; height: 0; border-top: 2px solid transparent; border-left: 6px solid #f4f4f4; border-bottom: 2px solid transparent; transform: translateX(16px) translateY(-4px) rotate(30deg)\"><\/div><\/div><div style=\"margin-left: auto;\"> <div style=\" width: 0px; border-top: 8px solid #F4F4F4; border-right: 8px solid transparent; transform: translateY(16px);\"><\/div> <div style=\" background-color: #F4F4F4; flex-grow: 0; height: 12px; width: 16px; transform: translateY(-4px);\"><\/div> <div style=\" width: 0; height: 0; border-top: 8px solid #F4F4F4; border-left: 8px solid transparent; transform: translateY(-4px) translateX(8px);\"><\/div><\/div><\/div><\/a> <p style=\" margin:8px 0 0 0; padding:0 4px;\"> <a href=\"https:\/\/www.instagram.com\/p\/B9b8anVp1jy\/?utm_source=ig_embed&amp;utm_campaign=loading\" style=\" color:#000; font-family:Arial,sans-serif; font-size:14px; font-style:normal; font-weight:normal; line-height:17px; text-decoration:none; word-wrap:break-word;\" target=\"_blank\" rel=\"noopener noreferrer\">\ud83d\udcfa Les compartimos una foto m\u00e1s con la gente de #SabadazoGDL @televisa_gdl. Saludos, bendiciones y #QueRetumbeElKarma . . . . . #karmanorte\u00f1o #norte\u00f1obanda #regionalmexicano #musicamexicana #corridos #bailes #corridosvip #corridoschingones #corridosalterados #corridosybandas #corridostumbados #corridosnuevos #alcien #televisaguadalajara<\/a><\/p> <p style=\" color:#c9c8cd; font-family:Arial,sans-serif; font-size:14px; line-height:17px; margin-bottom:0; margin-top:8px; overflow:hidden; padding:8px 0 7px; text-align:center; text-overflow:ellipsis; white-space:nowrap;\">Una publicaci\u00f3n compartida de <a href=\"https:\/\/www.instagram.com\/karmanort\/?utm_source=ig_embed&amp;utm_campaign=loading\" style=\" color:#c9c8cd; font-family:Arial,sans-serif; font-size:14px; font-style:normal; font-weight:normal; line-height:17px;\" target=\"_blank\" rel=\"noopener noreferrer\"> Karma Norte\u00f1o<\/a> (@karmanort) el <time style=\" font-family:Arial,sans-serif; font-size:14px; line-height:17px;\" datetime=\"2020-03-07T14:58:42+00:00\">7 Mar, 2020 a las 6:58 PST<\/time><\/p><\/div><\/blockquote> <script async=\"\" src=\"\/\/www.instagram.com\/embed.js\"><\/script>\n","protected":false},"excerpt":{"rendered":"<p>Como punta de lanza de su m\u00e1s reciente \u00e1lbum discogr\u00e1fico titulado &#8220;De Jalisco Para El Mundo&#8221;, la agrupaci\u00f3n de regional mexicano \u201cKarma Norte\u00f1o\u201d lanz\u00f3 este mes pasado el tema \u201cLa derrota\u201d, el cual ya se encuentra disponible en todas las plataformas digitales. Como muchos saben, esta canci\u00f3n fue popularizada por el cantante de rancheras Don [&hellip;]<\/p>\n","protected":false},"author":8,"featured_media":14580,"comment_status":"open","ping_status":"closed","sticky":false,"template":"","format":"standard","meta":{"footnotes":""},"categories":[2],"tags":[1906,137,23],"class_list":["post-14577","post","type-post","status-publish","format-standard","has-post-thumbnail","hentry","category-noticias","tag-karma-norteno","tag-nuevo-sencillo","tag-video"],"aioseo_notices":[],"_links":{"self":[{"href":"https:\/\/rolamix.com\/espectaculos\/wp-json\/wp\/v2\/posts\/14577","targetHints":{"allow":["GET"]}}],"collection":[{"href":"https:\/\/rolamix.com\/espectaculos\/wp-json\/wp\/v2\/posts"}],"about":[{"href":"https:\/\/rolamix.com\/espectaculos\/wp-json\/wp\/v2\/types\/post"}],"author":[{"embeddable":true,"href":"https:\/\/rolamix.com\/espectaculos\/wp-json\/wp\/v2\/users\/8"}],"replies":[{"embeddable":true,"href":"https:\/\/rolamix.com\/espectaculos\/wp-json\/wp\/v2\/comments?post=14577"}],"version-history":[{"count":0,"href":"https:\/\/rolamix.com\/espectaculos\/wp-json\/wp\/v2\/posts\/14577\/revisions"}],"wp:featuredmedia":[{"embeddable":true,"href":"https:\/\/rolamix.com\/espectaculos\/wp-json\/wp\/v2\/media\/14580"}],"wp:attachment":[{"href":"https:\/\/rolamix.com\/espectaculos\/wp-json\/wp\/v2\/media?parent=14577"}],"wp:term":[{"taxonomy":"category","embeddable":true,"href":"https:\/\/rolamix.com\/espectaculos\/wp-json\/wp\/v2\/categories?post=14577"},{"taxonomy":"post_tag","embeddable":true,"href":"https:\/\/rolamix.com\/espectaculos\/wp-json\/wp\/v2\/tags?post=14577"}],"curies":[{"name":"wp","href":"https:\/\/api.w.org\/{rel}","templated":true}]}}