{"id":15259,"date":"2020-04-16T14:46:08","date_gmt":"2020-04-16T21:46:08","guid":{"rendered":"https:\/\/rolamixinc.wpcomstaging.com\/?p=15259"},"modified":"2020-04-16T14:46:08","modified_gmt":"2020-04-16T21:46:08","slug":"festivales-y-conciertos-podrian-tener-que-esperar-hasta-el-2021-para-regresar","status":"publish","type":"post","link":"https:\/\/rolamix.com\/espectaculos\/festivales-y-conciertos-podrian-tener-que-esperar-hasta-el-2021-para-regresar\/","title":{"rendered":"Festivales y conciertos podr\u00edan tener que esperar hasta el 2021 para regresar"},"content":{"rendered":"\n<p>Con la pandemia que estamos viviendo, muchas cosas han cambiado, <strong>la vida de las personas se ha transformado por completo<\/strong> y han sido muchos, los que han debido dejar a un lado sus trabajos convencionales debido a las medidas de aislamiento social. Pero adem\u00e1s de los trabajos y las escuelas, tambi\u00e9n se han debido hacer ajustes en espect\u00e1culos y otros tipos de entretenimiento.<\/p>\n\n\n\n<p>As\u00ed pues, debido a que, las reuniones masivas o aglomeraciones de personas representan un peligro inminente para que el virus se propague, han sido muchos los eventos que debieron cancelarse. Sin embargo, varios de estos no fueron descartados por completo sino, \u00fanicamente postergados. Este es el caso de <strong>conciertos como el de Tame Impala junto a MGMT y festivales como Corona Capital Guadalajara, Ceremonia, Hellow y Pa\u2019l norte<\/strong>, que se promocionan aun para finales de a\u00f1o entre los meses de septiembre, octubre y noviembre en M\u00e9xico.<\/p>\n\n\n\n<p>Ahora bien, expertos han comentado que la situaci\u00f3n que se est\u00e1 viviendo a nivel mundial est\u00e1 lejos de controlarse totalmente para que todo vuelva a la conocida \u201cnormalidad\u201d. <\/p>\n\n\n\n<p>De hecho, la cuarentena ha sido extendida en la mayor\u00eda de los pa\u00edses que sufren la infecci\u00f3n, por lo que, de acuerdo con lo mencionado por <strong>Zeke Emmanuel \u2013director del Instituto de Transformaci\u00f3n de la Salud de la Universidad de Pennsylvania<\/strong>, en lo \u00faltimo en lo que se deber\u00eda pensar, es en el retorno de los espect\u00e1culos que incluyan a miles de personas como los festivales y conciertos.<\/p>\n\n\n\n<figure class=\"wp-block-image size-large\"><img decoding=\"async\" src=\"https:\/\/rolamix.com\/espectaculos\/wp-content\/uploads\/2020\/04\/face-mask-4890115_1280-1-1-1024x1024.png\" alt=\"Mascarilla y guantes\" class=\"wp-image-15265\"\/><figcaption>El mundo podr\u00eda volver a la &#8220;normalidad&#8221; en octubre de 2021 | Foto ilustrativa v\u00eda Pixabay <\/figcaption><\/figure>\n\n\n\n<p>Quiz\u00e1s tambi\u00e9n te interese leer: <a href=\"https:\/\/rolamix.com\/espectaculos\/gomita-canta-en-video-tema-de-jenni-rivera-y-es-destrozan-en-redes-sociales\/\" class=\"aioseop-link\">Gomita Canta En Video Tema De Jenni Rivera Y La Destrozan En Redes Sociales<\/a><\/p>\n\n\n\n<p>Seg\u00fan el experto, <strong>una fecha m\u00e1s realista ser\u00eda octubre del 2021<\/strong>, tiempo para el cual se cree que s\u00ed podr\u00eda haber un control total de la situaci\u00f3n a nivel mundial. De manera que, es probable que conforme vayan avanzando las investigaciones y los casos de infectados en el mundo, los espect\u00e1culos p\u00fablicos deban confirmar <strong>una suspensi\u00f3n total por ahora, en lo que resta del a\u00f1o<\/strong>.<\/p>\n","protected":false},"excerpt":{"rendered":"<p>Con la pandemia que estamos viviendo, muchas cosas han cambiado, la vida de las personas se ha transformado por completo y han sido muchos, los que han debido dejar a un lado sus trabajos convencionales debido a las medidas de aislamiento social. Pero adem\u00e1s de los trabajos y las escuelas, tambi\u00e9n se han debido hacer [&hellip;]<\/p>\n","protected":false},"author":10,"featured_media":15261,"comment_status":"open","ping_status":"closed","sticky":false,"template":"","format":"standard","meta":{"footnotes":""},"categories":[2],"tags":[1895,2007],"class_list":["post-15259","post","type-post","status-publish","format-standard","has-post-thumbnail","hentry","category-noticias","tag-covid-19","tag-festivales-y-conciertos"],"aioseo_notices":[],"_links":{"self":[{"href":"https:\/\/rolamix.com\/espectaculos\/wp-json\/wp\/v2\/posts\/15259","targetHints":{"allow":["GET"]}}],"collection":[{"href":"https:\/\/rolamix.com\/espectaculos\/wp-json\/wp\/v2\/posts"}],"about":[{"href":"https:\/\/rolamix.com\/espectaculos\/wp-json\/wp\/v2\/types\/post"}],"author":[{"embeddable":true,"href":"https:\/\/rolamix.com\/espectaculos\/wp-json\/wp\/v2\/users\/10"}],"replies":[{"embeddable":true,"href":"https:\/\/rolamix.com\/espectaculos\/wp-json\/wp\/v2\/comments?post=15259"}],"version-history":[{"count":0,"href":"https:\/\/rolamix.com\/espectaculos\/wp-json\/wp\/v2\/posts\/15259\/revisions"}],"wp:featuredmedia":[{"embeddable":true,"href":"https:\/\/rolamix.com\/espectaculos\/wp-json\/wp\/v2\/media\/15261"}],"wp:attachment":[{"href":"https:\/\/rolamix.com\/espectaculos\/wp-json\/wp\/v2\/media?parent=15259"}],"wp:term":[{"taxonomy":"category","embeddable":true,"href":"https:\/\/rolamix.com\/espectaculos\/wp-json\/wp\/v2\/categories?post=15259"},{"taxonomy":"post_tag","embeddable":true,"href":"https:\/\/rolamix.com\/espectaculos\/wp-json\/wp\/v2\/tags?post=15259"}],"curies":[{"name":"wp","href":"https:\/\/api.w.org\/{rel}","templated":true}]}}