{"id":17470,"date":"2020-06-30T02:52:34","date_gmt":"2020-06-30T09:52:34","guid":{"rendered":"https:\/\/rolamixinc.wpcomstaging.com\/?p=17470"},"modified":"2020-06-30T02:52:34","modified_gmt":"2020-06-30T09:52:34","slug":"dark-ya-tiene-su-propia-cancion-al-estilo-mexicano-el-darkumbion","status":"publish","type":"post","link":"https:\/\/rolamix.com\/espectaculos\/dark-ya-tiene-su-propia-cancion-al-estilo-mexicano-el-darkumbion\/","title":{"rendered":"Dark ya tiene su propia canci\u00f3n al estilo mexicano \u201cEl Darkumbi\u00f3n\u201d"},"content":{"rendered":"\n<p><strong>El estreno de la tercera temporada<\/strong> de una de las series m\u00e1s exitosas de la gran productora Netflix tiene a m\u00e1s de uno entusiasmado. Y es que, pese a los memes de gran cantidad de internautas, relacionados a que Dark es bastante complicada y por lo tanto, dif\u00edcil de entender, muchos son los que han sentido debilidad por verla y mantenerse a la expectativa de su desenlace.<\/p>\n\n\n\n<p>Aprovechando esta fiebre por la serie y por lo tanto, su gran popularidad, el creador de contenido para <strong>su canal de Youtube; Tito Silva Music<\/strong>, conocido por sus creativas mezclas y combinaciones que permiten la creaci\u00f3n de m\u00fasica m\u00e1s cercana a lo popular, ha realizado lo que public\u00f3 como &#8220;<strong>El Darkumbi\u00f3n<\/strong>&#8220;.<\/p>\n\n\n\n<p>El ingenioso Silva que ya ha hecho otros trabajos bastante ingeniosos, mezclando por ejemplo, m\u00fasica de Michael Jackson con el sol de M\u00e9xico Luis Miguel, entre otros, esta vez decidi\u00f3 <strong>modificar de manera muy creativa el intro de la primera temporada de Dark<\/strong> y agregar algunas im\u00e1genes de sus escenas para incluir entonces, los particulares sonidos de los instrumentos utilizados en la cumbia.<\/p>\n\n\n\n<iframe loading=\"lazy\" width=\"640\" height=\"360\" src=\"https:\/\/www.youtube.com\/embed\/HJC5m76kGQI\" frameborder=\"0\" allow=\"accelerometer; autoplay; encrypted-media; gyroscope; picture-in-picture\" allowfullscreen=\"\"><\/iframe>\n\n\n\n<p>Como siempre, el gran trabajo de edici\u00f3n de Tito Silva ha logrado una armon\u00eda perfecta entre las im\u00e1genes y el sonido. De manera que, aun cuando esto no sea una versi\u00f3n oficial de Netflix, sin duda m\u00e1s de uno podr\u00e1 coincidir en que ha quedado perfecto <strong>para que el intro de la serie est\u00e9 m\u00e1s cercano a lo coloquial<\/strong> y as\u00ed, cualquiera pr\u00e1cticamente pueda disfrutarlo. Incluso aquellos que no est\u00e1n muy familiarizados con la serie pueden entretenerse con este trabajo. <\/p>\n\n\n\n<p>Quiz\u00e1s tambi\u00e9n te interese leer: <a href=\"http:\/\/rolamix.com\/espectaculos\/con-tremenda-foto-celebro-sus-35-anos-chiquis-rivera\/\">Con Tremenda Foto Celebr\u00f3 Sus 35 A\u00f1os, Chiquis Rivera<\/a><\/p>\n\n\n\n<p>&nbsp;Sin embargo, obviamente los que m\u00e1s han comentado el video han sido los fan\u00e1ticos de Dark quienes ya suman m\u00e1s de 250 comentarios, adem\u00e1s de que este ya supera las 60 mil reproducciones. Siendo publicado a principios de junio antes de que los internautas pudieran tener acceso a <strong>la tercera temporada de Dark ya disponible en Netflix<\/strong>.<\/p>\n","protected":false},"excerpt":{"rendered":"<p>El estreno de la tercera temporada de una de las series m\u00e1s exitosas de la gran productora Netflix tiene a m\u00e1s de uno entusiasmado. Y es que, pese a los memes de gran cantidad de internautas, relacionados a que Dark es bastante complicada y por lo tanto, dif\u00edcil de entender, muchos son los que han [&hellip;]<\/p>\n","protected":false},"author":10,"featured_media":17472,"comment_status":"open","ping_status":"closed","sticky":false,"template":"","format":"standard","meta":{"footnotes":""},"categories":[2],"tags":[2411,890],"class_list":["post-17470","post","type-post","status-publish","format-standard","has-post-thumbnail","hentry","category-noticias","tag-dark","tag-netflix"],"aioseo_notices":[],"_links":{"self":[{"href":"https:\/\/rolamix.com\/espectaculos\/wp-json\/wp\/v2\/posts\/17470","targetHints":{"allow":["GET"]}}],"collection":[{"href":"https:\/\/rolamix.com\/espectaculos\/wp-json\/wp\/v2\/posts"}],"about":[{"href":"https:\/\/rolamix.com\/espectaculos\/wp-json\/wp\/v2\/types\/post"}],"author":[{"embeddable":true,"href":"https:\/\/rolamix.com\/espectaculos\/wp-json\/wp\/v2\/users\/10"}],"replies":[{"embeddable":true,"href":"https:\/\/rolamix.com\/espectaculos\/wp-json\/wp\/v2\/comments?post=17470"}],"version-history":[{"count":0,"href":"https:\/\/rolamix.com\/espectaculos\/wp-json\/wp\/v2\/posts\/17470\/revisions"}],"wp:featuredmedia":[{"embeddable":true,"href":"https:\/\/rolamix.com\/espectaculos\/wp-json\/wp\/v2\/media\/17472"}],"wp:attachment":[{"href":"https:\/\/rolamix.com\/espectaculos\/wp-json\/wp\/v2\/media?parent=17470"}],"wp:term":[{"taxonomy":"category","embeddable":true,"href":"https:\/\/rolamix.com\/espectaculos\/wp-json\/wp\/v2\/categories?post=17470"},{"taxonomy":"post_tag","embeddable":true,"href":"https:\/\/rolamix.com\/espectaculos\/wp-json\/wp\/v2\/tags?post=17470"}],"curies":[{"name":"wp","href":"https:\/\/api.w.org\/{rel}","templated":true}]}}