{"id":17977,"date":"2020-07-17T04:19:20","date_gmt":"2020-07-17T11:19:20","guid":{"rendered":"https:\/\/rolamixinc.wpcomstaging.com\/?p=17977"},"modified":"2020-07-17T04:19:20","modified_gmt":"2020-07-17T11:19:20","slug":"otras-senales-poco-usuales-del-covid-19","status":"publish","type":"post","link":"https:\/\/rolamix.com\/espectaculos\/otras-senales-poco-usuales-del-covid-19\/","title":{"rendered":"Otras se\u00f1ales poco usuales del Covid-19"},"content":{"rendered":"\n<p>Debido a una intensa pero necesaria <strong>campa\u00f1a<\/strong> informativa con el objeto de frenar los contagios ante la contingencia sanitaria por Covid 19, hemos<strong> aprendido<\/strong> los s\u00edntomas, por decirlo de alguna manera, <strong>\u201ccomunes\u201d<\/strong> de la enfermedad, tales como <strong>fiebre<\/strong>, <strong>cansancio<\/strong>, <strong>tos seca <\/strong>o <strong>dolor de cuerpo<\/strong> y <strong>cabeza<\/strong>; sin embargo, la enfermedad est\u00e1 manifestando otros s\u00edntomas poco conocidos que es importante conocer, para su atenci\u00f3n temprana.<\/p>\n\n\n\n<div class=\"wp-block-image\"><figure class=\"aligncenter is-resized\"><img loading=\"lazy\" decoding=\"async\" src=\"https:\/\/lh5.googleusercontent.com\/hKPpOok72Of0UxmgCUoUte33EN1n8_Olz_tHkFh9KgTJalYF2Ujo4DgxC4gdD_tMi-PpqjMGE2a6ZwJnVpMWwwrudLVqph6z6cW2_9a_oiJHzu6ZARzLUBJQkI7GQFd3yG-_NQ7K\" alt=\"\" width=\"271\" height=\"320\"\/><figcaption><em>M.D. William F. Marshall<\/em><\/figcaption><\/figure><\/div>\n\n\n\n<p>El especialista en enfermedades infecciosas e internista <strong><em>William F. Marshall <\/em><\/strong>perteneciente al equipo m\u00e9dico del hospital <strong>Mayo Clinic <\/strong>con sede en Minnesota, Estados Unidos; ha <strong>publicado<\/strong> a trav\u00e9s de la p\u00e1gina web del hospital, una <strong>actualizaci\u00f3n <\/strong>de la sintomatolog\u00eda de la enfermedad, ya que el virus puede llegar a provocar una gran<strong> variedad<\/strong> de se\u00f1ales y <strong>s\u00edntomas.<\/strong><\/p>\n\n\n\n<p><strong>Cambios en la piel:<\/strong> <em>Casi todas las personas que enferman de Covi 19, ven cambios en forma de peque\u00f1as <\/em><strong><em>ampollas<\/em><\/strong><em> que pican y que duran 12 d\u00edas, o por su parte, genera <\/em><strong><em>urticaria<\/em><\/strong><em> o <\/em><strong><em>sarpullido<\/em><\/strong><em>, que suelen irse a los diez d\u00edas. Erupciones cut\u00e1neas o p\u00e9rdida del color en los dedos de las manos o de los pies.<\/em><\/p>\n\n\n\n<p><strong>S\u00edntomas gastrointestinales:<\/strong><em> Poco apetito, <\/em><strong><em>fatiga<\/em><\/strong><em>, n\u00e1useas o <\/em><strong><em>v\u00f3mitos<\/em><\/strong><em>. Es posible que estas dolencias solo duren un d\u00eda. Cabe se\u00f1alar que algunas personas manifiestan, antes de desarrollar la fiebre y los problemas respiratorios <\/em><strong><em>diarrea y n\u00e1useas<\/em><\/strong><em>.<\/em><\/p>\n\n\n\n<p><strong>Problemas en los ojos:<\/strong> <em>Es personas con fase <\/em><strong><em>avanzada<\/em><\/strong><em> y grave de la enfermedad, se observan cambios como la dilataci\u00f3n o conjuntivitis; as\u00ed como, <\/em><strong><em>p\u00e1rpados hinchados,<\/em><\/strong><em> lagrimeo excesivo y aumento de secreci\u00f3n.<\/em><\/p>\n\n\n\n<div class=\"wp-block-image\"><figure class=\"aligncenter size-large is-resized\"><img loading=\"lazy\" decoding=\"async\" src=\"https:\/\/rolamix.com\/espectaculos\/wp-content\/uploads\/2020\/07\/coronavirus-respuestas-1024x1024.jpg\" alt=\"\" class=\"wp-image-17978\" width=\"296\" height=\"296\"\/><\/figure><\/div>\n\n\n\n<p><strong>Confusi\u00f3n:<\/strong> <em>Este s\u00edntoma tiene lugar sobre todo en personas <\/em><strong><em>mayores<\/em><\/strong><em> y aquellos con infecciones graves.<\/em><\/p>\n\n\n\n<p><strong>P\u00e9rdida del gusto u olfato: <\/strong><em>La p\u00e9rdida del gusto y del olfato, sin presentar congesti\u00f3n <\/em><strong><em>nasal<\/em><\/strong><em>, son los primeros indicadores de la enfermedad.<\/em><\/p>\n\n\n\n<p>Es muy importante se\u00f1alar que hay personas que no desarrollar\u00e1n <strong>ning\u00fan<\/strong> s\u00edntoma y otras presentar\u00e1n se\u00f1ales <strong>leves<\/strong>; incluso la mayor\u00eda de los contagiados se recuperar\u00e1n de la enfermedad sin la necesidad de iniciar alg\u00fan <strong>tratamiento <\/strong>m\u00e9dico.<\/p>\n","protected":false},"excerpt":{"rendered":"<p>Debido a una intensa pero necesaria campa\u00f1a informativa con el objeto de frenar los contagios ante la contingencia sanitaria por Covid 19, hemos aprendido los s\u00edntomas, por decirlo de alguna manera, \u201ccomunes\u201d de la enfermedad, tales como fiebre, cansancio, tos seca o dolor de cuerpo y cabeza; sin embargo, la enfermedad est\u00e1 manifestando otros s\u00edntomas [&hellip;]<\/p>\n","protected":false},"author":13,"featured_media":17980,"comment_status":"open","ping_status":"closed","sticky":false,"template":"","format":"standard","meta":{"footnotes":""},"categories":[2],"tags":[1846,1895,2509,2510,2511],"class_list":["post-17977","post","type-post","status-publish","format-standard","has-post-thumbnail","hentry","category-noticias","tag-coronavirus","tag-covid-19","tag-sars-cov2","tag-sintomas","tag-william-f-marshall"],"aioseo_notices":[],"_links":{"self":[{"href":"https:\/\/rolamix.com\/espectaculos\/wp-json\/wp\/v2\/posts\/17977","targetHints":{"allow":["GET"]}}],"collection":[{"href":"https:\/\/rolamix.com\/espectaculos\/wp-json\/wp\/v2\/posts"}],"about":[{"href":"https:\/\/rolamix.com\/espectaculos\/wp-json\/wp\/v2\/types\/post"}],"author":[{"embeddable":true,"href":"https:\/\/rolamix.com\/espectaculos\/wp-json\/wp\/v2\/users\/13"}],"replies":[{"embeddable":true,"href":"https:\/\/rolamix.com\/espectaculos\/wp-json\/wp\/v2\/comments?post=17977"}],"version-history":[{"count":0,"href":"https:\/\/rolamix.com\/espectaculos\/wp-json\/wp\/v2\/posts\/17977\/revisions"}],"wp:featuredmedia":[{"embeddable":true,"href":"https:\/\/rolamix.com\/espectaculos\/wp-json\/wp\/v2\/media\/17980"}],"wp:attachment":[{"href":"https:\/\/rolamix.com\/espectaculos\/wp-json\/wp\/v2\/media?parent=17977"}],"wp:term":[{"taxonomy":"category","embeddable":true,"href":"https:\/\/rolamix.com\/espectaculos\/wp-json\/wp\/v2\/categories?post=17977"},{"taxonomy":"post_tag","embeddable":true,"href":"https:\/\/rolamix.com\/espectaculos\/wp-json\/wp\/v2\/tags?post=17977"}],"curies":[{"name":"wp","href":"https:\/\/api.w.org\/{rel}","templated":true}]}}