{"id":20790,"date":"2020-12-09T01:16:10","date_gmt":"2020-12-09T09:16:10","guid":{"rendered":"https:\/\/rolamixinc.wpcomstaging.com\/?p=20790"},"modified":"2020-12-09T01:16:10","modified_gmt":"2020-12-09T09:16:10","slug":"jenni-rivera-y-sus-videos-musicales-desparecieron-de-internet-hasta-cuando","status":"publish","type":"post","link":"https:\/\/rolamix.com\/espectaculos\/jenni-rivera-y-sus-videos-musicales-desparecieron-de-internet-hasta-cuando\/","title":{"rendered":"Jenni Rivera y sus v\u00eddeos musicales desparecieron de internet \u00bfHasta cu\u00e1ndo?"},"content":{"rendered":"\n<p>Este <strong>09 de diciembre se cumplen 8 a\u00f1os de la desaparici\u00f3n f\u00edsica de La Diva<\/strong> de la Banda; Jenni Rivera, quien muri\u00f3 en el 2012 cuando se estrell\u00f3 la avioneta en la que viajaba. Ahora, cuando se acerca la conmemoraci\u00f3n de aqu\u00e9l d\u00eda en que la Gran Se\u00f1ora se march\u00f3 tan inesperadamente, sus fans han se\u00f1alado que no encuentran su m\u00fasica en YouTube.<\/p>\n\n\n\n<p>Y es que, la disquera de Jenni Rivera Universal Music, hab\u00eda subido todas las exitosas canciones de la Diva pero, <strong>el contrato con Universal no fue renovado<\/strong> por sus familiares, cuando finaliz\u00f3 en el 2016. Esto porque para Los Rivera, falt\u00f3 que Universal considerara el gran legado musical de la artista e ideara un plan de marketing adecuado y no que simplemente fuera tratada como una artista m\u00e1s.<\/p>\n\n\n\n<p>Por el contrario, <strong>Sony<\/strong>, que es ahora la disquera con la cual la familia de La Diva de la banda ha llegado a un acuerdo, para manejar tanto las redes sociales como la m\u00fasica en las plataformas de streaming de la fallecida cantante, <strong>s\u00ed hizo tal distinci\u00f3n<\/strong>, asign\u00e1ndoles en un departamento especial para artistas fallecidos.<\/p>\n\n\n\n<p>&nbsp;Ahora bien, como los derechos de Universal Music no han llegado a su caducidad, la m\u00fasica de la cantante <strong>ir\u00e1 retornando a YouTube bajo los nuevos derechos de Sony, paulatinamente<\/strong>.<\/p>\n\n\n\n<iframe loading=\"lazy\" width=\"640\" height=\"360\" src=\"https:\/\/www.youtube.com\/embed\/4mzzokQcaSE\" frameborder=\"0\" allow=\"accelerometer; autoplay; clipboard-write; encrypted-media; gyroscope; picture-in-picture\" allowfullscreen=\"\"><\/iframe>\n\n\n\n<p>Quiz\u00e1s tambi\u00e9n te interese leer: <a href=\"https:\/\/rolamix.com\/espectaculos\/luis-miguel-niega-la-paternidad-de-dos-hijos-que-habria-tenido-a-sus-18-anos\/\">Luis Miguel Niega La Paternidad De Dos Hijos Que Habr\u00eda Tenido A Sus 18 A\u00f1os<\/a><\/p>\n\n\n\n<p>De hecho, hay material que Jenni Rivera hab\u00eda grabado con Sony que s\u00ed est\u00e1 disponible en YouTube actualmente, pero el resto deber\u00e1 esperar el debido proceso ya explicado.<\/p>\n\n\n\n<p>Por lo tanto, los amantes o seguidores de La Gran Se\u00f1ora solo deber\u00e1n conformarse temporalmente con el material disponible y <strong>tener un poco de paciencia<\/strong> para poder disfrutar del resto.<\/p>\n","protected":false},"excerpt":{"rendered":"<p>Este 09 de diciembre se cumplen 8 a\u00f1os de la desaparici\u00f3n f\u00edsica de La Diva de la Banda; Jenni Rivera, quien muri\u00f3 en el 2012 cuando se estrell\u00f3 la avioneta en la que viajaba. Ahora, cuando se acerca la conmemoraci\u00f3n de aqu\u00e9l d\u00eda en que la Gran Se\u00f1ora se march\u00f3 tan inesperadamente, sus fans han [&hellip;]<\/p>\n","protected":false},"author":10,"featured_media":20792,"comment_status":"open","ping_status":"closed","sticky":false,"template":"","format":"standard","meta":{"footnotes":""},"categories":[2],"tags":[163,671,1496,1083,2933],"class_list":["post-20790","post","type-post","status-publish","format-standard","has-post-thumbnail","hentry","category-noticias","tag-jenni-rivera","tag-la-diva-de-la-banda","tag-la-gran-senora","tag-musica","tag-sony"],"aioseo_notices":[],"_links":{"self":[{"href":"https:\/\/rolamix.com\/espectaculos\/wp-json\/wp\/v2\/posts\/20790","targetHints":{"allow":["GET"]}}],"collection":[{"href":"https:\/\/rolamix.com\/espectaculos\/wp-json\/wp\/v2\/posts"}],"about":[{"href":"https:\/\/rolamix.com\/espectaculos\/wp-json\/wp\/v2\/types\/post"}],"author":[{"embeddable":true,"href":"https:\/\/rolamix.com\/espectaculos\/wp-json\/wp\/v2\/users\/10"}],"replies":[{"embeddable":true,"href":"https:\/\/rolamix.com\/espectaculos\/wp-json\/wp\/v2\/comments?post=20790"}],"version-history":[{"count":0,"href":"https:\/\/rolamix.com\/espectaculos\/wp-json\/wp\/v2\/posts\/20790\/revisions"}],"wp:featuredmedia":[{"embeddable":true,"href":"https:\/\/rolamix.com\/espectaculos\/wp-json\/wp\/v2\/media\/20792"}],"wp:attachment":[{"href":"https:\/\/rolamix.com\/espectaculos\/wp-json\/wp\/v2\/media?parent=20790"}],"wp:term":[{"taxonomy":"category","embeddable":true,"href":"https:\/\/rolamix.com\/espectaculos\/wp-json\/wp\/v2\/categories?post=20790"},{"taxonomy":"post_tag","embeddable":true,"href":"https:\/\/rolamix.com\/espectaculos\/wp-json\/wp\/v2\/tags?post=20790"}],"curies":[{"name":"wp","href":"https:\/\/api.w.org\/{rel}","templated":true}]}}