{"id":22032,"date":"2021-12-18T12:45:16","date_gmt":"2021-12-18T20:45:16","guid":{"rendered":"https:\/\/rolamix.com\/espectaculos\/?p=22032"},"modified":"2021-12-19T09:47:16","modified_gmt":"2021-12-19T17:47:16","slug":"famoso-cantante-mexicano-se-caso-con-mujer-43-anos-menor-que-el","status":"publish","type":"post","link":"https:\/\/rolamix.com\/espectaculos\/famoso-cantante-mexicano-se-caso-con-mujer-43-anos-menor-que-el\/","title":{"rendered":"Famoso cantante mexicano se cas\u00f3 con mujer 43 a\u00f1os menor que \u00e9l"},"content":{"rendered":"\n<p>En una conversaci\u00f3n con EL UNIVERSAL, el conocido int\u00e9rprete Alberto V\u00e1squez, descart\u00f3 la posibilidad de hablar sobre su reciente matrimonio debido al luto que le guarda a su querido amigo Vicente Fern\u00e1ndez.<\/p>\n\n\n\n<p>No obstante, dio a conocer que el evento de su matrimonio en efecto ya estaba previsto, aunque afirm\u00f3 que no era algo l\u00f3gico hablar de esas cosas en estos momentos.<\/p>\n\n\n\n<p>En su cuenta de Instagram Alberto comparti\u00f3 una fotograf\u00eda en donde mostraba al mundo lo feliz que se encuentra al lado de quien es su actual esposa. Se trata de Elisabet, con quien el artista tiene una relaci\u00f3n desde hace ya 16 a\u00f1os y 43 a\u00f1os menor que \u00e9l.<\/p>\n\n\n\n<p>Sobre la vida amorosa del cantante, cabe se\u00f1alar que llego a casarse por primera vez a la edad de 16 a\u00f1os. Cuando minti\u00f3 en relaci\u00f3n a su edad, al afirmar que ten\u00eda 22 a\u00f1os para poder casarse.<\/p>\n\n\n\n<p>Cuando llego a los 21 a\u00f1os se cas\u00f3, y tiempo despu\u00e9s sostuvo una relaci\u00f3n con la actriz Isela vega con quien tuvo a su hijo Arturo V\u00e1zquez. En relaci\u00f3n a su reciente matrimonio, las hijas de Alberto, M\u00f3nica, Rosario y Daniela, se\u00f1alaron que est\u00e1n totalmente de acuerdo con el matrimonio de su padre.<\/p>\n\n\n\n<figure class=\"wp-block-image size-full\"><img loading=\"lazy\" decoding=\"async\" width=\"950\" height=\"393\" src=\"https:\/\/rolamix.com\/espectaculos\/wp-content\/uploads\/2021\/12\/alverto-1.jpg\" alt=\"\" class=\"wp-image-22033\" srcset=\"https:\/\/rolamix.com\/espectaculos\/wp-content\/uploads\/2021\/12\/alverto-1.jpg 950w, https:\/\/rolamix.com\/espectaculos\/wp-content\/uploads\/2021\/12\/alverto-1-300x124.jpg 300w, https:\/\/rolamix.com\/espectaculos\/wp-content\/uploads\/2021\/12\/alverto-1-768x318.jpg 768w\" sizes=\"auto, (max-width: 950px) 100vw, 950px\" \/><figcaption>Foto v\u00eda https:\/\/www.infobae.com\/<\/figcaption><\/figure>\n\n\n\n<p>El tambi\u00e9n actor hab\u00eda hecho menci\u00f3n sobre su uni\u00f3n matrimonial el pasado mes de Noviembre en sus redes sociales. Por lo que en realidad no fue una sorpresa que Alberto y Eli se hayan casado, ya que tampoco es algo que hayan querido ocultar. Pero como el mismo Alberto se\u00f1al\u00f3, no quiere por el momento hablar mucho al respecto, principalmente en se\u00f1al de respeto por el reciente fallecimiento de su gran amigo Vicente Fern\u00e1ndez.<\/p>\n\n\n\n<p>Quiz\u00e1s tambien te interese leer:<\/p>\n\n\n\n<p>Aunque no se puede negar la felicidad que refleja la pareja en cada una de las publicaciones relacionadas con su feliz matrimonio.<\/p>\n","protected":false},"excerpt":{"rendered":"<p>En una conversaci\u00f3n con EL UNIVERSAL, el conocido int\u00e9rprete Alberto V\u00e1squez, descart\u00f3 la posibilidad de hablar sobre su reciente matrimonio debido al luto que le guarda a su querido amigo Vicente Fern\u00e1ndez. No obstante, dio a conocer que el evento de su matrimonio en efecto ya estaba previsto, aunque afirm\u00f3 que no era algo l\u00f3gico [&hellip;]<\/p>\n","protected":false},"author":10,"featured_media":22034,"comment_status":"open","ping_status":"closed","sticky":false,"template":"","format":"standard","meta":{"footnotes":""},"categories":[2],"tags":[],"class_list":["post-22032","post","type-post","status-publish","format-standard","has-post-thumbnail","hentry","category-noticias"],"aioseo_notices":[],"_links":{"self":[{"href":"https:\/\/rolamix.com\/espectaculos\/wp-json\/wp\/v2\/posts\/22032","targetHints":{"allow":["GET"]}}],"collection":[{"href":"https:\/\/rolamix.com\/espectaculos\/wp-json\/wp\/v2\/posts"}],"about":[{"href":"https:\/\/rolamix.com\/espectaculos\/wp-json\/wp\/v2\/types\/post"}],"author":[{"embeddable":true,"href":"https:\/\/rolamix.com\/espectaculos\/wp-json\/wp\/v2\/users\/10"}],"replies":[{"embeddable":true,"href":"https:\/\/rolamix.com\/espectaculos\/wp-json\/wp\/v2\/comments?post=22032"}],"version-history":[{"count":2,"href":"https:\/\/rolamix.com\/espectaculos\/wp-json\/wp\/v2\/posts\/22032\/revisions"}],"predecessor-version":[{"id":22055,"href":"https:\/\/rolamix.com\/espectaculos\/wp-json\/wp\/v2\/posts\/22032\/revisions\/22055"}],"wp:featuredmedia":[{"embeddable":true,"href":"https:\/\/rolamix.com\/espectaculos\/wp-json\/wp\/v2\/media\/22034"}],"wp:attachment":[{"href":"https:\/\/rolamix.com\/espectaculos\/wp-json\/wp\/v2\/media?parent=22032"}],"wp:term":[{"taxonomy":"category","embeddable":true,"href":"https:\/\/rolamix.com\/espectaculos\/wp-json\/wp\/v2\/categories?post=22032"},{"taxonomy":"post_tag","embeddable":true,"href":"https:\/\/rolamix.com\/espectaculos\/wp-json\/wp\/v2\/tags?post=22032"}],"curies":[{"name":"wp","href":"https:\/\/api.w.org\/{rel}","templated":true}]}}