{"id":2330,"date":"2018-06-29T21:44:21","date_gmt":"2018-06-30T04:44:21","guid":{"rendered":"https:\/\/rolamix.com\/espectaculos\/?p=2330"},"modified":"2018-06-29T21:44:21","modified_gmt":"2018-06-30T04:44:21","slug":"campana-hecha-con-banda-ms-para-hacer-conciencia-sobre-manejar-usando-celula","status":"publish","type":"post","link":"https:\/\/rolamix.com\/espectaculos\/campana-hecha-con-banda-ms-para-hacer-conciencia-sobre-manejar-usando-celula\/","title":{"rendered":"\u00a0La Banda MS Quiere Evitar que se Pierdan M\u00e1s Vidas por Esto que NO vale la Pena"},"content":{"rendered":"<p><span style=\"font-weight: 400;\">Los integrantes de la Banda MS decidieron lanzar una campa\u00f1a de concientizaci\u00f3n en M\u00e9xico para evitar el uso del celular mientras se maneja un auto, esta campa\u00f1a tiene como finalidad tratar de bajar el \u00edndice de accidentes automovil\u00edsticos que se registran debido a esta imprudencia que muchos conductores cometen.<\/span><\/p>\n<p><span style=\"font-weight: 400;\">Como en otras ocasiones, Banda MS \u00a0tom\u00f3 acciones para sumar esfuerzos y crear conciencia ciudadana sobre diferentes causas, en esta ocasi\u00f3n los integrantes del grupo decidieron enfocarse a la prevenci\u00f3n de accidentes que se registran con el uso simult\u00e1neo del tel\u00e9fono celular y el volante.<\/span><\/p>\n<p><span style=\"font-weight: 400;\">La campa\u00f1a ser\u00e1 difundida a trav\u00e9s de la cuenta oficial de su disquera LIZOS en redes sociales, espec\u00edficamente en instagram en donde ya circula un video en el que aparecen Walo el vocalista del grupo y Jairo Osuna, quien toca el clarinete; \u00a0en las im\u00e1genes se puede apreciar el momento en que el conductor se distrae por hacer uso de su tel\u00e9fono celular y pasa lo inevitable: una accidente de horribles consecuencias, al terminar las im\u00e1genes aparece un mensaje que hace alusi\u00f3n a lo grave que es esta combinaci\u00f3n de usar el \u00a0tel\u00e9fono celular y conducir un auto al mismo tiempo.<\/span><\/p>\n<p><span style=\"font-weight: 400;\">El objetivo de la agrupaci\u00f3n es hacer conciencia entre la poblaci\u00f3n de que las estad\u00edsticas por accidentes fatales ocasionados por el uso del celular est\u00e1 increment\u00e1ndose cada vez m\u00e1s y tratar de evitar este tipo de situaciones. Con acciones como estas la Banda MS demuestra su enorme compromiso social con su p\u00fablico y sus fans.<\/span><\/p>\n<blockquote class=\"instagram-media\" data-instgrm-captioned data-instgrm-permalink=\"https:\/\/www.instagram.com\/p\/BkkpPSyg3Dk\/\" data-instgrm-version=\"8\" style=\" background:#FFF; border:0; border-radius:3px; box-shadow:0 0 1px 0 rgba(0,0,0,0.5),0 1px 10px 0 rgba(0,0,0,0.15); margin: 1px; max-width:658px; padding:0; width:99.375%; width:-webkit-calc(100% - 2px); width:calc(100% - 2px);\">\n<div style=\"padding:8px;\">\n<div style=\" background:#F8F8F8; line-height:0; margin-top:40px; padding:28.10185185185185% 0; text-align:center; width:100%;\">\n<div style=\" background:url(data:image\/png;base64,iVBORw0KGgoAAAANSUhEUgAAACwAAAAsCAMAAAApWqozAAAABGdBTUEAALGPC\/xhBQAAAAFzUkdCAK7OHOkAAAAMUExURczMzPf399fX1+bm5mzY9AMAAADiSURBVDjLvZXbEsMgCES5\/P8\/t9FuRVCRmU73JWlzosgSIIZURCjo\/ad+EQJJB4Hv8BFt+IDpQoCx1wjOSBFhh2XssxEIYn3ulI\/6MNReE07UIWJEv8UEOWDS88LY97kqyTliJKKtuYBbruAyVh5wOHiXmpi5we58Ek028czwyuQdLKPG1Bkb4NnM+VeAnfHqn1k4+GPT6uGQcvu2h2OVuIf\/gWUFyy8OWEpdyZSa3aVCqpVoVvzZZ2VTnn2wU8qzVjDDetO90GSy9mVLqtgYSy231MxrY6I2gGqjrTY0L8fxCxfCBbhWrsYYAAAAAElFTkSuQmCC); display:block; height:44px; margin:0 auto -44px; position:relative; top:-22px; width:44px;\"><\/div>\n<\/div>\n<p style=\" margin:8px 0 0 0; padding:0 4px;\"> <a href=\"https:\/\/www.instagram.com\/p\/BkkpPSyg3Dk\/\" style=\" color:#000; font-family:Arial,sans-serif; font-size:14px; font-style:normal; font-weight:normal; line-height:17px; text-decoration:none; word-wrap:break-word;\" target=\"_blank\">M\u00e1s vale tarde que nunca ? Campa\u00f1a hecha con @bandamsoficial para hacer conciencia sobre manejar usando celular ??? #ParaQueLoVivas #TourConTodasLasFuerzas<\/a><\/p>\n<p style=\" color:#c9c8cd; font-family:Arial,sans-serif; font-size:14px; line-height:17px; margin-bottom:0; margin-top:8px; overflow:hidden; padding:8px 0 7px; text-align:center; text-overflow:ellipsis; white-space:nowrap;\">A post shared by <a href=\"https:\/\/www.instagram.com\/lizosmusic\/\" style=\" color:#c9c8cd; font-family:Arial,sans-serif; font-size:14px; font-style:normal; font-weight:normal; line-height:17px;\" target=\"_blank\"> Lizos Music<\/a> (@lizosmusic) on <time style=\" font-family:Arial,sans-serif; font-size:14px; line-height:17px;\" datetime=\"2018-06-28T15:13:51+00:00\">Jun 28, 2018 at 8:13am PDT<\/time><\/p>\n<\/div>\n<\/blockquote>\n<p><script async defer src=\"\/\/www.instagram.com\/embed.js\"><\/script><\/p>\n<p>&nbsp;<\/p>\n","protected":false},"excerpt":{"rendered":"<p>Los integrantes de la Banda MS decidieron lanzar una campa\u00f1a de concientizaci\u00f3n en M\u00e9xico para evitar el uso del celular mientras se maneja un auto, esta campa\u00f1a tiene como finalidad tratar de bajar el \u00edndice de accidentes automovil\u00edsticos que se registran debido a esta imprudencia que muchos conductores cometen. Como en otras ocasiones, Banda MS [&hellip;]<\/p>\n","protected":false},"author":1,"featured_media":2332,"comment_status":"open","ping_status":"closed","sticky":false,"template":"","format":"standard","meta":{"footnotes":""},"categories":[2],"tags":[76,23],"class_list":["post-2330","post","type-post","status-publish","format-standard","has-post-thumbnail","hentry","category-noticias","tag-banda-ms","tag-video"],"aioseo_notices":[],"_links":{"self":[{"href":"https:\/\/rolamix.com\/espectaculos\/wp-json\/wp\/v2\/posts\/2330","targetHints":{"allow":["GET"]}}],"collection":[{"href":"https:\/\/rolamix.com\/espectaculos\/wp-json\/wp\/v2\/posts"}],"about":[{"href":"https:\/\/rolamix.com\/espectaculos\/wp-json\/wp\/v2\/types\/post"}],"author":[{"embeddable":true,"href":"https:\/\/rolamix.com\/espectaculos\/wp-json\/wp\/v2\/users\/1"}],"replies":[{"embeddable":true,"href":"https:\/\/rolamix.com\/espectaculos\/wp-json\/wp\/v2\/comments?post=2330"}],"version-history":[{"count":0,"href":"https:\/\/rolamix.com\/espectaculos\/wp-json\/wp\/v2\/posts\/2330\/revisions"}],"wp:featuredmedia":[{"embeddable":true,"href":"https:\/\/rolamix.com\/espectaculos\/wp-json\/wp\/v2\/media\/2332"}],"wp:attachment":[{"href":"https:\/\/rolamix.com\/espectaculos\/wp-json\/wp\/v2\/media?parent=2330"}],"wp:term":[{"taxonomy":"category","embeddable":true,"href":"https:\/\/rolamix.com\/espectaculos\/wp-json\/wp\/v2\/categories?post=2330"},{"taxonomy":"post_tag","embeddable":true,"href":"https:\/\/rolamix.com\/espectaculos\/wp-json\/wp\/v2\/tags?post=2330"}],"curies":[{"name":"wp","href":"https:\/\/api.w.org\/{rel}","templated":true}]}}