{"id":27341,"date":"2022-11-08T19:46:51","date_gmt":"2022-11-09T03:46:51","guid":{"rendered":"https:\/\/rolamix.com\/espectaculos\/?p=27341"},"modified":"2022-11-08T19:46:52","modified_gmt":"2022-11-09T03:46:52","slug":"la-historia-detras-del-nombre-de-banda-ms","status":"publish","type":"post","link":"https:\/\/rolamix.com\/espectaculos\/la-historia-detras-del-nombre-de-banda-ms\/","title":{"rendered":"\u00a1La historia detr\u00e1s del nombre de Banda MS!"},"content":{"rendered":"\n<p>La Banda MS es una de las agrupaciones m\u00e1s consolidadas dentro del Regional Mexicano, sus \u00e9xitos han conquistado multitudes y hoy en d\u00eda se encuentran bastante satisfechos por todo lo conseguido hasta ahora. Sin embargo, su trayectoria sigue en crecimiento para seguir d\u00e1ndole a su p\u00fablico lo mejor de su talento.<\/p>\n\n\n\n<p>Ahora bien, \u00bfSabes qu\u00e9 significa el nombre de esta agrupaci\u00f3n? \u00bfA qu\u00e9 se debe que sean MS? La historia detr\u00e1s de este peculiar nombre la contaron sus propios integrantes. &nbsp;Banda MS estuvo en el programa de Yordi Rosado para su canal de YouTube y all\u00ed contaron con detalles de d\u00f3nde sali\u00f3 este nombre y quien lo propuso.<\/p>\n\n\n\n<p>Lejos de lo que muchos pudieran pensar, no fue ninguno de sus integrantes el que lo propuso. Y es que, aunque esta era la idea original del grupo hacer un conceso entre las propuestas de cada uno, un buen d\u00eda que se reunieron para esa tarea de nombrarse como Banda, finalmente fue una&nbsp; ni\u00f1a la que termin\u00f3 por bautizarlos como Banda MS.<\/p>\n\n\n\n<p>Waldo Silva cont\u00f3 que en sus inicios cuando ya estaban conformados como agrupaci\u00f3n pero todav\u00eda no ten\u00edan un nombre, se encontraban en una marisquer\u00eda donde sol\u00edan tocar y all\u00ed ten\u00edan a su fan n\u00famero uno; una ni\u00f1a que vend\u00eda empanadas y que religiosamente iba a escucharlos cantar.<\/p>\n\n\n\n<p>El cantante cont\u00f3 que mientras debat\u00edan el nombre, la ni\u00f1a espont\u00e1neamente se\u00f1al\u00f3 que por qu\u00e9 no se pon\u00edan MS, pues eran todos de Mazatl\u00e1n Sinaloa, y estas eran las iniciales correspondientes. Seguidamente todos se quedaron pensando en la coherencia de aquella sugerencia y pensaron que el nombre no sonaba mal, as\u00ed que se fueron convenciendo y este fue el nombre que finalmente adoptaron.<\/p>\n\n\n\n<figure class=\"wp-block-embed is-type-video is-provider-youtube wp-block-embed-youtube wp-embed-aspect-16-9 wp-has-aspect-ratio\"><div class=\"wp-block-embed__wrapper\">\n<iframe loading=\"lazy\" title=\"BANDA MS, una banda DIFERENTE | La entrevista con Yordi Rosado\" width=\"1170\" height=\"658\" src=\"https:\/\/www.youtube.com\/embed\/x9LRIROTzms?wmode=transparent&amp;rel=0&amp;feature=oembed\" frameborder=\"0\" allow=\"accelerometer; autoplay; clipboard-write; encrypted-media; gyroscope; picture-in-picture\" allowfullscreen><\/iframe>\n<\/div><figcaption>Sobre el nombre de la banda desde el minuto 47<\/figcaption><\/figure>\n\n\n\n<p>Quiz\u00e1s tambi\u00e9n te interese leer: <a href=\"https:\/\/rolamix.com\/espectaculos\/joven-se-vuelve-viral-al-decorar-la-tumba-de-su-abuelita\/\">Joven Se Vuelve Viral Al Decorar La Tumba De Su Abuelita<\/a><\/p>\n\n\n\n<p>Yordi les pregunt\u00f3 que si todav\u00eda ten\u00edan trato con aquella peque\u00f1a y los m\u00fasicos se\u00f1alaron que s\u00ed, y aprovecharon para enviarle un saludo a Gaby, aquella primera fan en sus inicios de carrera art\u00edstica.<\/p>\n","protected":false},"excerpt":{"rendered":"<p>La Banda MS es una de las agrupaciones m\u00e1s consolidadas dentro del Regional Mexicano, sus \u00e9xitos han conquistado multitudes y hoy en d\u00eda se encuentran bastante satisfechos por todo lo conseguido hasta ahora. Sin embargo, su trayectoria sigue en crecimiento para seguir d\u00e1ndole a su p\u00fablico lo mejor de su talento. Ahora bien, \u00bfSabes qu\u00e9 [&hellip;]<\/p>\n","protected":false},"author":10,"featured_media":27344,"comment_status":"open","ping_status":"closed","sticky":false,"template":"","format":"standard","meta":{"footnotes":""},"categories":[2,1],"tags":[],"class_list":["post-27341","post","type-post","status-publish","format-standard","has-post-thumbnail","hentry","category-noticias","category-uncategorized"],"aioseo_notices":[],"_links":{"self":[{"href":"https:\/\/rolamix.com\/espectaculos\/wp-json\/wp\/v2\/posts\/27341","targetHints":{"allow":["GET"]}}],"collection":[{"href":"https:\/\/rolamix.com\/espectaculos\/wp-json\/wp\/v2\/posts"}],"about":[{"href":"https:\/\/rolamix.com\/espectaculos\/wp-json\/wp\/v2\/types\/post"}],"author":[{"embeddable":true,"href":"https:\/\/rolamix.com\/espectaculos\/wp-json\/wp\/v2\/users\/10"}],"replies":[{"embeddable":true,"href":"https:\/\/rolamix.com\/espectaculos\/wp-json\/wp\/v2\/comments?post=27341"}],"version-history":[{"count":2,"href":"https:\/\/rolamix.com\/espectaculos\/wp-json\/wp\/v2\/posts\/27341\/revisions"}],"predecessor-version":[{"id":27343,"href":"https:\/\/rolamix.com\/espectaculos\/wp-json\/wp\/v2\/posts\/27341\/revisions\/27343"}],"wp:featuredmedia":[{"embeddable":true,"href":"https:\/\/rolamix.com\/espectaculos\/wp-json\/wp\/v2\/media\/27344"}],"wp:attachment":[{"href":"https:\/\/rolamix.com\/espectaculos\/wp-json\/wp\/v2\/media?parent=27341"}],"wp:term":[{"taxonomy":"category","embeddable":true,"href":"https:\/\/rolamix.com\/espectaculos\/wp-json\/wp\/v2\/categories?post=27341"},{"taxonomy":"post_tag","embeddable":true,"href":"https:\/\/rolamix.com\/espectaculos\/wp-json\/wp\/v2\/tags?post=27341"}],"curies":[{"name":"wp","href":"https:\/\/api.w.org\/{rel}","templated":true}]}}