{"id":27590,"date":"2022-12-12T04:12:32","date_gmt":"2022-12-12T12:12:32","guid":{"rendered":"https:\/\/rolamix.com\/espectaculos\/?p=27590"},"modified":"2022-12-12T04:12:33","modified_gmt":"2022-12-12T12:12:33","slug":"gloria-trevi-demandara-a-influencer-por-dano-moral","status":"publish","type":"post","link":"https:\/\/rolamix.com\/espectaculos\/gloria-trevi-demandara-a-influencer-por-dano-moral\/","title":{"rendered":"Gloria Trevi demandar\u00e1 a influencer por da\u00f1o moral"},"content":{"rendered":"\n<p>Gloria Trevi tuvo que pasar por momentos dif\u00edciles a\u00f1os atr\u00e1s cuando fue culpada por trata de personas junto a su ex manager y pareja sentimental. Un cap\u00edtulo dif\u00edcil que ahora parece quedar muy atr\u00e1s en el tiempo cuando vemos que la cantante pudo recuperar su libertad y su carrera musical, con el apoyo de sus millones de fans.<\/p>\n\n\n\n<p>Sin embargo, parece ser que a Gloria Trevi el pasado de vez en cuando quiere jugarle malas pasadas. Y es que, hay quienes recuerdan todo lo ocurrido con la cantante y le siguen criticando o se burlan de aquel penoso hecho.<\/p>\n\n\n\n<p>Este ha sido el caso de Chumel Torres, el influencer que se ha referido en diversas oportunidades a Trevi y sobre quien Sergio Ram\u00edrez, abogado de la artista, ha se\u00f1alado de hacer afirmaciones para atacar a Gloria sin tener evidencia para confirmar lo que asevera.<\/p>\n\n\n\n<p>Es por esta raz\u00f3n que Trevi ha emprendido acciones legales en contra de Torres. Todo esto al parecer gira en torno a un chiste que hizo en redes el mencionado influencer, sobre lo cual, el abogado de la cantante ha comentado que hubo da\u00f1o a la imagen de la cantante pero adem\u00e1s, violencia de g\u00e9nero y asuntos de \u00edndole emocional y psicol\u00f3gico.<\/p>\n\n\n\n<p>Asimismo, el abogado coment\u00f3 que hab\u00eda otras dos personas que tambi\u00e9n pod\u00edan apoyar la demanda, pero a\u00fan no se dieron a conocer sus nombres. Cabe resaltar que el \u201cchiste\u201d en cuesti\u00f3n, alud\u00eda a la profesi\u00f3n de Trevi lig\u00e1ndola con un juego de palabras, al delito por el que se le acus\u00f3 hace a\u00f1os atr\u00e1s. \u201cGloria Trevi no canta chido pero TRATA\u201d fue la broma que no le cay\u00f3 bien a la cantante que ahora estar\u00eda dispuesta a llegar a instancias jur\u00eddicas para defenderse.<\/p>\n\n\n\n<figure class=\"wp-block-embed is-type-video is-provider-youtube wp-block-embed-youtube wp-embed-aspect-16-9 wp-has-aspect-ratio\"><div class=\"wp-block-embed__wrapper\">\n<iframe loading=\"lazy\" title=\"Gloria Trevi demandar\u00e1 a Chumel Torres y otros por da\u00f1o moral | De Primera Mano\" width=\"1170\" height=\"658\" src=\"https:\/\/www.youtube.com\/embed\/3Cg7abL8KVc?wmode=transparent&amp;rel=0&amp;feature=oembed\" frameborder=\"0\" allow=\"accelerometer; autoplay; clipboard-write; encrypted-media; gyroscope; picture-in-picture\" allowfullscreen><\/iframe>\n<\/div><\/figure>\n\n\n\n<p>Quiz\u00e1s tambi\u00e9n te interese leer: <a href=\"https:\/\/rolamix.com\/espectaculos\/bad-bunny-perdio-el-titulo-del-video-mas-visto-en-youtube-por-eden-munoz\/\">Bad Bunny Perdi\u00f3 El T\u00edtulo Del \u201cVideo M\u00e1s Visto\u201d En YouTube Por Ed\u00e9n Mu\u00f1oz<\/a><\/p>\n\n\n\n<p>Por su parte Chumel Torres se ha referido a la posible demanda en su contra con comentarios cargados del humor que lo caracteriza.<\/p>\n\n\n\n<blockquote class=\"twitter-tweet\"><p lang=\"es\" dir=\"ltr\">Dios les da sus demandas m\u00e1s pendejas a sus soldados m\u00e1s resilientes.<\/p>\u2014 Chumel Torres (@ChumelTorres) <a href=\"https:\/\/twitter.com\/ChumelTorres\/status\/1600270624819011585?ref_src=twsrc%5Etfw\">December 6, 2022<\/a><\/blockquote> <script async=\"\" src=\"https:\/\/platform.twitter.com\/widgets.js\" charset=\"utf-8\"><\/script>\n\n\n\n<blockquote class=\"twitter-tweet\"><p lang=\"es\" dir=\"ltr\">Carlos Salinas demand\u00e1ndome porque mis chistes de su corrupci\u00f3n le dan mala imagen.<\/p>\u2014 Chumel Torres (@ChumelTorres) <a href=\"https:\/\/twitter.com\/ChumelTorres\/status\/1600547564822011904?ref_src=twsrc%5Etfw\">December 7, 2022<\/a><\/blockquote> <script async=\"\" src=\"https:\/\/platform.twitter.com\/widgets.js\" charset=\"utf-8\"><\/script>\n\n\n\n<p>Seg\u00fan esto, no parece que el influencer est\u00e9 preocupado por lo que tenga que afrontar legalmente. \u00bfNo crees?<\/p>\n","protected":false},"excerpt":{"rendered":"<p>Gloria Trevi tuvo que pasar por momentos dif\u00edciles a\u00f1os atr\u00e1s cuando fue culpada por trata de personas junto a su ex manager y pareja sentimental. Un cap\u00edtulo dif\u00edcil que ahora parece quedar muy atr\u00e1s en el tiempo cuando vemos que la cantante pudo recuperar su libertad y su carrera musical, con el apoyo de sus [&hellip;]<\/p>\n","protected":false},"author":10,"featured_media":27594,"comment_status":"open","ping_status":"closed","sticky":false,"template":"","format":"standard","meta":{"footnotes":""},"categories":[2],"tags":[3981,1094,173,3697],"class_list":["post-27590","post","type-post","status-publish","format-standard","has-post-thumbnail","hentry","category-noticias","tag-chumel-torres","tag-demanda","tag-gloria-trevi","tag-influencer"],"aioseo_notices":[],"_links":{"self":[{"href":"https:\/\/rolamix.com\/espectaculos\/wp-json\/wp\/v2\/posts\/27590","targetHints":{"allow":["GET"]}}],"collection":[{"href":"https:\/\/rolamix.com\/espectaculos\/wp-json\/wp\/v2\/posts"}],"about":[{"href":"https:\/\/rolamix.com\/espectaculos\/wp-json\/wp\/v2\/types\/post"}],"author":[{"embeddable":true,"href":"https:\/\/rolamix.com\/espectaculos\/wp-json\/wp\/v2\/users\/10"}],"replies":[{"embeddable":true,"href":"https:\/\/rolamix.com\/espectaculos\/wp-json\/wp\/v2\/comments?post=27590"}],"version-history":[{"count":4,"href":"https:\/\/rolamix.com\/espectaculos\/wp-json\/wp\/v2\/posts\/27590\/revisions"}],"predecessor-version":[{"id":27638,"href":"https:\/\/rolamix.com\/espectaculos\/wp-json\/wp\/v2\/posts\/27590\/revisions\/27638"}],"wp:featuredmedia":[{"embeddable":true,"href":"https:\/\/rolamix.com\/espectaculos\/wp-json\/wp\/v2\/media\/27594"}],"wp:attachment":[{"href":"https:\/\/rolamix.com\/espectaculos\/wp-json\/wp\/v2\/media?parent=27590"}],"wp:term":[{"taxonomy":"category","embeddable":true,"href":"https:\/\/rolamix.com\/espectaculos\/wp-json\/wp\/v2\/categories?post=27590"},{"taxonomy":"post_tag","embeddable":true,"href":"https:\/\/rolamix.com\/espectaculos\/wp-json\/wp\/v2\/tags?post=27590"}],"curies":[{"name":"wp","href":"https:\/\/api.w.org\/{rel}","templated":true}]}}