{"id":285,"date":"2018-02-02T16:03:58","date_gmt":"2018-02-03T00:03:58","guid":{"rendered":"https:\/\/rolamix.com\/espectaculos\/?p=285"},"modified":"2018-02-08T13:17:58","modified_gmt":"2018-02-08T21:17:58","slug":"maria-jose-avila-jovencita-arpa","status":"publish","type":"post","link":"https:\/\/rolamix.com\/espectaculos\/maria-jose-avila-jovencita-arpa\/","title":{"rendered":"Mar\u00eda Jos\u00e9 \u00c1vila, la jovencita Colombiana\u00a0Que Enamoro al Mundo con su Arpa , ya es viral ."},"content":{"rendered":"<p><span style=\"font-weight: 400;\">En esta \u00e9poca en la que las redes sociales y los diferentes medios de comunicaci\u00f3n se saturan de malas noticias, es muy motivante encontrar historias de \u00e9xito y talento como lo es la <strong>historia de Mar\u00eda Jos\u00e9 \u00c1vila<\/strong>, <strong>conocida con cari\u00f1o como Mari Jo Avila<\/strong>. Una jovencita colombiana que ha asombrado a todos porque a su corta edad ejecuta magistralmente diferentes instrumentos.<\/span><\/p>\n<p><span style=\"font-weight: 400;\">En d\u00edas recientes, fue subido a los perfiles de redes sociales de la plataforma <strong>Rolamix<\/strong> un <strong><a href=\"https:\/\/rolamix.com\/espectaculos\/tema\/video\/\">v\u00eddeo<\/a> casero<\/strong> donde se le observa interpretando magistralmente <strong>con su arpa<\/strong> el tema <\/span><i><span style=\"font-weight: 400;\">\u201cMatrimonio de amor\u201d<\/span><\/i><span style=\"font-weight: 400;\">, el mencionado <strong>video se hizo <a href=\"https:\/\/rolamix.com\/espectaculos\/tema\/viral\/\">viral<\/a> <\/strong><\/span><span style=\"font-weight: 400;\">llegando a m\u00e1s de 18 millones de personas y ha logrado obtener hasta el momento mas de 8 millones de reproducciones. <\/span><\/p>\n<p>&nbsp;<\/p>\n<p><iframe loading=\"lazy\" width=\"1170\" height=\"878\" src=\"https:\/\/www.youtube.com\/embed\/5TiH-oApNu8?feature=oembed\" frameborder=\"0\" allow=\"autoplay; encrypted-media\" allowfullscreen><\/iframe><\/p>\n<p><span style=\"font-weight: 400;\">Personas de todo el mundo le mostraron a la joven artista su apoyo y admiraci\u00f3n por su talento, el cual sin duda merece ser impulsado m\u00e1s all\u00e1 de las fronteras. Pero adem\u00e1s del revuelo causado en las redes sociales y de su indiscutible talento : \u00bf<strong>Qui\u00e9n es Mari Jo \u00c1vila<\/strong>?&#8230;. aqu\u00ed una breve semblanza de esta promesa musical:<\/span><\/p>\n<p><span style=\"font-weight: 400;\"><strong>Mari Jo<\/strong> tiene 17 a\u00f1os de edad y naci\u00f3 en la regi\u00f3n de los llanos orientales de Colombia, espec\u00edficamente en la ciudad de Villavicencio, creci\u00f3 bajo la influencia musical que su familia le transmiti\u00f3 desde su infancia: su madre es maestra de danza y tiene un hermano que tambi\u00e9n se dedica a la m\u00fasica.<\/span><\/p>\n<p>&nbsp;<\/p>\n<p><img loading=\"lazy\" decoding=\"async\" class=\"aligncenter wp-image-286 size-publisher-lg\" src=\"https:\/\/rolamix.com\/espectaculos\/wp-content\/uploads\/2018\/02\/Mar\u00eda-Jos\u00e9-\u00c1vila-479x430.jpg\" alt=\"Maria Jose avila arpa\" width=\"479\" height=\"430\" \/><\/p>\n<p>&nbsp;<\/p>\n<p><span style=\"font-weight: 400;\"><strong>Mari Jo Avila incursion\u00f3 a la edad de tres a\u00f1os en el g\u00e9nero de la llamada m\u00fasica llanera<\/strong> que es el nombre que se le da a la m\u00fasica tradicional folcl\u00f3rica de la regi\u00f3n de Villavicencio Colombia.<\/span><\/p>\n<p><span style=\"font-weight: 400;\">Su crecimiento art\u00edstico desde entonces a la fecha ha sido admirable pues a su corta edad esta jovencita ejecuta magistralmente instrumentos complejos como: arpa, bandola, cuatro y maracas, adem\u00e1s de un poco de guitarra, mandolina y teclado. Tambi\u00e9n ha demostrado tener talento para la cantada.<\/span><\/p>\n<p><span style=\"font-weight: 400;\">Sin duda \u00a0<strong>Mari Jo es uno de los j\u00f3venes y grandes talentos que enaltece el nombre de Colombia<\/strong>, sus ganas de triunfar y lograr un reconocimiento total de su arte y su nombre la han llevado a participar en realitys shows como la Voz Kids, uno de los m\u00e1s importantes programas de su g\u00e9nero en su natal pa\u00eds, tambi\u00e9n ha destacado en eventos nacionales y ha tenido la oportunidad de llevar su m\u00fasica y su folclor al extranjero en presentaciones por los Estados Unidos dejando muy en alto la cultura y la m\u00fasica tradicional colombiana.<\/span><\/p>\n<p><span style=\"font-weight: 400;\"><strong>Mari Jo \u00c1vila estudia actualmente la carrera de Negocios Internacionales<\/strong> pero no pierde de vista su sue\u00f1o de convertirse en una gran embajadora de la m\u00fasica folcl\u00f3rica de Colombia a nivel mundial.<\/span><\/p>\n<p><span style=\"font-weight: 400;\">Apoyar talentos como el de ella es un deber moral de todos, no solo de los colombianos, sino en general de todos quienes gustan del arte y luchan por conservar \u00a0la cultura, las tradiciones y las ra\u00edces de los pueblos.<\/span><\/p>\n<p><span style=\"font-weight: 400;\">Puedes disfrutar de su talento y conocer un poco m\u00e1s de esta gran artista en su fanpage de Facebook: <a href=\"https:\/\/www.facebook.com\/ majoavilamusic\/\" target=\"_blank\" rel=\"noopener\" \"nofolow\">https:\/\/www.facebook.com\/ majoavilamusic\/<\/a><\/span><\/p>\n<p><span style=\"font-weight: 400;\">Impulsemos los nuevos valores y mostremos el apoyo a las nuevas generaciones de talento musical.<\/span><\/p>\n","protected":false},"excerpt":{"rendered":"<p>En esta \u00e9poca en la que las redes sociales y los diferentes medios de comunicaci\u00f3n se saturan de malas noticias, es muy motivante encontrar historias de \u00e9xito y talento como lo es la historia de Mar\u00eda Jos\u00e9 \u00c1vila, conocida con cari\u00f1o como Mari Jo Avila. Una jovencita colombiana que ha asombrado a todos porque a [&hellip;]<\/p>\n","protected":false},"author":1,"featured_media":288,"comment_status":"open","ping_status":"closed","sticky":false,"template":"","format":"standard","meta":{"footnotes":""},"categories":[2],"tags":[93,92,23,86],"class_list":["post-285","post","type-post","status-publish","format-standard","has-post-thumbnail","hentry","category-noticias","tag-arpa","tag-maria-jose-avila","tag-video","tag-viral"],"aioseo_notices":[],"_links":{"self":[{"href":"https:\/\/rolamix.com\/espectaculos\/wp-json\/wp\/v2\/posts\/285","targetHints":{"allow":["GET"]}}],"collection":[{"href":"https:\/\/rolamix.com\/espectaculos\/wp-json\/wp\/v2\/posts"}],"about":[{"href":"https:\/\/rolamix.com\/espectaculos\/wp-json\/wp\/v2\/types\/post"}],"author":[{"embeddable":true,"href":"https:\/\/rolamix.com\/espectaculos\/wp-json\/wp\/v2\/users\/1"}],"replies":[{"embeddable":true,"href":"https:\/\/rolamix.com\/espectaculos\/wp-json\/wp\/v2\/comments?post=285"}],"version-history":[{"count":0,"href":"https:\/\/rolamix.com\/espectaculos\/wp-json\/wp\/v2\/posts\/285\/revisions"}],"wp:featuredmedia":[{"embeddable":true,"href":"https:\/\/rolamix.com\/espectaculos\/wp-json\/wp\/v2\/media\/288"}],"wp:attachment":[{"href":"https:\/\/rolamix.com\/espectaculos\/wp-json\/wp\/v2\/media?parent=285"}],"wp:term":[{"taxonomy":"category","embeddable":true,"href":"https:\/\/rolamix.com\/espectaculos\/wp-json\/wp\/v2\/categories?post=285"},{"taxonomy":"post_tag","embeddable":true,"href":"https:\/\/rolamix.com\/espectaculos\/wp-json\/wp\/v2\/tags?post=285"}],"curies":[{"name":"wp","href":"https:\/\/api.w.org\/{rel}","templated":true}]}}