{"id":28944,"date":"2023-10-02T23:46:11","date_gmt":"2023-10-03T06:46:11","guid":{"rendered":"https:\/\/rolamix.com\/espectaculos\/?p=28944"},"modified":"2023-10-02T23:46:12","modified_gmt":"2023-10-03T06:46:12","slug":"fallece-uno-de-los-fundadores-de-conjunto-primavera","status":"publish","type":"post","link":"https:\/\/rolamix.com\/espectaculos\/fallece-uno-de-los-fundadores-de-conjunto-primavera\/","title":{"rendered":"Fallece uno de los fundadores de Conjunto Primavera"},"content":{"rendered":"\n<p>Conjunto Primavera lamenta profundamente el fallecimiento de Telesforo Saenz Luj\u00e1n, conocido cari\u00f1osamente como &#8220;Foro&#8221;, una figura ic\u00f3nica en la m\u00fasica Regional Mexicana. La noticia fue anunciada a trav\u00e9s de las redes sociales oficiales del grupo, sumiendo a sus seguidores en la tristeza.<\/p>\n\n\n\n<p>Conjunto Primavera, un grupo consolidado en el g\u00e9nero, especialmente en el sonido Norte\u00f1o Sax, ha sido liderado por Tony Mel\u00e9ndez durante muchos a\u00f1os. En el emotivo anuncio se muestra una foto de Telesforo Saenz Luj\u00e1n, recordando su tiempo como parte fundamental de la banda en sus primeros a\u00f1os.<\/p>\n\n\n\n<p>Originario de San Isidro, Manuel Benavides, Chihuahua, Foro desempe\u00f1\u00f3 un papel significativo en la historia de Conjunto Primavera, siendo un miembro esencial del grupo durante una extensa etapa que abarc\u00f3 diecis\u00e9is a\u00f1os, desde su entrada en 1978 hasta su partida en 1994. Durante este largo per\u00edodo, contribuy\u00f3 de manera inigualable a la m\u00fasica y al legado de la banda.<\/p>\n\n\n\n<figure class=\"wp-block-embed is-type-video is-provider-youtube wp-block-embed-youtube wp-embed-aspect-16-9 wp-has-aspect-ratio\"><div class=\"wp-block-embed__wrapper\">\n<iframe loading=\"lazy\" title=\"Conjunto Primavera de luto, falleci\u00f3 Telesforo Saenz, ex integrante de\u00a0la\u00a0agrupaci\u00f3n\" width=\"1170\" height=\"658\" src=\"https:\/\/www.youtube.com\/embed\/bRLbJ3YzOAM?wmode=transparent&amp;rel=0&amp;feature=oembed\" frameborder=\"0\" allow=\"accelerometer; autoplay; clipboard-write; encrypted-media; gyroscope; picture-in-picture; web-share\" allowfullscreen><\/iframe>\n<\/div><\/figure>\n\n\n\n<p>Quiz\u00e1 tambi\u00e9n te interesa: <a href=\"https:\/\/rolamix.com\/espectaculos\/nunca-se-han-visto-en-persona-pero-su-historia-de-amor-a-distancia-tiene-a-los-internautas-suspirando\/\" title=\"Nunca se han visto en persona, pero su historia de amor a distancia tiene a los internautas suspirando\">Nunca Se Han Visto En Persona, Pero Su Historia De Amor A Distancia Tiene A Los Internautas Suspirando<\/a><\/p>\n\n\n\n<p>Su partida deja un vac\u00edo irremplazable en quienes tuvieron el privilegio de conocerlo y en el propio grupo. Se destacan algunas de las canciones y versiones en las que particip\u00f3 con Conjunto Primavera, incluyendo \u00e9xitos como &#8220;Borracho Y Loco&#8221;, &#8220;La Sirenita&#8221;, &#8220;Pa\u2019 Qu\u00e9 Son Pasiones&#8221; y &#8220;Me Norti\u00e9&#8221;, una de las primeras canciones originales que contribuy\u00f3 a crear junto a la banda.<\/p>\n\n\n\n<p>La m\u00fasica regional mexicana pierde a un talentoso y apreciado miembro con la partida de Foro, pero su legado perdurar\u00e1 a trav\u00e9s de su m\u00fasica y de los corazones de aquellos que tuvieron el honor de conocerlo.<\/p>\n","protected":false},"excerpt":{"rendered":"<p>Conjunto Primavera lamenta profundamente el fallecimiento de Telesforo Saenz Luj\u00e1n, conocido cari\u00f1osamente como &#8220;Foro&#8221;, una figura ic\u00f3nica en la m\u00fasica Regional Mexicana. La noticia fue anunciada a trav\u00e9s de las redes sociales oficiales del grupo, sumiendo a sus seguidores en la tristeza. Conjunto Primavera, un grupo consolidado en el g\u00e9nero, especialmente en el sonido Norte\u00f1o [&hellip;]<\/p>\n","protected":false},"author":3,"featured_media":28945,"comment_status":"open","ping_status":"closed","sticky":false,"template":"","format":"standard","meta":{"footnotes":""},"categories":[2],"tags":[],"class_list":["post-28944","post","type-post","status-publish","format-standard","has-post-thumbnail","hentry","category-noticias"],"aioseo_notices":[],"_links":{"self":[{"href":"https:\/\/rolamix.com\/espectaculos\/wp-json\/wp\/v2\/posts\/28944","targetHints":{"allow":["GET"]}}],"collection":[{"href":"https:\/\/rolamix.com\/espectaculos\/wp-json\/wp\/v2\/posts"}],"about":[{"href":"https:\/\/rolamix.com\/espectaculos\/wp-json\/wp\/v2\/types\/post"}],"author":[{"embeddable":true,"href":"https:\/\/rolamix.com\/espectaculos\/wp-json\/wp\/v2\/users\/3"}],"replies":[{"embeddable":true,"href":"https:\/\/rolamix.com\/espectaculos\/wp-json\/wp\/v2\/comments?post=28944"}],"version-history":[{"count":1,"href":"https:\/\/rolamix.com\/espectaculos\/wp-json\/wp\/v2\/posts\/28944\/revisions"}],"predecessor-version":[{"id":28946,"href":"https:\/\/rolamix.com\/espectaculos\/wp-json\/wp\/v2\/posts\/28944\/revisions\/28946"}],"wp:featuredmedia":[{"embeddable":true,"href":"https:\/\/rolamix.com\/espectaculos\/wp-json\/wp\/v2\/media\/28945"}],"wp:attachment":[{"href":"https:\/\/rolamix.com\/espectaculos\/wp-json\/wp\/v2\/media?parent=28944"}],"wp:term":[{"taxonomy":"category","embeddable":true,"href":"https:\/\/rolamix.com\/espectaculos\/wp-json\/wp\/v2\/categories?post=28944"},{"taxonomy":"post_tag","embeddable":true,"href":"https:\/\/rolamix.com\/espectaculos\/wp-json\/wp\/v2\/tags?post=28944"}],"curies":[{"name":"wp","href":"https:\/\/api.w.org\/{rel}","templated":true}]}}