{"id":29764,"date":"2024-10-01T07:01:29","date_gmt":"2024-10-01T14:01:29","guid":{"rendered":"https:\/\/rolamix.com\/espectaculos\/?p=29764"},"modified":"2024-10-01T07:03:54","modified_gmt":"2024-10-01T14:03:54","slug":"padre-exige-que-su-hijo-se-corte-el-cabello-y-desata-controversia-en-redes-sociales","status":"publish","type":"post","link":"https:\/\/rolamix.com\/espectaculos\/padre-exige-que-su-hijo-se-corte-el-cabello-y-desata-controversia-en-redes-sociales\/","title":{"rendered":"Padre exige que su hijo se corte el cabello y desata controversia en redes sociales"},"content":{"rendered":"\n<p>Un reciente incidente ha generado un intenso debate en redes sociales, luego de que se hiciera viral un video en el que un padre obliga a su hijo a cortarse el pelo para que \u201cparezca un var\u00f3n\u201d. Este hecho ha dividido las opiniones, con algunos defendiendo la autoridad parental y otros criticando la imposici\u00f3n sobre la libertad individual del joven.<\/p>\n\n\n\n<p>En el video, se puede observar c\u00f3mo el padre lleva a su hijo a una peluquer\u00eda, donde, visiblemente molesto, insiste en que se someta al corte de cabello. A pesar de los intentos del joven por resistirse, el padre le golpea con un objeto que sostiene en la mano, mientras los barberos le instan a obedecer y dejarse cortar el cabello.<\/p>\n\n\n\n<p>La tensi\u00f3n en la escena es evidente, con el joven sentado en la silla, inc\u00f3modo y al borde del llanto, mientras el peluquero, listo para iniciar el corte, espera pacientemente. Ante la negativa del hijo, el padre toma una cuerda y le propina dos golpes, intentando imponer su voluntad. A pesar de la resistencia del joven, el peluquero finalmente comienza el corte, mientras el padre observa desde su asiento, expresando su frustraci\u00f3n.<\/p>\n\n\n\n<p>La publicaci\u00f3n del video provoc\u00f3 una avalancha de comentarios en redes sociales. Muchos criticaron la actitud del padre, argumentando que imponer este tipo de decisiones puede afectar la autoestima e identidad del hijo. Otros, sin embargo, defendieron el derecho de los padres a tomar decisiones sobre la apariencia de sus hijos.<\/p>\n\n\n\n<p>El incidente tambi\u00e9n provoc\u00f3 reacciones ir\u00f3nicas, con algunos usuarios comentando sobre la falta de cabello del propio padre, mientras otros reflexionaron sobre c\u00f3mo situaciones como esta pueden generar resentimiento en los hijos.<\/p>\n\n\n\n<figure class=\"wp-block-embed is-type-video is-provider-youtube wp-block-embed-youtube wp-embed-aspect-4-3 wp-has-aspect-ratio\"><div class=\"wp-block-embed__wrapper\">\n<iframe loading=\"lazy\" title=\"Papa obliga a su hijo a cortarse el pelo como un varon\" width=\"1170\" height=\"878\" src=\"https:\/\/www.youtube.com\/embed\/5RdbvuVePkI?wmode=transparent&amp;rel=0&amp;feature=oembed\" frameborder=\"0\" allow=\"accelerometer; autoplay; clipboard-write; encrypted-media; gyroscope; picture-in-picture; web-share\" referrerpolicy=\"strict-origin-when-cross-origin\" allowfullscreen><\/iframe>\n<\/div><\/figure>\n\n\n\n<p>sigue leyendo:<a href=\"https:\/\/lafavoritaradionetwork.com\/entretenimiento\/universidad-anula-su-titulo-a-estudiantes-tras-publicar-video-en-tiktok\/\">Universidad Anula su T\u00edtulo a Estudiantes por Publicar Estremecedora Confesi\u00f3n en TikTok<\/a><\/p>\n\n\n\n<p>El debate contin\u00faa en torno a la pregunta de hasta d\u00f3nde debe llegar la autoridad de los padres y qu\u00e9 impacto pueden tener estas decisiones forzadas en la vida y el desarrollo de los hijos. La controversia ha reabierto la discusi\u00f3n sobre la importancia de la individualidad y la libertad de expresi\u00f3n, incluso en algo tan cotidiano como un corte de cabello.<\/p>\n","protected":false},"excerpt":{"rendered":"<p>Un reciente incidente ha generado un intenso debate en redes sociales, luego de que se hiciera viral un video en el que un padre obliga a su hijo a cortarse el pelo para que \u201cparezca un var\u00f3n\u201d. Este hecho ha dividido las opiniones, con algunos defendiendo la autoridad parental y otros criticando la imposici\u00f3n sobre [&hellip;]<\/p>\n","protected":false},"author":3,"featured_media":29765,"comment_status":"open","ping_status":"closed","sticky":false,"template":"","format":"standard","meta":{"footnotes":""},"categories":[2],"tags":[],"class_list":["post-29764","post","type-post","status-publish","format-standard","has-post-thumbnail","hentry","category-noticias"],"aioseo_notices":[],"_links":{"self":[{"href":"https:\/\/rolamix.com\/espectaculos\/wp-json\/wp\/v2\/posts\/29764","targetHints":{"allow":["GET"]}}],"collection":[{"href":"https:\/\/rolamix.com\/espectaculos\/wp-json\/wp\/v2\/posts"}],"about":[{"href":"https:\/\/rolamix.com\/espectaculos\/wp-json\/wp\/v2\/types\/post"}],"author":[{"embeddable":true,"href":"https:\/\/rolamix.com\/espectaculos\/wp-json\/wp\/v2\/users\/3"}],"replies":[{"embeddable":true,"href":"https:\/\/rolamix.com\/espectaculos\/wp-json\/wp\/v2\/comments?post=29764"}],"version-history":[{"count":2,"href":"https:\/\/rolamix.com\/espectaculos\/wp-json\/wp\/v2\/posts\/29764\/revisions"}],"predecessor-version":[{"id":29768,"href":"https:\/\/rolamix.com\/espectaculos\/wp-json\/wp\/v2\/posts\/29764\/revisions\/29768"}],"wp:featuredmedia":[{"embeddable":true,"href":"https:\/\/rolamix.com\/espectaculos\/wp-json\/wp\/v2\/media\/29765"}],"wp:attachment":[{"href":"https:\/\/rolamix.com\/espectaculos\/wp-json\/wp\/v2\/media?parent=29764"}],"wp:term":[{"taxonomy":"category","embeddable":true,"href":"https:\/\/rolamix.com\/espectaculos\/wp-json\/wp\/v2\/categories?post=29764"},{"taxonomy":"post_tag","embeddable":true,"href":"https:\/\/rolamix.com\/espectaculos\/wp-json\/wp\/v2\/tags?post=29764"}],"curies":[{"name":"wp","href":"https:\/\/api.w.org\/{rel}","templated":true}]}}