{"id":29970,"date":"2025-01-03T07:53:57","date_gmt":"2025-01-03T15:53:57","guid":{"rendered":"https:\/\/rolamix.com\/espectaculos\/?p=29970"},"modified":"2025-01-03T07:53:57","modified_gmt":"2025-01-03T15:53:57","slug":"alfredo-adame-paso-ano-nuevo-tras-las-rejas-esta-es-la-verdad-sobre-el-video-que-circula-en-redes","status":"publish","type":"post","link":"https:\/\/rolamix.com\/espectaculos\/alfredo-adame-paso-ano-nuevo-tras-las-rejas-esta-es-la-verdad-sobre-el-video-que-circula-en-redes\/","title":{"rendered":"\u00bfAlfredo Adame pas\u00f3 A\u00f1o Nuevo tras las rejas? Esta es la verdad sobre el video que circula en redes"},"content":{"rendered":"\n<p>Alfredo Adame ha comenzado el 2025 siendo nuevamente el centro de atenci\u00f3n, tras la circulaci\u00f3n de un video en redes sociales que lo muestra saliendo del Centro de Sanciones Administrativas y de Integraci\u00f3n Social, conocido como \u2018El Torito\u2019, en la Ciudad de M\u00e9xico. El video r\u00e1pidamente se viraliz\u00f3, causando revuelo y especulaciones sobre el motivo de su detenci\u00f3n durante las festividades de A\u00f1o Nuevo.<\/p>\n\n\n\n<p>El video fue compartido por la reportera Berenice Ortiz en su canal de YouTube, mostrando al actor y conductor visiblemente hambriento, al salir del centro. En las im\u00e1genes, Adame se dirige a un puesto de tacos y pide una orden de seis tacos, acompa\u00f1ados de salsa verde y refresco, mientras hace un gesto invitando a los reporteros a unirse a su mesa. Durante la grabaci\u00f3n, se le escucha decir: &#8220;\u00bfNo quieren un refresco o algo? Es que no desayun\u00e9&#8221;, lo que gener\u00f3 una avalancha de comentarios y memes en las redes sociales.<\/p>\n\n\n\n<p>Sin embargo, el video ha sido objeto de controversia, ya que algunos usuarios han se\u00f1alado que las im\u00e1genes no son recientes. En comparaci\u00f3n con un video similar de junio de 2024, en el que Adame tambi\u00e9n aparece con la misma ropa y tras un altercado con el periodista Gustavo Adolfo Infante, muchos sospechan que el video podr\u00eda haber sido grabado en ese momento y simplemente reciclado para viralizarse nuevamente en 2025.<\/p>\n\n\n\n<figure class=\"wp-block-embed is-type-video is-provider-youtube wp-block-embed-youtube wp-embed-aspect-16-9 wp-has-aspect-ratio\"><div class=\"wp-block-embed__wrapper\">\n<iframe loading=\"lazy\" title=\"\ud83d\udea8\u00a1ALFREDO ADAME SALE HAMBRIENTO DEL TORITO!\ud83d\udea8\u00a1ARRASA CON TACOS DE BUCHE NANA Y NENEPIL!\" width=\"1170\" height=\"658\" src=\"https:\/\/www.youtube.com\/embed\/ZYUzY0KoZMc?wmode=transparent&amp;rel=0&amp;feature=oembed\" frameborder=\"0\" allow=\"accelerometer; autoplay; clipboard-write; encrypted-media; gyroscope; picture-in-picture; web-share\" referrerpolicy=\"strict-origin-when-cross-origin\" allowfullscreen><\/iframe>\n<\/div><\/figure>\n\n\n\n<p>La confusi\u00f3n aument\u00f3 cuando Alfredo Adame, sin hacer menci\u00f3n de su supuesta estancia en el \u2018Torito\u2019, comparti\u00f3 un mensaje de A\u00f1o Nuevo en sus redes sociales. En su publicaci\u00f3n, escribi\u00f3: \u201cFestejar el a\u00f1o nuevo voy a Telemundo al centro de M\u00e9xico\u2026 Despu\u00e9s terminando de aqu\u00ed, me voy a casa de mi hija Vanessa, con mis nietos, con su novio a pasar el fin de a\u00f1o\u201d, lo que parece desmentir la idea de que estuviera en el centro de detenciones.<\/p>\n\n\n\n<p>Este incidente no es el primero en la carrera de Adame, quien ha sido conocido por protagonizar diversas controversias a lo largo de su carrera. Desde peleas p\u00fablicas hasta declaraciones pol\u00e9micas, el actor ha mantenido una presencia constante en los medios, generando tanto admiraci\u00f3n como cr\u00edticas.<\/p>\n\n\n\n<p>El video del \u2018Torito\u2019 y la confusi\u00f3n sobre su temporalidad siguen siendo un misterio. Mientras algunos insisten en que es un episodio reciente, otros creen que se trata de un incidente del pasado, lo que deja en suspenso la verdad detr\u00e1s de este nuevo revuelo medi\u00e1tico<\/p>\n","protected":false},"excerpt":{"rendered":"<p>Alfredo Adame ha comenzado el 2025 siendo nuevamente el centro de atenci\u00f3n, tras la circulaci\u00f3n de un video en redes sociales que lo muestra saliendo del Centro de Sanciones Administrativas y de Integraci\u00f3n Social, conocido como \u2018El Torito\u2019, en la Ciudad de M\u00e9xico. El video r\u00e1pidamente se viraliz\u00f3, causando revuelo y especulaciones sobre el motivo [&hellip;]<\/p>\n","protected":false},"author":3,"featured_media":29971,"comment_status":"open","ping_status":"closed","sticky":false,"template":"","format":"standard","meta":{"footnotes":""},"categories":[2],"tags":[3236],"class_list":["post-29970","post","type-post","status-publish","format-standard","has-post-thumbnail","hentry","category-noticias","tag-alfredo-adame"],"aioseo_notices":[],"_links":{"self":[{"href":"https:\/\/rolamix.com\/espectaculos\/wp-json\/wp\/v2\/posts\/29970","targetHints":{"allow":["GET"]}}],"collection":[{"href":"https:\/\/rolamix.com\/espectaculos\/wp-json\/wp\/v2\/posts"}],"about":[{"href":"https:\/\/rolamix.com\/espectaculos\/wp-json\/wp\/v2\/types\/post"}],"author":[{"embeddable":true,"href":"https:\/\/rolamix.com\/espectaculos\/wp-json\/wp\/v2\/users\/3"}],"replies":[{"embeddable":true,"href":"https:\/\/rolamix.com\/espectaculos\/wp-json\/wp\/v2\/comments?post=29970"}],"version-history":[{"count":1,"href":"https:\/\/rolamix.com\/espectaculos\/wp-json\/wp\/v2\/posts\/29970\/revisions"}],"predecessor-version":[{"id":29972,"href":"https:\/\/rolamix.com\/espectaculos\/wp-json\/wp\/v2\/posts\/29970\/revisions\/29972"}],"wp:featuredmedia":[{"embeddable":true,"href":"https:\/\/rolamix.com\/espectaculos\/wp-json\/wp\/v2\/media\/29971"}],"wp:attachment":[{"href":"https:\/\/rolamix.com\/espectaculos\/wp-json\/wp\/v2\/media?parent=29970"}],"wp:term":[{"taxonomy":"category","embeddable":true,"href":"https:\/\/rolamix.com\/espectaculos\/wp-json\/wp\/v2\/categories?post=29970"},{"taxonomy":"post_tag","embeddable":true,"href":"https:\/\/rolamix.com\/espectaculos\/wp-json\/wp\/v2\/tags?post=29970"}],"curies":[{"name":"wp","href":"https:\/\/api.w.org\/{rel}","templated":true}]}}