{"id":3129,"date":"2018-08-31T02:27:30","date_gmt":"2018-08-31T09:27:30","guid":{"rendered":"https:\/\/rolamix.com\/espectaculos\/?p=3129"},"modified":"2018-08-31T02:35:22","modified_gmt":"2018-08-31T09:35:22","slug":"esposa-de-vicente-fernandez-es-llevada-la-hopital","status":"publish","type":"post","link":"https:\/\/rolamix.com\/espectaculos\/esposa-de-vicente-fernandez-es-llevada-la-hopital\/","title":{"rendered":"Esposa de Vicente Fernandez es Llevada a un Hospital de Estados Unidos tras una Reca\u00edda de Salud"},"content":{"rendered":"<p>Una sorpresiva racha de fuertes dolores abdominales ocasion\u00f3 que <strong>Do\u00f1a Cuquita<\/strong>, esposa de <strong>Vicente Fern\u00e1ndez<\/strong>, fuera <strong>llevada de inmediato<\/strong> a un hospital de los Estados Unidos.<\/p>\n<p>La esposa del Charro de Huentit\u00e1n, de nombre <strong>Mar\u00eda del Refugio Abarca<\/strong>, mejor conocida como Do\u00f1a Cuquita. Ella es una mujer de <strong>72 a\u00f1os de edad,<\/strong> quien su vida entera ha profesado el amor y fidelidad a su esposo, el famoso int\u00e9rprete de m\u00fasica ranchera, \u00edcono indudable de la <strong>cultura mexicana.<\/strong><\/p>\n<p>De acurdo con la publicado por <a href=\"http:\/\/www.tvnotas.com.mx\/\" target=\"_blank\" rel=\"noopener\" \"nofoloW\">tvnotas<\/a>, todo transcurr\u00eda en calma y sin contratiempos mayores para la familia de los Fern\u00e1ndez, cuando repentinamente la se\u00f1ora Cuquita comenz\u00f3 a quejarse de <strong>fuertes dolores a la altura del est\u00f3mago. <\/strong>\u00c9stos\u00a0presuntamente fueron ocasionados por una serie de <strong>divert\u00edculos<\/strong> que le fueron diagnosticados el a\u00f1o pasado.<\/p>\n<blockquote class=\"instagram-media\" data-instgrm-captioned data-instgrm-permalink=\"https:\/\/www.instagram.com\/p\/Bg_0ShAhV0N\/?utm_source=ig_embed\" data-instgrm-version=\"9\" style=\" background:#FFF; border:0; border-radius:3px; box-shadow:0 0 1px 0 rgba(0,0,0,0.5),0 1px 10px 0 rgba(0,0,0,0.15); margin: 1px; max-width:658px; min-width:326px; padding:0; width:99.375%; width:-webkit-calc(100% - 2px); width:calc(100% - 2px);\">\n<div style=\"padding:8px;\">\n<div style=\" background:#F8F8F8; line-height:0; margin-top:40px; padding:50.0% 0; text-align:center; width:100%;\">\n<div style=\" background:url(data:image\/png;base64,iVBORw0KGgoAAAANSUhEUgAAACwAAAAsCAMAAAApWqozAAAABGdBTUEAALGPC\/xhBQAAAAFzUkdCAK7OHOkAAAAMUExURczMzPf399fX1+bm5mzY9AMAAADiSURBVDjLvZXbEsMgCES5\/P8\/t9FuRVCRmU73JWlzosgSIIZURCjo\/ad+EQJJB4Hv8BFt+IDpQoCx1wjOSBFhh2XssxEIYn3ulI\/6MNReE07UIWJEv8UEOWDS88LY97kqyTliJKKtuYBbruAyVh5wOHiXmpi5we58Ek028czwyuQdLKPG1Bkb4NnM+VeAnfHqn1k4+GPT6uGQcvu2h2OVuIf\/gWUFyy8OWEpdyZSa3aVCqpVoVvzZZ2VTnn2wU8qzVjDDetO90GSy9mVLqtgYSy231MxrY6I2gGqjrTY0L8fxCxfCBbhWrsYYAAAAAElFTkSuQmCC); display:block; height:44px; margin:0 auto -44px; position:relative; top:-22px; width:44px;\"><\/div>\n<\/div>\n<p style=\" margin:8px 0 0 0; padding:0 4px;\"> <a href=\"https:\/\/www.instagram.com\/p\/Bg_0ShAhV0N\/?utm_source=ig_embed\" style=\" color:#000; font-family:Arial,sans-serif; font-size:14px; font-style:normal; font-weight:normal; line-height:17px; text-decoration:none; word-wrap:break-word;\" target=\"_blank\">En 1963 Cuquita y yo nos mudamos a la Ciudad de M\u00e9xico, debiendo hasta los muebles del departamento donde viv\u00edamos. http:\/\/eladiosdeungrande.com<\/a><\/p>\n<p style=\" color:#c9c8cd; font-family:Arial,sans-serif; font-size:14px; line-height:17px; margin-bottom:0; margin-top:8px; overflow:hidden; padding:8px 0 7px; text-align:center; text-overflow:ellipsis; white-space:nowrap;\">A post shared by <a href=\"https:\/\/www.instagram.com\/_vicentefdez\/?utm_source=ig_embed\" style=\" color:#c9c8cd; font-family:Arial,sans-serif; font-size:14px; font-style:normal; font-weight:normal; line-height:17px;\" target=\"_blank\"> Vicente Fern\u00e1ndez<\/a> (@_vicentefdez) on <time style=\" font-family:Arial,sans-serif; font-size:14px; line-height:17px;\" datetime=\"2018-03-31T18:09:55+00:00\">Mar 31, 2018 at 11:09am PDT<\/time><\/p>\n<\/div>\n<\/blockquote>\n<p><script async defer src=\"\/\/www.instagram.com\/embed.js\"><\/script><\/p>\n<p>Cabe destacar, que esta enfermedad ha sido mantenida <strong>bajo control<\/strong>, por sus m\u00e9dicos de cabecera en la ciudad de Guadalajara, su lugar de residencia. Sin embargo, fueron los fuertes dolores de los que fue v\u00edctima recientemente alarmaron a Vicente Fern\u00e1ndez, quien tom\u00f3 la decisi\u00f3n de trasladarla a la mayor brevedad a un <strong>centro m\u00e9dico<\/strong> ubicado en el estado fronterizo de Texas, en la Uni\u00f3n Americana. Se sabe, por fuentes cercanas a la familia que es en ese lugar donde todos acostumbran a realizarse sus valoraciones m\u00e9dicas por rutina.<\/p>\n<p>Quiz\u00e1s tambi\u00e9n te interese:\u00a0<a href=\"https:\/\/rolamix.com\/espectaculos\/jerry-rivera-caida-concierto-ecuador\/\"><span class=\"post-title\">El \u201cNi\u00f1o De La Salsa\u201d Sufre FUERTE Ca\u00edda En Un Concierto En Ecuador<\/span><\/a><\/p>\n<p>Por fortuna todo qued\u00f3 en un susto y do\u00f1a Cuquita <strong>ya se encuentra en su domicilio<\/strong> del estado de Jalisco. Afortunadamente, recuper\u00e1ndose de esta reca\u00edda y\u00a0 rodeada del amor de su familia: su famoso esposo Don Chente Fern\u00e1ndez y sus hijos.<\/p>\n<p>Las revisiones y <strong>cuidados m\u00e9dicos<\/strong> ser\u00e1n exhaustivos y cont\u00ednuos hasta que Do\u00f1a Cuquita recupere su salud nuevamente.<\/p>\n<p>Mira este v\u00eddeo reciente de Vicente Fern\u00e1ndez titulado: En la c\u00e1rcel de tu adi\u00f3s<\/p>\n<p><iframe loading=\"lazy\" width=\"1170\" height=\"658\" src=\"https:\/\/www.youtube.com\/embed\/rI0L5gPKnTM?wmode=transparent&amp;rel=0&amp;feature=oembed\" frameborder=\"0\" allow=\"autoplay; encrypted-media\" allowfullscreen><\/iframe><\/p>\n","protected":false},"excerpt":{"rendered":"<p>Una sorpresiva racha de fuertes dolores abdominales ocasion\u00f3 que Do\u00f1a Cuquita, esposa de Vicente Fern\u00e1ndez, fuera llevada de inmediato a un hospital de los Estados Unidos. La esposa del Charro de Huentit\u00e1n, de nombre Mar\u00eda del Refugio Abarca, mejor conocida como Do\u00f1a Cuquita. Ella es una mujer de 72 a\u00f1os de edad, quien su vida [&hellip;]<\/p>\n","protected":false},"author":3,"featured_media":3130,"comment_status":"open","ping_status":"closed","sticky":false,"template":"","format":"standard","meta":{"footnotes":""},"categories":[2],"tags":[106,17],"class_list":["post-3129","post","type-post","status-publish","format-standard","has-post-thumbnail","hentry","category-noticias","tag-hospitalizado","tag-vicente-fernandez"],"aioseo_notices":[],"_links":{"self":[{"href":"https:\/\/rolamix.com\/espectaculos\/wp-json\/wp\/v2\/posts\/3129","targetHints":{"allow":["GET"]}}],"collection":[{"href":"https:\/\/rolamix.com\/espectaculos\/wp-json\/wp\/v2\/posts"}],"about":[{"href":"https:\/\/rolamix.com\/espectaculos\/wp-json\/wp\/v2\/types\/post"}],"author":[{"embeddable":true,"href":"https:\/\/rolamix.com\/espectaculos\/wp-json\/wp\/v2\/users\/3"}],"replies":[{"embeddable":true,"href":"https:\/\/rolamix.com\/espectaculos\/wp-json\/wp\/v2\/comments?post=3129"}],"version-history":[{"count":0,"href":"https:\/\/rolamix.com\/espectaculos\/wp-json\/wp\/v2\/posts\/3129\/revisions"}],"wp:featuredmedia":[{"embeddable":true,"href":"https:\/\/rolamix.com\/espectaculos\/wp-json\/wp\/v2\/media\/3130"}],"wp:attachment":[{"href":"https:\/\/rolamix.com\/espectaculos\/wp-json\/wp\/v2\/media?parent=3129"}],"wp:term":[{"taxonomy":"category","embeddable":true,"href":"https:\/\/rolamix.com\/espectaculos\/wp-json\/wp\/v2\/categories?post=3129"},{"taxonomy":"post_tag","embeddable":true,"href":"https:\/\/rolamix.com\/espectaculos\/wp-json\/wp\/v2\/tags?post=3129"}],"curies":[{"name":"wp","href":"https:\/\/api.w.org\/{rel}","templated":true}]}}