{"id":3640,"date":"2018-10-01T03:03:06","date_gmt":"2018-10-01T10:03:06","guid":{"rendered":"https:\/\/blog.rolamix.com\/espectaculos\/?p=3640"},"modified":"2018-10-01T03:12:09","modified_gmt":"2018-10-01T10:12:09","slug":"por-que-volviste-video-oficial-banda-todo-terreno","status":"publish","type":"post","link":"https:\/\/rolamix.com\/espectaculos\/por-que-volviste-video-oficial-banda-todo-terreno\/","title":{"rendered":"Video Oficial de POR QU\u00c9 VOLVISTE de Banda Todo Terreno"},"content":{"rendered":"<p>Banda Todo Terreno se ha grabado ya el video oficial de su canci\u00f3n &#8220;\u00bfPor qu\u00e9 Volviste?&#8221; que sera lanzado al p\u00fablico proximate.<\/p>\n<p>El videoclip fue grabado en el Palacio de las Vacas, en Guadalajara, Jalisco, y la grabaci\u00f3n fue dirigida por Jes\u00fas Lara.<\/p>\n<p>Espera muy pronto el estreno del video oficial de &#8220;\u00bfPor qu\u00e9 Volviste?&#8221; &#8230;\u00a0 mientras tanto te dejamos el video Musical para que disfrutes el tema.<\/p>\n","protected":false},"excerpt":{"rendered":"<p>Banda Todo Terreno se ha grabado ya el video oficial de su canci\u00f3n &#8220;\u00bfPor qu\u00e9 Volviste?&#8221; que sera lanzado al p\u00fablico proximate. El videoclip fue grabado en el Palacio de las Vacas, en Guadalajara, Jalisco, y la grabaci\u00f3n fue dirigida por Jes\u00fas Lara. Espera muy pronto el estreno del video oficial de &#8220;\u00bfPor qu\u00e9 Volviste?&#8221; [&hellip;]<\/p>\n","protected":false},"author":1,"featured_media":3644,"comment_status":"open","ping_status":"closed","sticky":false,"template":"","format":"video","meta":{"footnotes":""},"categories":[381],"tags":[453],"class_list":["post-3640","post","type-post","status-publish","format-video","has-post-thumbnail","hentry","category-videoclips-oficiales","tag-banda-todo-terreno","post_format-post-format-video"],"aioseo_notices":[],"_links":{"self":[{"href":"https:\/\/rolamix.com\/espectaculos\/wp-json\/wp\/v2\/posts\/3640","targetHints":{"allow":["GET"]}}],"collection":[{"href":"https:\/\/rolamix.com\/espectaculos\/wp-json\/wp\/v2\/posts"}],"about":[{"href":"https:\/\/rolamix.com\/espectaculos\/wp-json\/wp\/v2\/types\/post"}],"author":[{"embeddable":true,"href":"https:\/\/rolamix.com\/espectaculos\/wp-json\/wp\/v2\/users\/1"}],"replies":[{"embeddable":true,"href":"https:\/\/rolamix.com\/espectaculos\/wp-json\/wp\/v2\/comments?post=3640"}],"version-history":[{"count":0,"href":"https:\/\/rolamix.com\/espectaculos\/wp-json\/wp\/v2\/posts\/3640\/revisions"}],"wp:featuredmedia":[{"embeddable":true,"href":"https:\/\/rolamix.com\/espectaculos\/wp-json\/wp\/v2\/media\/3644"}],"wp:attachment":[{"href":"https:\/\/rolamix.com\/espectaculos\/wp-json\/wp\/v2\/media?parent=3640"}],"wp:term":[{"taxonomy":"category","embeddable":true,"href":"https:\/\/rolamix.com\/espectaculos\/wp-json\/wp\/v2\/categories?post=3640"},{"taxonomy":"post_tag","embeddable":true,"href":"https:\/\/rolamix.com\/espectaculos\/wp-json\/wp\/v2\/tags?post=3640"}],"curies":[{"name":"wp","href":"https:\/\/api.w.org\/{rel}","templated":true}]}}