{"id":3876,"date":"2018-10-17T19:51:55","date_gmt":"2018-10-18T02:51:55","guid":{"rendered":"https:\/\/rolamix.com\/espectaculos\/?p=3876"},"modified":"2018-10-17T19:51:55","modified_gmt":"2018-10-18T02:51:55","slug":"uriel-osuna-sufre-escandalo-por-fotografias-intimas-filtradas","status":"publish","type":"post","link":"https:\/\/rolamix.com\/espectaculos\/uriel-osuna-sufre-escandalo-por-fotografias-intimas-filtradas\/","title":{"rendered":"Vocalista de Banda La Ejecutiva Pide Disculpas Por las Fotos \u00cdntimas que se Filtraron de \u00c9l"},"content":{"rendered":"<p>En d\u00edas recientes comenzaron a circular por la web y en las redes sociales un escandaloso pack de <strong>fotograf\u00edas \u00edntimas<\/strong> del vocalista de la Banda La Ejecutiva, <strong>Uriel Osuna<\/strong>. El expl\u00edcito material lleg\u00f3 incluso a comercializarse en la internet y r\u00e1pidamente se hizo viral.<\/p>\n<p>Visiblemente afectado, el cantante se reconoci\u00f3 en esas im\u00e1genes \u00edntimas una vez que le fueron mostradas y <strong>dijo estar arrepentido y muy<\/strong> <strong>avergonzado<\/strong> por este hecho.<\/p>\n<p>Explic\u00f3 que se trata de una <strong>secuencia de fotos y un video<\/strong> que en alg\u00fan momento de su vida comparti\u00f3 con alguien en quien confiaba y quer\u00eda. Al paso del tiempo, dijo se ha dado cuenta que <strong>trat\u00f3 con la persona equivocada<\/strong> pues ya ha sido <strong>v\u00edctima de extorsi\u00f3n<\/strong> a causa de esas im\u00e1genes.<\/p>\n<p>Se enter\u00f3 de ellas a trav\u00e9s de las <strong>redes sociales<\/strong> y no hab\u00eda tenido oportunidad de verlas. Fue precisamente en medio de una entrevista que un medio de comunicaci\u00f3n ten\u00eda con todos los integrantes del grupo para promocionar su nuevo material discogr\u00e1fico, cuando <strong>le fueron mostradas tales im\u00e1genes.<\/strong><\/p>\n<p><iframe loading=\"lazy\" width=\"1170\" height=\"658\" src=\"https:\/\/www.youtube.com\/embed\/GYwe4ZoFBfI?wmode=transparent&amp;rel=0&amp;feature=oembed\" frameborder=\"0\" allow=\"autoplay; encrypted-media\" allowfullscreen><\/iframe><\/p>\n<p>Uriel Osuna, dijo sentirse <strong>triste por el incidente<\/strong>. Pues asegura que lo que m\u00e1s le preocupa es la <strong>decepci\u00f3n que puede causar a su madre<\/strong> si llega a ver tales im\u00e1genes, las cuales fuero echas p\u00fablicas\u00a0en Twitter.<\/p>\n<p><a href=\"https:\/\/ibb.co\/cBFXaf\"><img decoding=\"async\" src=\"https:\/\/preview.ibb.co\/kmVLT0\/Disen-o-sin-ti-tulo.png\" alt=\"Disen-o-sin-ti-tulo\" border=\"0\" \/><\/a><\/p>\n<p>El cantante reconoci\u00f3 su error y pidi\u00f3 disculpas a su p\u00fablico en general por tan bochornoso pasaje de su vida.<\/p>\n<p>Quiz\u00e1s tambi\u00e9n te interese:<a href=\"https:\/\/rolamix.com\/espectaculos\/la-maquinaria-nortena-sufre-accidente\/\">\u00a0<span class=\"post-title\">Conocida Agrupaci\u00f3n Musical Mexicana Sufre Aparatoso Accidente Automovil\u00edstico En Estados Unidos<\/span><\/a><\/p>\n<p><strong>Banda La Ejecutiva<\/strong> se encuentra en estos momentos promocionando lo que ser\u00e1 su nuevo sencillo titulado <strong>\u201cEl d\u00eda que me fui\u201d<\/strong> del cual se prepara ya el lanzamiento del video oficial que en breve estar\u00e1 disponible, al igual que el audio, en todas las plataformas digitales.<\/p>\n<p>Mira este v\u00eddeo de la Banda La Ejecutiva cantando &#8220;Algo bien&#8221;:<\/p>\n<p><iframe loading=\"lazy\" width=\"1170\" height=\"878\" src=\"https:\/\/www.youtube.com\/embed\/WyZgfb_87LM?wmode=transparent&amp;rel=0&amp;feature=oembed\" frameborder=\"0\" allow=\"autoplay; encrypted-media\" allowfullscreen><\/iframe><\/p>\n","protected":false},"excerpt":{"rendered":"<p>En d\u00edas recientes comenzaron a circular por la web y en las redes sociales un escandaloso pack de fotograf\u00edas \u00edntimas del vocalista de la Banda La Ejecutiva, Uriel Osuna. El expl\u00edcito material lleg\u00f3 incluso a comercializarse en la internet y r\u00e1pidamente se hizo viral. Visiblemente afectado, el cantante se reconoci\u00f3 en esas im\u00e1genes \u00edntimas una [&hellip;]<\/p>\n","protected":false},"author":3,"featured_media":3879,"comment_status":"open","ping_status":"closed","sticky":false,"template":"","format":"standard","meta":{"footnotes":""},"categories":[2],"tags":[260,204,476],"class_list":["post-3876","post","type-post","status-publish","format-standard","has-post-thumbnail","hentry","category-noticias","tag-banda-la-ejecutiva","tag-escandalos","tag-uriel-osuna"],"aioseo_notices":[],"_links":{"self":[{"href":"https:\/\/rolamix.com\/espectaculos\/wp-json\/wp\/v2\/posts\/3876","targetHints":{"allow":["GET"]}}],"collection":[{"href":"https:\/\/rolamix.com\/espectaculos\/wp-json\/wp\/v2\/posts"}],"about":[{"href":"https:\/\/rolamix.com\/espectaculos\/wp-json\/wp\/v2\/types\/post"}],"author":[{"embeddable":true,"href":"https:\/\/rolamix.com\/espectaculos\/wp-json\/wp\/v2\/users\/3"}],"replies":[{"embeddable":true,"href":"https:\/\/rolamix.com\/espectaculos\/wp-json\/wp\/v2\/comments?post=3876"}],"version-history":[{"count":0,"href":"https:\/\/rolamix.com\/espectaculos\/wp-json\/wp\/v2\/posts\/3876\/revisions"}],"wp:featuredmedia":[{"embeddable":true,"href":"https:\/\/rolamix.com\/espectaculos\/wp-json\/wp\/v2\/media\/3879"}],"wp:attachment":[{"href":"https:\/\/rolamix.com\/espectaculos\/wp-json\/wp\/v2\/media?parent=3876"}],"wp:term":[{"taxonomy":"category","embeddable":true,"href":"https:\/\/rolamix.com\/espectaculos\/wp-json\/wp\/v2\/categories?post=3876"},{"taxonomy":"post_tag","embeddable":true,"href":"https:\/\/rolamix.com\/espectaculos\/wp-json\/wp\/v2\/tags?post=3876"}],"curies":[{"name":"wp","href":"https:\/\/api.w.org\/{rel}","templated":true}]}}