{"id":534,"date":"2018-02-19T14:26:08","date_gmt":"2018-02-19T22:26:08","guid":{"rendered":"https:\/\/rolamix.com\/espectaculos\/?p=534"},"modified":"2018-02-19T14:26:08","modified_gmt":"2018-02-19T22:26:08","slug":"vocalistas-de-musica-de-banda-reto-cantar-a-capela","status":"publish","type":"post","link":"https:\/\/rolamix.com\/espectaculos\/vocalistas-de-musica-de-banda-reto-cantar-a-capela\/","title":{"rendered":"Cantantes de M\u00fasica de Banda Lanzan en Redes Sociales un Fant\u00e1stico Reto que Seguramente te Encantar\u00e1 [videos]"},"content":{"rendered":"<p>Con la idea de unir un poco m\u00e1s a los diferentes cantantes de la m\u00fasica de banda,<strong><em> Luis \u00c1ngel Franco, El Flaco, <a href=\"https:\/\/www.facebook.com\/flacorecoditos\/\" target=\"_blank\" rel=\"noopener\">vocalista de Los Recoditos<\/a> lanz\u00f3 recientemente a trav\u00e9s de las redes sociales un<\/em> reto vocal a sus colegas de g\u00e9nero<\/strong>, iniciativa que fue acogida con mucho gusto y entusiasmo.<\/p>\n<p>En un breve video subido a la plataforma de YouTube, el <strong>Flaco de Los Recoditos\u00a0reta directamente a <a href=\"https:\/\/www.facebook.com\/edwinlunat\/\" target=\"_blank\" rel=\"noopener\">Edwin Luna vocalista de La Trakalosa de Monterrey<\/a><\/strong>, al tiempo que explica la din\u00e1mica del juego.<\/p>\n<p>Segun explica Luis \u00c1ngel Franco en el video, <strong>El reto\u00a0consiste en cantar a capela canciones de otros int\u00e9rpretes<\/strong>, inyectando un estilo propio y luciendo la fuerza vocal de los participantes, quienes acepten el desaf\u00edo, dijo, deber\u00e1n retar a otro cantante con la misma din\u00e1mica; el objetivo de este juego es mostrar a los fans de este g\u00e9nero musical la gran camarader\u00eda que existe entre los grupos y fortalecer los lazos de amistad entre ellos.<\/p>\n<p><strong>El Flaco de Los Recoditos comienza su desaf\u00edo interpretando la exitosa canci\u00f3n de La Trakalosa llamada \u201cBroche de Oro\u201d <\/strong>con la que hace gala de su potencia vocal y al terminar reitera su <strong>reto a Edwin Luna<\/strong>.<\/p>\n<p>&nbsp;<\/p>\n<p><iframe loading=\"lazy\" width=\"1170\" height=\"878\" src=\"https:\/\/www.youtube.com\/embed\/FF-HUk4t3Zw?feature=oembed\" frameborder=\"0\" allow=\"autoplay; encrypted-media\" allowfullscreen><\/iframe><\/p>\n<p>&nbsp;<\/p>\n<p><strong>El vocalista de La Trakalosa de Monterrey, Edwin Luna, acept\u00f3 con mucho entusiasmo el desaf\u00edo<\/strong> y a trav\u00e9s de la misma plataforma digital de videos subi\u00f3 su respuesta interpretando <strong>a capela<\/strong> la canci\u00f3n de Los Recoditos \u201cTres recuerdos\u201d.<\/p>\n<p>&nbsp;<\/p>\n<p><iframe loading=\"lazy\" width=\"1170\" height=\"658\" src=\"https:\/\/www.youtube.com\/embed\/O8A4aKcs-kE?feature=oembed\" frameborder=\"0\" allow=\"autoplay; encrypted-media\" allowfullscreen><\/iframe><\/p>\n<p>&nbsp;<\/p>\n<p>Sin duda este <strong>reto entre los grandes cantantes del g\u00e9nero de Banda Sinaloense<\/strong> tendr\u00e1 muy pendiente a los resultados y su seguimiento a todos sus fans quienes no pierden oportunidad de alentar a sus favoritos con sus comentarios y porras en los videos que los artistas han subido.<\/p>\n<p>Habr\u00e1 que seguir muy de cerca la participaci\u00f3n de los que acepten este interesante juego musical y vocal ya que conforme pasan las horas este extraordinario <strong>reto de cantar a capela<\/strong> se extiende cada vez mas hacia diferentes <strong>vocalistas de m\u00fasica de banda<\/strong>.<\/p>\n<p>&nbsp;<\/p>\n<p><center><iframe loading=\"lazy\" style=\"border: none; overflow: hidden;\" src=\"https:\/\/www.facebook.com\/plugins\/video.php?href=https%3A%2F%2Fwww.facebook.com%2Fflacorecoditos%2Fvideos%2F1806076719424854%2F&amp;show_text=1&amp;width=267\" width=\"500\" height=\"827\" frameborder=\"0\" scrolling=\"no\" allowfullscreen=\"allowfullscreen\"><\/iframe><\/center>&nbsp;<\/p>\n<p>Quiz\u00e1 tambi\u00e9n te interese: <a href=\"https:\/\/rolamix.com\/espectaculos\/carlos-sarabia-sale-de-la-adictiva\/\">Carlos Sarabia Sale De LA ADICTIVA Despu\u00e9s De 3 A\u00f1os De Formar Parte De La Agrupaci\u00f3n<\/a><\/p>\n","protected":false},"excerpt":{"rendered":"<p>Con la idea de unir un poco m\u00e1s a los diferentes cantantes de la m\u00fasica de banda, Luis \u00c1ngel Franco, El Flaco, vocalista de Los Recoditos lanz\u00f3 recientemente a trav\u00e9s de las redes sociales un reto vocal a sus colegas de g\u00e9nero, iniciativa que fue acogida con mucho gusto y entusiasmo. En un breve video [&hellip;]<\/p>\n","protected":false},"author":1,"featured_media":535,"comment_status":"open","ping_status":"closed","sticky":false,"template":"","format":"standard","meta":{"footnotes":""},"categories":[2],"tags":[148,143,144,147,145,146,142],"class_list":["post-534","post","type-post","status-publish","format-standard","has-post-thumbnail","hentry","category-noticias","tag-a-capela","tag-banda-los-recoditos","tag-edwin-luna","tag-el-flaco","tag-la-trakalosa-de-monterrey","tag-luis-angel-franco","tag-reto"],"aioseo_notices":[],"_links":{"self":[{"href":"https:\/\/rolamix.com\/espectaculos\/wp-json\/wp\/v2\/posts\/534","targetHints":{"allow":["GET"]}}],"collection":[{"href":"https:\/\/rolamix.com\/espectaculos\/wp-json\/wp\/v2\/posts"}],"about":[{"href":"https:\/\/rolamix.com\/espectaculos\/wp-json\/wp\/v2\/types\/post"}],"author":[{"embeddable":true,"href":"https:\/\/rolamix.com\/espectaculos\/wp-json\/wp\/v2\/users\/1"}],"replies":[{"embeddable":true,"href":"https:\/\/rolamix.com\/espectaculos\/wp-json\/wp\/v2\/comments?post=534"}],"version-history":[{"count":0,"href":"https:\/\/rolamix.com\/espectaculos\/wp-json\/wp\/v2\/posts\/534\/revisions"}],"wp:featuredmedia":[{"embeddable":true,"href":"https:\/\/rolamix.com\/espectaculos\/wp-json\/wp\/v2\/media\/535"}],"wp:attachment":[{"href":"https:\/\/rolamix.com\/espectaculos\/wp-json\/wp\/v2\/media?parent=534"}],"wp:term":[{"taxonomy":"category","embeddable":true,"href":"https:\/\/rolamix.com\/espectaculos\/wp-json\/wp\/v2\/categories?post=534"},{"taxonomy":"post_tag","embeddable":true,"href":"https:\/\/rolamix.com\/espectaculos\/wp-json\/wp\/v2\/tags?post=534"}],"curies":[{"name":"wp","href":"https:\/\/api.w.org\/{rel}","templated":true}]}}