{"id":5662,"date":"2019-02-04T16:26:10","date_gmt":"2019-02-05T00:26:10","guid":{"rendered":"https:\/\/rolamix.com\/espectaculos\/?p=5662"},"modified":"2019-02-04T16:29:20","modified_gmt":"2019-02-05T00:29:20","slug":"alejandro-fernandez-sufre-tremenda-caida-en-pleno-concierto-por-andar-pasado-de-copas","status":"publish","type":"post","link":"https:\/\/rolamix.com\/espectaculos\/alejandro-fernandez-sufre-tremenda-caida-en-pleno-concierto-por-andar-pasado-de-copas\/","title":{"rendered":"Alejandro Fern\u00e1ndez Sufre Tremenda Ca\u00edda en Pleno Concierto por Andar Pasado de Copas"},"content":{"rendered":"<p>El querido pero tambi\u00e9n criticado por protagonizar varios bochornos p\u00fablicos, <strong>Alejandro Fern\u00e1ndez,<\/strong> se present\u00f3 en el palenque de la Feria Estatal de Le\u00f3n y mientras cantaba uno de sus \u00e9xitos, nuevamente <strong>desat\u00f3 risas entre el p\u00fablico al caerse de una de las bocinas<\/strong> que se encontraban cerca de uno de sus m\u00fasicos.<\/p>\n<p>La grabaci\u00f3n ya ampliamente difundida en las redes, muestra como el potrillo, hijo de Don Vicente, fue a sentarse pero, al estar claramente en <strong>estado de embriaguez<\/strong> no puede evitar caer al suelo.<\/p>\n<p>R\u00e1pidamente es ayudado por dos hombres y vuelve a quedar en pie, pero no firmemente, pues el cantante sigue vi\u00e9ndose un tanto desequilibrado. Con lo cual se percibe que debe esforzarse para no retornar al suelo en plena presentaci\u00f3n.<\/p>\n<blockquote class=\"twitter-tweet\" data-width=\"550\" data-dnt=\"true\">\n<p lang=\"es\" dir=\"ltr\">Ahora si me fui de espaldas!! Que buen medio tiempo del <a href=\"https:\/\/twitter.com\/hashtag\/superbowl?src=hash&amp;ref_src=twsrc%5Etfw\">#superbowl<\/a>!! <a href=\"https:\/\/twitter.com\/hashtag\/cuandotemuevenelpiso?src=hash&amp;ref_src=twsrc%5Etfw\">#cuandotemuevenelpiso<\/a> ??? ?\u200d\u2642 Se me movi\u00f3 el monitor ? <a href=\"https:\/\/t.co\/LLe4q5UtYn\">pic.twitter.com\/LLe4q5UtYn<\/a><\/p>\n<p>&mdash; Alejandro Fern\u00e1ndez (@alexoficial) <a href=\"https:\/\/twitter.com\/alexoficial\/status\/1092231912645525504?ref_src=twsrc%5Etfw\">February 4, 2019<\/a><\/p><\/blockquote>\n<p><script async src=\"https:\/\/platform.twitter.com\/widgets.js\" charset=\"utf-8\"><\/script><\/p>\n<div id=\"fb-root\"><\/div>\n<p><script>(function(d, s, id) {  var js, fjs = d.getElementsByTagName(s)[0];  if (d.getElementById(id)) return;  js = d.createElement(s); js.id = id;  js.src = 'https:\/\/connect.facebook.net\/en_US\/sdk.js#xfbml=1&version=v3.2';  fjs.parentNode.insertBefore(js, fjs);}(document, 'script', 'facebook-jssdk'));<\/script><\/p>\n<div class=\"fb-video\" data-href=\"https:\/\/www.facebook.com\/glulis\/videos\/2394403950634730\/\" data-width=\"1170\">\n<blockquote cite=\"https:\/\/www.facebook.com\/glulis\/videos\/2394403950634730\/\" class=\"fb-xfbml-parse-ignore\"><p><a href=\"https:\/\/www.facebook.com\/glulis\/videos\/2394403950634730\/\"><\/a><\/p>\n<p>De pena ajena ?????<\/p>\n<p>Posted by <a href=\"https:\/\/www.facebook.com\/glulis\">Lourdes Palma Cordova<\/a> on Sunday, February 3, 2019<\/p><\/blockquote>\n<\/div>\n<p>Quiz\u00e1s tambi\u00e9n te interese: Sobrino De Joan Sebastian Aparece Muerto Tras Varios D\u00edas De Secuestro<\/p>\n<blockquote class=\"twitter-tweet\" data-width=\"550\" data-dnt=\"true\">\n<p lang=\"es\" dir=\"ltr\">Graciaaaas infinitas <a href=\"https:\/\/twitter.com\/hashtag\/Le%C3%B3n?src=hash&amp;ref_src=twsrc%5Etfw\">#Le\u00f3n<\/a>!! Anoche fue espectacular, hoy tendremos otra noche incre\u00edble en el <a href=\"https:\/\/twitter.com\/hashtag\/Palenque?src=hash&amp;ref_src=twsrc%5Etfw\">#Palenque<\/a> ?\u270c\ufe0f <a href=\"https:\/\/t.co\/QKz26i3Uek\">pic.twitter.com\/QKz26i3Uek<\/a><\/p>\n<p>&mdash; Alejandro Fern\u00e1ndez (@alexoficial) <a href=\"https:\/\/twitter.com\/alexoficial\/status\/1091798369301741568?ref_src=twsrc%5Etfw\">February 2, 2019<\/a><\/p><\/blockquote>\n<p><script async src=\"https:\/\/platform.twitter.com\/widgets.js\" charset=\"utf-8\"><\/script><\/p>\n<p>Alejandro goza del gran cari\u00f1o del p\u00fablico por lo cual, de igual forma fue bien acogido por el p\u00fablico quienes bailaron, cantaron y le aplaudieron. Sin embargo, tambi\u00e9n comenzaron a leerse varias <strong>cr\u00edticas en las diversas redes sociales<\/strong>, con respecto al comportamiento del potrillo.<\/p>\n<p>Tal parece que a varias personas no les ha ca\u00eddo nada en gracia que el mexicano de este tipo de espect\u00e1culos, en los que se muestra con unos tragos dem\u00e1s, con lo cual, para algunos, <strong>pierde calidad su interpretaci\u00f3n art\u00edstica<\/strong>.<\/p>\n<blockquote class=\"twitter-tweet\" data-width=\"550\" data-dnt=\"true\">\n<p lang=\"es\" dir=\"ltr\">As\u00ed se ve la p\u00e9rdida de dignidad, tambi\u00e9n se conoce como Alejandro Fern\u00e1ndez. <a href=\"https:\/\/t.co\/YbOGsyzxiD\">pic.twitter.com\/YbOGsyzxiD<\/a><\/p>\n<p>&mdash; gansoaceves (@gansoaceves) <a href=\"https:\/\/twitter.com\/gansoaceves\/status\/1092424184175775744?ref_src=twsrc%5Etfw\">February 4, 2019<\/a><\/p><\/blockquote>\n<p><script async src=\"https:\/\/platform.twitter.com\/widgets.js\" charset=\"utf-8\"><\/script><\/p>\n<p>Quedando por debajo del nivel de su padre, al menos es parte de las opiniones que se leen en las plataformas digitales en las que se ha colgado el incidente.<\/p>\n","protected":false},"excerpt":{"rendered":"<p>El querido pero tambi\u00e9n criticado por protagonizar varios bochornos p\u00fablicos, Alejandro Fern\u00e1ndez, se present\u00f3 en el palenque de la Feria Estatal de Le\u00f3n y mientras cantaba uno de sus \u00e9xitos, nuevamente desat\u00f3 risas entre el p\u00fablico al caerse de una de las bocinas que se encontraban cerca de uno de sus m\u00fasicos. La grabaci\u00f3n ya [&hellip;]<\/p>\n","protected":false},"author":3,"featured_media":5668,"comment_status":"open","ping_status":"closed","sticky":false,"template":"","format":"standard","meta":{"footnotes":""},"categories":[2],"tags":[110,204,86],"class_list":["post-5662","post","type-post","status-publish","format-standard","has-post-thumbnail","hentry","category-noticias","tag-alejandro-fernandez","tag-escandalos","tag-viral"],"aioseo_notices":[],"_links":{"self":[{"href":"https:\/\/rolamix.com\/espectaculos\/wp-json\/wp\/v2\/posts\/5662","targetHints":{"allow":["GET"]}}],"collection":[{"href":"https:\/\/rolamix.com\/espectaculos\/wp-json\/wp\/v2\/posts"}],"about":[{"href":"https:\/\/rolamix.com\/espectaculos\/wp-json\/wp\/v2\/types\/post"}],"author":[{"embeddable":true,"href":"https:\/\/rolamix.com\/espectaculos\/wp-json\/wp\/v2\/users\/3"}],"replies":[{"embeddable":true,"href":"https:\/\/rolamix.com\/espectaculos\/wp-json\/wp\/v2\/comments?post=5662"}],"version-history":[{"count":0,"href":"https:\/\/rolamix.com\/espectaculos\/wp-json\/wp\/v2\/posts\/5662\/revisions"}],"wp:featuredmedia":[{"embeddable":true,"href":"https:\/\/rolamix.com\/espectaculos\/wp-json\/wp\/v2\/media\/5668"}],"wp:attachment":[{"href":"https:\/\/rolamix.com\/espectaculos\/wp-json\/wp\/v2\/media?parent=5662"}],"wp:term":[{"taxonomy":"category","embeddable":true,"href":"https:\/\/rolamix.com\/espectaculos\/wp-json\/wp\/v2\/categories?post=5662"},{"taxonomy":"post_tag","embeddable":true,"href":"https:\/\/rolamix.com\/espectaculos\/wp-json\/wp\/v2\/tags?post=5662"}],"curies":[{"name":"wp","href":"https:\/\/api.w.org\/{rel}","templated":true}]}}