{"id":6804,"date":"2019-03-28T02:50:15","date_gmt":"2019-03-28T09:50:15","guid":{"rendered":"https:\/\/rolamix.com\/espectaculos\/?p=6804"},"modified":"2019-03-28T02:54:55","modified_gmt":"2019-03-28T09:54:55","slug":"difunden-video-que-grabo-horas-antes-de-su-muerte-el-recien-fallecido-cantante-gerardo-lopez","status":"publish","type":"post","link":"https:\/\/rolamix.com\/espectaculos\/difunden-video-que-grabo-horas-antes-de-su-muerte-el-recien-fallecido-cantante-gerardo-lopez\/","title":{"rendered":"Difunden Video que Grab\u00f3 Horas Antes de su Muerte el Reci\u00e9n Fallecido Cantante Gerardo L\u00f3pez"},"content":{"rendered":"<p>El dolor y la sorpresa por el fallecimiento del cantante sinaloense Gerardo L\u00f3pez, sigue latente entre sus fans, amigos y familiares que en la mayor\u00eda de los casos contin\u00faan sin creer lo sucedido el pasado viernes cuando un infarto al coraz\u00f3n puso fin a la vida, sue\u00f1os y proyectos de este joven cantante de 37 a\u00f1os de edad.<\/p>\n<p>En el internet fue difundido este lunes un breve video clip grabado el mismo d\u00eda viernes presumiblemente apenas unas cuantas horas antes de que falleciera el Cantante. En el clip se ve Gerardo L\u00f3pez cantando con un guitarra, acompa\u00f1ado del m\u00fasico tambi\u00e9n sinaloense Jos\u00e9 Luis Tirado Mora con quien interpreta el tema \u201cMi ni\u00f1a consentida\u201d.<\/p>\n<p style=\"text-align: center;\"><iframe loading=\"lazy\" style=\"border: none; overflow: hidden;\" src=\"https:\/\/www.facebook.com\/plugins\/video.php?href=https%3A%2F%2Fwww.facebook.com%2FBandaMVBanda%2Fvideos%2F267208287554307%2F&amp;show_text=1&amp;width=476\" width=\"476\" height=\"606\" frameborder=\"0\" scrolling=\"no\" allowfullscreen=\"allowfullscreen\"><\/iframe><\/p>\n<p>El clip fue compartido por el propio Jos\u00e9 Luis Tirado Mora en una p\u00e1gina de Facebook a trav\u00e9s de la cuenta oficial de Banda MV, con un comentario acompa\u00f1\u00f3 su publicaci\u00f3n y aprovech\u00f3 para darle \u00e1nimos a la familia del cantante:<\/p>\n<blockquote><p>\u201c..Saber que anoche grab\u00e9 este video en mi casa, \u00e1nimo familia L\u00f3pez!\u201d, es el texto con el que el video fue posteado.<\/p><\/blockquote>\n<p>Gerardo L\u00f3pez Torres ten\u00eda 37 a\u00f1os de edad al momento de su muerte, nacido en Mazatl\u00e1n Sinaloa comenz\u00f3 su carrera muy joven, apenas en la etapa de adolescente, sus temas m\u00e1s exitosos son \u201cEl Coyote\u201d y \u201cte vas\u201d. Banda MV inform\u00f3 que el tema que Gerardo L\u00f3pez canta en el video que compartieron ser\u00e1 grabado por ellos en su honor y memoria.<\/p>\n","protected":false},"excerpt":{"rendered":"<p>El dolor y la sorpresa por el fallecimiento del cantante sinaloense Gerardo L\u00f3pez, sigue latente entre sus fans, amigos y familiares que en la mayor\u00eda de los casos contin\u00faan sin creer lo sucedido el pasado viernes cuando un infarto al coraz\u00f3n puso fin a la vida, sue\u00f1os y proyectos de este joven cantante de 37 [&hellip;]<\/p>\n","protected":false},"author":1,"featured_media":6770,"comment_status":"open","ping_status":"closed","sticky":false,"template":"","format":"standard","meta":{"footnotes":""},"categories":[1],"tags":[150],"class_list":["post-6804","post","type-post","status-publish","format-standard","has-post-thumbnail","hentry","category-uncategorized","tag-fallecimiento"],"aioseo_notices":[],"_links":{"self":[{"href":"https:\/\/rolamix.com\/espectaculos\/wp-json\/wp\/v2\/posts\/6804","targetHints":{"allow":["GET"]}}],"collection":[{"href":"https:\/\/rolamix.com\/espectaculos\/wp-json\/wp\/v2\/posts"}],"about":[{"href":"https:\/\/rolamix.com\/espectaculos\/wp-json\/wp\/v2\/types\/post"}],"author":[{"embeddable":true,"href":"https:\/\/rolamix.com\/espectaculos\/wp-json\/wp\/v2\/users\/1"}],"replies":[{"embeddable":true,"href":"https:\/\/rolamix.com\/espectaculos\/wp-json\/wp\/v2\/comments?post=6804"}],"version-history":[{"count":0,"href":"https:\/\/rolamix.com\/espectaculos\/wp-json\/wp\/v2\/posts\/6804\/revisions"}],"wp:featuredmedia":[{"embeddable":true,"href":"https:\/\/rolamix.com\/espectaculos\/wp-json\/wp\/v2\/media\/6770"}],"wp:attachment":[{"href":"https:\/\/rolamix.com\/espectaculos\/wp-json\/wp\/v2\/media?parent=6804"}],"wp:term":[{"taxonomy":"category","embeddable":true,"href":"https:\/\/rolamix.com\/espectaculos\/wp-json\/wp\/v2\/categories?post=6804"},{"taxonomy":"post_tag","embeddable":true,"href":"https:\/\/rolamix.com\/espectaculos\/wp-json\/wp\/v2\/tags?post=6804"}],"curies":[{"name":"wp","href":"https:\/\/api.w.org\/{rel}","templated":true}]}}