{"id":7051,"date":"2019-04-09T17:49:04","date_gmt":"2019-04-10T00:49:04","guid":{"rendered":"https:\/\/rolamix.com\/espectaculos\/?p=7051"},"modified":"2019-04-09T17:49:04","modified_gmt":"2019-04-10T00:49:04","slug":"banda-los-mazatlecos-ofrece-a-su-publico-un-dia-fenomenal","status":"publish","type":"post","link":"https:\/\/rolamix.com\/espectaculos\/banda-los-mazatlecos-ofrece-a-su-publico-un-dia-fenomenal\/","title":{"rendered":"Banda Los Mazatlecos Ofrece A Su P\u00fablico \u201cUn D\u00eda Fenomenal\u201d"},"content":{"rendered":"<p>Con ritmo alegre, la <strong>Banda Los Mazatlecos<\/strong> presenta su <strong>nuevo tema<\/strong> titulado <strong>\u201cUn d\u00eda fenomenal\u201d<\/strong> a dueto con John Jairo, alias \u201cEl de raza negra\u201d.<\/p>\n<p>Esta banda sinaloense, oriunda del puerto de Mazatl\u00e1n, surgi\u00f3 en el a\u00f1o 2016. Su trabajo constante los ha hecho tocar puertas y participar en diversos escenarios. Lograron paso a paso ganarse un lugar en el coraz\u00f3n de la gente que gusta del g\u00e9nero regional mexicano y especialmente del ritmo de <strong>banda sinaloense.<\/strong><\/p>\n<p>El nuevo sencillo que traen al mercado consta de ritmos alegres y contagiosos que pueden apreciarse de cerca en la plataforma <strong>YouTube.<\/strong> En donde ya se encuentra publicado el <strong>video oficial<\/strong> de la canci\u00f3n. En el clip los acordes de la banda sinaloense pueden apreciarse perfectamente acopladas con la <strong>voz de John Jairo<\/strong>, haciendo una mezcla musical y vocal perfecta que seguramente se colocar\u00e1 en breve entre los primeros lugares de las preferencias musicales del momento.<\/p>\n<div id=\"fb-root\"><\/div>\n<p><script async=\"1\" defer=\"1\" crossorigin=\"anonymous\" src=\"https:\/\/connect.facebook.net\/en_US\/sdk.js#xfbml=1&amp;version=v3.2\"><\/script><\/p>\n<div class=\"fb-post\" data-href=\"https:\/\/www.facebook.com\/BandaLosMazatlecos\/photos\/a.920378231351321\/2081822365206896\/?type=3&amp;theater\" data-width=\"750\">\n<blockquote cite=\"https:\/\/www.facebook.com\/BandaLosMazatlecos\/photos\/a.920378231351321\/2081822365206896\/?type=3\" class=\"fb-xfbml-parse-ignore\">\n<p>Hoy es UN D\u00cdA FENOMENAL ???? por qu\u00e9 Venezuela ?? y M\u00e9xico ?? se unen  con el mismo prop\u00f3sito de llegar hasta el ultimo&#8230;<\/p>\n<p>Posted by <a href=\"https:\/\/www.facebook.com\/BandaLosMazatlecos\/\">Banda Los Mazatlecos<\/a> on&nbsp;<a href=\"https:\/\/www.facebook.com\/BandaLosMazatlecos\/photos\/a.920378231351321\/2081822365206896\/?type=3\">Saturday, April 6, 2019<\/a><\/p><\/blockquote>\n<\/div>\n<p>Quiz\u00e1s tambi\u00e9n te interese:\u00a0<a class=\"post-title post-url\" href=\"https:\/\/rolamix.com\/espectaculos\/adal-loreto-estrena-quiere-ir-a-bailar-con-mariachi\/\">Adal Loreto Lanza Su Nuevo Sencillo Y Video \u201cQuiere Ir A Bailar\u201d Con Mariachi<\/a><\/p>\n<p>El material audiovisual fue grabado con la direcci\u00f3n de la empresa especializada en estas artes: <strong>LQTG<\/strong>. Por su parte,\u00a0 las locaciones elegidas fueron precisamente los hermosos <strong>paisajes del mar de Mazatl\u00e1n Sinaloa<\/strong>.<\/p>\n<p>No ser\u00e1 la primera vez que Banda Los Mazatlecos se anotan un hitazo musical; <strong>su \u00e9xito m\u00e1s sonado<\/strong> anteriormente se llam\u00f3 <strong>\u201cEl pato pipon\u201d,<\/strong> y otros temas tambi\u00e9n destacados han sido: \u201cCaballito de palo\u201d, \u201cLa chona\u201d y \u201cDicen de m\u00ed\u201d, canciones que tambi\u00e9n en su momento fueron lanzados como sencillos.<\/p>\n<p>Mira \u00a0el video oficial de Banda Los Mazatlecos con su nuevo tema \u201cUn d\u00eda fenomenal\u201d:<\/p>\n<blockquote class=\"wp-embedded-content\" data-secret=\"hzq9I4Pii1\"><p><a href=\"https:\/\/rolamix.com\/espectaculos\/video-oficial-de-un-dia-fenomenal-de-banda-los-mazatlecos\/\">Video oficial de UN DIA FENOMENAL de Banda Los Mazatlecos<\/a><\/p><\/blockquote>\n<p><iframe loading=\"lazy\" class=\"wp-embedded-content\" sandbox=\"allow-scripts\" security=\"restricted\" style=\"position: absolute; clip: rect(1px, 1px, 1px, 1px);\" src=\"https:\/\/rolamix.com\/espectaculos\/video-oficial-de-un-dia-fenomenal-de-banda-los-mazatlecos\/embed\/#?secret=hzq9I4Pii1\" data-secret=\"hzq9I4Pii1\" width=\"600\" height=\"338\" title=\"&#8220;Video oficial de UN DIA FENOMENAL de Banda Los Mazatlecos&#8221; &#8212; Rolamix Espect\u00e1culos\" frameborder=\"0\" marginwidth=\"0\" marginheight=\"0\" scrolling=\"no\"><\/iframe><\/p>\n<p>Respaldados por una casa disquera de firma independiente, Banda Los Mazatlecos <strong>promocionar\u00e1n su nuevo tema<\/strong> en regiones de M\u00e9xico y los Estados Unidos, adem\u00e1s de una fuerte campa\u00f1a publicitaria en las redes sociales y la web.<\/p>\n","protected":false},"excerpt":{"rendered":"<p>Con ritmo alegre, la Banda Los Mazatlecos presenta su nuevo tema titulado \u201cUn d\u00eda fenomenal\u201d a dueto con John Jairo, alias \u201cEl de raza negra\u201d. Esta banda sinaloense, oriunda del puerto de Mazatl\u00e1n, surgi\u00f3 en el a\u00f1o 2016. Su trabajo constante los ha hecho tocar puertas y participar en diversos escenarios. Lograron paso a paso [&hellip;]<\/p>\n","protected":false},"author":3,"featured_media":7053,"comment_status":"open","ping_status":"closed","sticky":false,"template":"","format":"standard","meta":{"footnotes":""},"categories":[2],"tags":[886,71,137,130],"class_list":["post-7051","post","type-post","status-publish","format-standard","has-post-thumbnail","hentry","category-noticias","tag-banda-los-mazatlecos","tag-lanzamiento","tag-nuevo-sencillo","tag-nuevo-video"],"aioseo_notices":[],"_links":{"self":[{"href":"https:\/\/rolamix.com\/espectaculos\/wp-json\/wp\/v2\/posts\/7051","targetHints":{"allow":["GET"]}}],"collection":[{"href":"https:\/\/rolamix.com\/espectaculos\/wp-json\/wp\/v2\/posts"}],"about":[{"href":"https:\/\/rolamix.com\/espectaculos\/wp-json\/wp\/v2\/types\/post"}],"author":[{"embeddable":true,"href":"https:\/\/rolamix.com\/espectaculos\/wp-json\/wp\/v2\/users\/3"}],"replies":[{"embeddable":true,"href":"https:\/\/rolamix.com\/espectaculos\/wp-json\/wp\/v2\/comments?post=7051"}],"version-history":[{"count":0,"href":"https:\/\/rolamix.com\/espectaculos\/wp-json\/wp\/v2\/posts\/7051\/revisions"}],"wp:featuredmedia":[{"embeddable":true,"href":"https:\/\/rolamix.com\/espectaculos\/wp-json\/wp\/v2\/media\/7053"}],"wp:attachment":[{"href":"https:\/\/rolamix.com\/espectaculos\/wp-json\/wp\/v2\/media?parent=7051"}],"wp:term":[{"taxonomy":"category","embeddable":true,"href":"https:\/\/rolamix.com\/espectaculos\/wp-json\/wp\/v2\/categories?post=7051"},{"taxonomy":"post_tag","embeddable":true,"href":"https:\/\/rolamix.com\/espectaculos\/wp-json\/wp\/v2\/tags?post=7051"}],"curies":[{"name":"wp","href":"https:\/\/api.w.org\/{rel}","templated":true}]}}