{"id":7446,"date":"2019-04-29T22:10:42","date_gmt":"2019-04-30T05:10:42","guid":{"rendered":"https:\/\/rolamix.com\/espectaculos\/?p=7446"},"modified":"2019-04-29T22:11:25","modified_gmt":"2019-04-30T05:11:25","slug":"emilio-estefan-produce-documental-con-imagenes-nunca-antes-vistas-de-jenni-rivera-en-su-ultimo-concierto","status":"publish","type":"post","link":"https:\/\/rolamix.com\/espectaculos\/emilio-estefan-produce-documental-con-imagenes-nunca-antes-vistas-de-jenni-rivera-en-su-ultimo-concierto\/","title":{"rendered":"Emilio Estefan produce documental con im\u00e1genes nunca antes vistas de Jenni Rivera en su \u00faltimo concierto"},"content":{"rendered":"<p>El reconocido productor musical <strong>Emilio Estefan<\/strong> prepara un proyecto basado en un <strong>filme sobre el \u00faltimo concierto<\/strong> de la fallecida <strong>Jenni Rivera<\/strong>, en el que expondr\u00e1 im\u00e1genes nunca antes vistas de la querida y siempre recordada \u201cDiva de La Banda\u201d poco antes de perder la vida el 9 de diciembre del 2012 al estrellarse en un avi\u00f3n.<\/p>\n<p>Estefan ya cuenta con los derechos exclusivos otorgados por la familia Rivera, por lo que es todo un hecho que a finales de este a\u00f1o, la familia, amigos, fans y p\u00fablico en general, podr\u00e1n disfrutar de algunos segmentos de las <strong>\u00faltimas 48 horas de vida de Jenni Rivera<\/strong>, en cuyo lapso de tiempo llev\u00f3 a cabo su presentaci\u00f3n final en La Arena de Monterrey, M\u00e9xico.<\/p>\n<p>En este film, se pretende mostrar diferentes facetas de la cantante mexico-estadounidense. Pues el productor cubano, quien conoci\u00f3 y fue amigo de Jenni, manifiesta su profunda admiraci\u00f3n por ella y desea reflejar al p\u00fablico por medio de este documental, su <strong>calidad humana como mujer, madre y artista, <\/strong>as\u00ed como tambi\u00e9n se mostrar\u00e1 su lado oscuro marcado por el abuso sexual y la violencia dom\u00e9stica que padeci\u00f3.<\/p>\n<figure id=\"attachment_7448\" aria-describedby=\"caption-attachment-7448\" style=\"width: 750px\" class=\"wp-caption alignnone\"><img loading=\"lazy\" decoding=\"async\" class=\"size-full wp-image-7448\" src=\"https:\/\/rolamix.com\/espectaculos\/wp-content\/uploads\/2019\/04\/Emilio-Estefan-produce-documental-con-im\u00e1genes-in\u00e9ditas-de-Jenni-Rivera-en-su-\u00faltimo-concierto.jpg\" alt=\"Emilio Estefan fue amigo de Jenni Rivera y manifiesta su cari\u00f1o y admiraci\u00f3n por ella\" width=\"750\" height=\"393\" srcset=\"https:\/\/rolamix.com\/espectaculos\/wp-content\/uploads\/2019\/04\/Emilio-Estefan-produce-documental-con-im\u00e1genes-in\u00e9ditas-de-Jenni-Rivera-en-su-\u00faltimo-concierto.jpg 750w, https:\/\/rolamix.com\/espectaculos\/wp-content\/uploads\/2019\/04\/Emilio-Estefan-produce-documental-con-im\u00e1genes-in\u00e9ditas-de-Jenni-Rivera-en-su-\u00faltimo-concierto-300x157.jpg 300w\" sizes=\"auto, (max-width: 750px) 100vw, 750px\" \/><figcaption id=\"caption-attachment-7448\" class=\"wp-caption-text\">Emilio Estefan fue amigo de Jenni Rivera y manifiesta su cari\u00f1o y admiraci\u00f3n por ella | foto v\u00eda<\/figcaption><\/figure>\n<blockquote><p>&#8220;Yo creo que la historia de ella, sobre todo ese concierto que es un concierto hist\u00f3rico, va a sorprender&#8221;, expresa Emillio Estefan.<\/p><\/blockquote>\n<p>Quiz\u00e1s tambi\u00e9n te interese:\u00a0<a class=\"post-title post-url\" href=\"https:\/\/rolamix.com\/espectaculos\/reconocida-medium-latina-afirma-que-jenni-rivera-no-perdio-la-vida-por-el-impacto-de-avion\/\">Reconocida Medium Latina Afirma Que Jenni Rivera No Perdi\u00f3 La Vida Por El Impacto De Avi\u00f3n<\/a><\/p>\n<figure id=\"attachment_7450\" aria-describedby=\"caption-attachment-7450\" style=\"width: 750px\" class=\"wp-caption alignnone\"><img loading=\"lazy\" decoding=\"async\" class=\"size-full wp-image-7450\" src=\"https:\/\/rolamix.com\/espectaculos\/wp-content\/uploads\/2019\/04\/Rosie-Rivera-expresa-que-ahora-si-es-el-momento-oportuno-de-revelar-las-\u00faltimas-imagenes-de-su-hermana.jpg\" alt=\"Rosie Rivera expresa que ahora si es el momento oportuno de revelar las \u00faltimas imagenes de su hermana\" width=\"750\" height=\"393\" srcset=\"https:\/\/rolamix.com\/espectaculos\/wp-content\/uploads\/2019\/04\/Rosie-Rivera-expresa-que-ahora-si-es-el-momento-oportuno-de-revelar-las-\u00faltimas-imagenes-de-su-hermana.jpg 750w, https:\/\/rolamix.com\/espectaculos\/wp-content\/uploads\/2019\/04\/Rosie-Rivera-expresa-que-ahora-si-es-el-momento-oportuno-de-revelar-las-\u00faltimas-imagenes-de-su-hermana-300x157.jpg 300w\" sizes=\"auto, (max-width: 750px) 100vw, 750px\" \/><figcaption id=\"caption-attachment-7450\" class=\"wp-caption-text\">Rosie Rivera expresa que ahora si es el momento oportuno de revelar las \u00faltimas imagenes de su hermana<\/figcaption><\/figure>\n<p>Igualmente, se revelar\u00e1n algunos<strong> clips del backstage<\/strong> y de horas antes de subir al avi\u00f3n donde perdi\u00f3 la vida, en los que hace comentarios que aparentemente pareciera que Jenni present\u00eda su muerte:<\/p>\n<blockquote><p>\u201cEspero que vayan a la iglesia ma\u00f1ana porque yo voy a ver a Dios, voy a hablar con Dios ma\u00f1ana\u201d, coment\u00f3 Jenni Rivera<\/p><\/blockquote>\n<figure id=\"attachment_7449\" aria-describedby=\"caption-attachment-7449\" style=\"width: 750px\" class=\"wp-caption alignnone\"><img loading=\"lazy\" decoding=\"async\" class=\"size-full wp-image-7449\" src=\"https:\/\/rolamix.com\/espectaculos\/wp-content\/uploads\/2019\/04\/Presentaci\u00f3n-musical-final-de-Jenni-Rivera-en-La-Arena-de-Monterrey-M\u00e9xico..jpg\" alt=\"Presentaci\u00f3n musical final de Jenni Rivera en La Arena de Monterrey, M\u00e9xico.\" width=\"750\" height=\"393\" srcset=\"https:\/\/rolamix.com\/espectaculos\/wp-content\/uploads\/2019\/04\/Presentaci\u00f3n-musical-final-de-Jenni-Rivera-en-La-Arena-de-Monterrey-M\u00e9xico..jpg 750w, https:\/\/rolamix.com\/espectaculos\/wp-content\/uploads\/2019\/04\/Presentaci\u00f3n-musical-final-de-Jenni-Rivera-en-La-Arena-de-Monterrey-M\u00e9xico.-300x157.jpg 300w\" sizes=\"auto, (max-width: 750px) 100vw, 750px\" \/><figcaption id=\"caption-attachment-7449\" class=\"wp-caption-text\">Presentaci\u00f3n musical final de Jenni Rivera en La Arena de Monterrey, M\u00e9xico. | foto v\u00eda<\/figcaption><\/figure>\n<p>Indiscutiblemente, este documental que tambi\u00e9n est\u00e1 a cargo del productor televisivo <strong>Dave Broome, <\/strong>causar\u00e1 impacto en muchas personas, por sus <strong>im\u00e1genes in\u00e9ditas<\/strong> y la carga emocional que representa ver a <strong>\u201cLa Gran Se\u00f1ora\u201d,<\/strong> como tambi\u00e9n era apodada, brindando un show sin precedentes, momentos antes de partir a una mejor vida pero lejos de sus seres queridos y seguidores.<\/p>\n","protected":false},"excerpt":{"rendered":"<p>El reconocido productor musical Emilio Estefan prepara un proyecto basado en un filme sobre el \u00faltimo concierto de la fallecida Jenni Rivera, en el que expondr\u00e1 im\u00e1genes nunca antes vistas de la querida y siempre recordada \u201cDiva de La Banda\u201d poco antes de perder la vida el 9 de diciembre del 2012 al estrellarse en [&hellip;]<\/p>\n","protected":false},"author":8,"featured_media":7451,"comment_status":"open","ping_status":"closed","sticky":false,"template":"","format":"standard","meta":{"footnotes":""},"categories":[2],"tags":[20,953,954,163],"class_list":["post-7446","post","type-post","status-publish","format-standard","has-post-thumbnail","hentry","category-noticias","tag-documental","tag-emilio-estefan","tag-imagenes-ineditas","tag-jenni-rivera"],"aioseo_notices":[],"_links":{"self":[{"href":"https:\/\/rolamix.com\/espectaculos\/wp-json\/wp\/v2\/posts\/7446","targetHints":{"allow":["GET"]}}],"collection":[{"href":"https:\/\/rolamix.com\/espectaculos\/wp-json\/wp\/v2\/posts"}],"about":[{"href":"https:\/\/rolamix.com\/espectaculos\/wp-json\/wp\/v2\/types\/post"}],"author":[{"embeddable":true,"href":"https:\/\/rolamix.com\/espectaculos\/wp-json\/wp\/v2\/users\/8"}],"replies":[{"embeddable":true,"href":"https:\/\/rolamix.com\/espectaculos\/wp-json\/wp\/v2\/comments?post=7446"}],"version-history":[{"count":0,"href":"https:\/\/rolamix.com\/espectaculos\/wp-json\/wp\/v2\/posts\/7446\/revisions"}],"wp:featuredmedia":[{"embeddable":true,"href":"https:\/\/rolamix.com\/espectaculos\/wp-json\/wp\/v2\/media\/7451"}],"wp:attachment":[{"href":"https:\/\/rolamix.com\/espectaculos\/wp-json\/wp\/v2\/media?parent=7446"}],"wp:term":[{"taxonomy":"category","embeddable":true,"href":"https:\/\/rolamix.com\/espectaculos\/wp-json\/wp\/v2\/categories?post=7446"},{"taxonomy":"post_tag","embeddable":true,"href":"https:\/\/rolamix.com\/espectaculos\/wp-json\/wp\/v2\/tags?post=7446"}],"curies":[{"name":"wp","href":"https:\/\/api.w.org\/{rel}","templated":true}]}}