{"id":7698,"date":"2019-05-08T17:56:48","date_gmt":"2019-05-09T00:56:48","guid":{"rendered":"https:\/\/rolamix.com\/espectaculos\/?p=7698"},"modified":"2019-05-08T18:10:41","modified_gmt":"2019-05-09T01:10:41","slug":"vicente-fernandez-rechaza-trasplante-higado-temia-gay","status":"publish","type":"post","link":"https:\/\/rolamix.com\/espectaculos\/vicente-fernandez-rechaza-trasplante-higado-temia-gay\/","title":{"rendered":"Vicente Fern\u00e1ndez rechaza trasplante de h\u00edgado, tem\u00eda que fuera de un homosexual"},"content":{"rendered":"<p>Vicente Fern\u00e1ndez, hizo una fuerte confesi\u00f3n en el programa De Primera Mano y es que mientras realizaba la entrevista record\u00f3 cuando le detectaron c\u00e1ncer por lo que se neg\u00f3 al trasplante por esta raz\u00f3n<\/p>\n<blockquote><p>Me quer\u00edan poner un h\u00edgado de otro cabr\u00f3n y les dije: &#8216;yo no me voy a dormir con mi mujer con el h\u00edgado de otro guey. Ni s\u00e9 si era homosexual o drogadicto, expres\u00f3.<\/p><\/blockquote>\n<p><iframe loading=\"lazy\" width=\"1170\" height=\"658\" src=\"https:\/\/www.youtube.com\/embed\/gh4h0ghD2yU?wmode=transparent&amp;rel=0&amp;feature=oembed\" frameborder=\"0\" allow=\"accelerometer; autoplay; encrypted-media; gyroscope; picture-in-picture\" allowfullscreen><\/iframe><\/p>\n<p>Dicho trasplante ser\u00eda en Estados Unidos pero el artista decidi\u00f3 tomar sus cosas y marcharse, pues no quer\u00eda ser intervenido quir\u00fargicamente por lo que fue\u00a0a un hospital de Chile para tratarse.<\/p>\n<p>Me dijeron de una operaci\u00f3n con un robot. Me operaron y yo ni supe c\u00f3mo fue mi operaci\u00f3n, dijo Don Vicente.<\/p>\n<p>Su negativa e ignorancia de inmediato gener\u00f3 memes ya que usuarios de redes sociales est\u00e1n insinuando que el &#8216;Charro de Huentit\u00e1n&#8217; tiene en casa lo que no quiere, es decir, ponen en duda la preferencia sexual de su hijo Alejandro Fern\u00e1ndez.<\/p>\n<p>&nbsp;<\/p>\n<blockquote class=\"twitter-tweet\" data-width=\"550\" data-dnt=\"true\">\n<p lang=\"es\" dir=\"ltr\">Pues ah\u00ed \u00e9l s\u00ed quiere o no el h\u00edgado, pero que ignorante la neta \u00bfser gay es una enfermedad? Vicente Fern\u00e1ndez es un peligro. Ignorante y si hijo, que es homosensual, qu\u00e9 opinara??<\/p>\n<p>&mdash; Vale Garc\u00eda (@Vale_G33) <a href=\"https:\/\/twitter.com\/Vale_G33\/status\/1126190740357304320?ref_src=twsrc%5Etfw\">May 8, 2019<\/a><\/p><\/blockquote>\n<p><script async src=\"https:\/\/platform.twitter.com\/widgets.js\" charset=\"utf-8\"><\/script><\/p>\n<p>&nbsp;<\/p>\n<blockquote class=\"twitter-tweet\" data-width=\"550\" data-dnt=\"true\">\n<p lang=\"es\" dir=\"ltr\">Vicente Fern\u00e1ndez rechaza trasplante de h\u00edgado por temor a que fuera de un gay, mientras tanto su hijo: <a href=\"https:\/\/t.co\/SBFByoWra5\">pic.twitter.com\/SBFByoWra5<\/a><\/p>\n<p>&mdash; Mam\u00e1 Gamer (@jessikchan) <a href=\"https:\/\/twitter.com\/jessikchan\/status\/1126188638067396608?ref_src=twsrc%5Etfw\">May 8, 2019<\/a><\/p><\/blockquote>\n<p><script async src=\"https:\/\/platform.twitter.com\/widgets.js\" charset=\"utf-8\"><\/script><\/p>\n<p>&nbsp;<\/p>\n<blockquote class=\"twitter-tweet\" data-width=\"550\" data-dnt=\"true\">\n<p lang=\"es\" dir=\"ltr\">Rechaza Vicente Fern\u00e1ndez transplante de h\u00edgado porque podr\u00eda ser \u00a1Un h\u00edgado gay! <a href=\"https:\/\/t.co\/bAtqUk1Lp2\">pic.twitter.com\/bAtqUk1Lp2<\/a><\/p>\n<p>&mdash; El Candigato Morris (@Oficialmorris) <a href=\"https:\/\/twitter.com\/Oficialmorris\/status\/1126196605818818560?ref_src=twsrc%5Etfw\">May 8, 2019<\/a><\/p><\/blockquote>\n<p><script async src=\"https:\/\/platform.twitter.com\/widgets.js\" charset=\"utf-8\"><\/script><\/p>\n","protected":false},"excerpt":{"rendered":"<p>Vicente Fern\u00e1ndez, hizo una fuerte confesi\u00f3n en el programa De Primera Mano y es que mientras realizaba la entrevista record\u00f3 cuando le detectaron c\u00e1ncer por lo que se neg\u00f3 al trasplante por esta raz\u00f3n Me quer\u00edan poner un h\u00edgado de otro cabr\u00f3n y les dije: &#8216;yo no me voy a dormir con mi mujer con [&hellip;]<\/p>\n","protected":false},"author":1,"featured_media":7699,"comment_status":"open","ping_status":"closed","sticky":false,"template":"","format":"standard","meta":{"footnotes":""},"categories":[2],"tags":[],"class_list":["post-7698","post","type-post","status-publish","format-standard","has-post-thumbnail","hentry","category-noticias"],"aioseo_notices":[],"_links":{"self":[{"href":"https:\/\/rolamix.com\/espectaculos\/wp-json\/wp\/v2\/posts\/7698","targetHints":{"allow":["GET"]}}],"collection":[{"href":"https:\/\/rolamix.com\/espectaculos\/wp-json\/wp\/v2\/posts"}],"about":[{"href":"https:\/\/rolamix.com\/espectaculos\/wp-json\/wp\/v2\/types\/post"}],"author":[{"embeddable":true,"href":"https:\/\/rolamix.com\/espectaculos\/wp-json\/wp\/v2\/users\/1"}],"replies":[{"embeddable":true,"href":"https:\/\/rolamix.com\/espectaculos\/wp-json\/wp\/v2\/comments?post=7698"}],"version-history":[{"count":0,"href":"https:\/\/rolamix.com\/espectaculos\/wp-json\/wp\/v2\/posts\/7698\/revisions"}],"wp:featuredmedia":[{"embeddable":true,"href":"https:\/\/rolamix.com\/espectaculos\/wp-json\/wp\/v2\/media\/7699"}],"wp:attachment":[{"href":"https:\/\/rolamix.com\/espectaculos\/wp-json\/wp\/v2\/media?parent=7698"}],"wp:term":[{"taxonomy":"category","embeddable":true,"href":"https:\/\/rolamix.com\/espectaculos\/wp-json\/wp\/v2\/categories?post=7698"},{"taxonomy":"post_tag","embeddable":true,"href":"https:\/\/rolamix.com\/espectaculos\/wp-json\/wp\/v2\/tags?post=7698"}],"curies":[{"name":"wp","href":"https:\/\/api.w.org\/{rel}","templated":true}]}}