{"id":8138,"date":"2019-05-29T16:28:26","date_gmt":"2019-05-29T23:28:26","guid":{"rendered":"https:\/\/rolamix.com\/espectaculos\/?p=8138"},"modified":"2019-05-29T16:28:26","modified_gmt":"2019-05-29T23:28:26","slug":"mujer-le-compone-cancion-a-amlo-y-se-la-canta-en-pleno-vuelo","status":"publish","type":"post","link":"https:\/\/rolamix.com\/espectaculos\/mujer-le-compone-cancion-a-amlo-y-se-la-canta-en-pleno-vuelo\/","title":{"rendered":"Mujer le compone canci\u00f3n a AMLO y se la canta en pleno vuelo"},"content":{"rendered":"<p>El <strong>cari\u00f1o y aprobaci\u00f3n<\/strong> de un gran sector de la poblaci\u00f3n mexicana por el presidente de la rep\u00fablica se hace evidente en cada momento de la vida p\u00fablica del mandatario. Esta semana no fue la excepci\u00f3n cuando en un <strong>vuelo comercial<\/strong> que el presidente de M\u00e9xico, <strong>Andr\u00e9s Manuel L\u00f3pez Obrador<\/strong>, abord\u00f3 para trasladarse al estado de Nayarit, el mandatario fue el centro de halagos y muestras de cari\u00f1o por parte de algunos pasajeros.<\/p>\n<p>Una de las personas que tambi\u00e9n viajaban en dicho avi\u00f3n se percat\u00f3 que el presidente de M\u00e9xico iba en uno de los <strong>asientos de clase turista<\/strong> y no desaprovech\u00f3 la oportunidad para demostrarle su apoyo y admiraci\u00f3n por el trabajo que ha visto en los \u00faltimos seis meses y los cambios que espera ocurran para el bien del pa\u00eds.<\/p>\n<p>La mujer, visiblemente emocionada decidi\u00f3 <strong>componer en ese mismo momento una canci\u00f3n<\/strong> dedicada al m\u00e1ximo representante del poder ejecutivo de M\u00e9xico y antes de que el avi\u00f3n aterrizara decidi\u00f3 cantarle al presidente su creaci\u00f3n <strong>a capela<\/strong> y ante la sorpresa de todos los ah\u00ed\u00a0 presentes.<\/p>\n<p>La f\u00e9mina, de nombre Paloma, es una <strong>cantante de origen nayarita<\/strong> y decidida pidi\u00f3 permiso a los elementos de la ayudant\u00eda del poder ejecutivo para acercarse al mandatario y cantar sus estrofas.<\/p>\n<p><iframe loading=\"lazy\" width=\"1170\" height=\"658\" src=\"https:\/\/www.youtube.com\/embed\/39db6kTRWwQ?wmode=transparent&amp;rel=0&amp;feature=oembed\" frameborder=\"0\" allow=\"accelerometer; autoplay; encrypted-media; gyroscope; picture-in-picture\" allowfullscreen><\/iframe><\/p>\n<p>Quiz\u00e1s tambi\u00e9n te interese:\u00a0<a href=\"https:\/\/rolamix.com\/espectaculos\/maluma-cierra-una-calle-de-mexico-para-que-la-gente-no-lo-moleste-y-hacer-sus-compras-a-gusto\/\"><span class=\"post-title\">Maluma Cierra Una Calle De M\u00e9xico Para Que La Gente No Lo Moleste Y Hacer Sus Compras A Gusto<\/span><\/a><\/p>\n<blockquote><p>\u201cYo tengo el orgullo de estar con \u2018el peje\u2019; este Presidente de gran coraz\u00f3n, la gente lo aclama, lo sigue y respeta porque no queremos ya m\u00e1s corrupci\u00f3n\u2026Es un presidente de gran coraz\u00f3n<strong>, la gente lo aclama y lo respeta<\/strong> porque ya no queremos m\u00e1s corrupci\u00f3n, Obrador es un gran presidente, nuestro apoyo siempre va a contar\u2026Le manifestamos que lo apoyaremos para que logre la transformaci\u00f3n\u201d\u2026. Es parte de la letra que le fue escrita y dedicada al primer\u00a0 mandatario constitucional.<\/p><\/blockquote>\n<p>Por su parte, el presidente Andr\u00e9s Manuel L\u00f3pez Obrador agradeci\u00f3 a la mujer tal muestra de cari\u00f1o y en su momento le dio un <strong>abrazo de gratitud<\/strong>.<\/p>\n<figure id=\"attachment_8139\" aria-describedby=\"caption-attachment-8139\" style=\"width: 750px\" class=\"wp-caption aligncenter\"><img loading=\"lazy\" decoding=\"async\" class=\"size-full wp-image-8139\" src=\"https:\/\/rolamix.com\/espectaculos\/wp-content\/uploads\/2019\/05\/El-presidente-AMLO-fue-sorprendido-en-pleno-vuelo-por-una-admiradora-que-le-compuso-una-canci\u00f3n-y-se-la-cant\u00f3-a-capela.jpg\" alt=\"El presidente AMLO fue sorprendido en pleno vuelo, por una admiradora que le compuso una canci\u00f3n y se la cant\u00f3 a capela\" width=\"750\" height=\"393\" srcset=\"https:\/\/rolamix.com\/espectaculos\/wp-content\/uploads\/2019\/05\/El-presidente-AMLO-fue-sorprendido-en-pleno-vuelo-por-una-admiradora-que-le-compuso-una-canci\u00f3n-y-se-la-cant\u00f3-a-capela.jpg 750w, https:\/\/rolamix.com\/espectaculos\/wp-content\/uploads\/2019\/05\/El-presidente-AMLO-fue-sorprendido-en-pleno-vuelo-por-una-admiradora-que-le-compuso-una-canci\u00f3n-y-se-la-cant\u00f3-a-capela-300x157.jpg 300w\" sizes=\"auto, (max-width: 750px) 100vw, 750px\" \/><figcaption id=\"caption-attachment-8139\" class=\"wp-caption-text\">El presidente AMLO fue sorprendido en pleno vuelo, por una admiradora que le compuso una canci\u00f3n y se la cant\u00f3 a capela | foto via noticiaszmg<\/figcaption><\/figure>\n<p>El momento fue inmortalizado por algunos cibernautas quienes compartieron un breve clip en las redes sociales.<\/p>\n","protected":false},"excerpt":{"rendered":"<p>El cari\u00f1o y aprobaci\u00f3n de un gran sector de la poblaci\u00f3n mexicana por el presidente de la rep\u00fablica se hace evidente en cada momento de la vida p\u00fablica del mandatario. Esta semana no fue la excepci\u00f3n cuando en un vuelo comercial que el presidente de M\u00e9xico, Andr\u00e9s Manuel L\u00f3pez Obrador, abord\u00f3 para trasladarse al estado [&hellip;]<\/p>\n","protected":false},"author":3,"featured_media":8140,"comment_status":"open","ping_status":"closed","sticky":false,"template":"","format":"standard","meta":{"footnotes":""},"categories":[2],"tags":[1076,1078,1077],"class_list":["post-8138","post","type-post","status-publish","format-standard","has-post-thumbnail","hentry","category-noticias","tag-andres-manuel-lopez-obrador","tag-avion","tag-serenata"],"aioseo_notices":[],"_links":{"self":[{"href":"https:\/\/rolamix.com\/espectaculos\/wp-json\/wp\/v2\/posts\/8138","targetHints":{"allow":["GET"]}}],"collection":[{"href":"https:\/\/rolamix.com\/espectaculos\/wp-json\/wp\/v2\/posts"}],"about":[{"href":"https:\/\/rolamix.com\/espectaculos\/wp-json\/wp\/v2\/types\/post"}],"author":[{"embeddable":true,"href":"https:\/\/rolamix.com\/espectaculos\/wp-json\/wp\/v2\/users\/3"}],"replies":[{"embeddable":true,"href":"https:\/\/rolamix.com\/espectaculos\/wp-json\/wp\/v2\/comments?post=8138"}],"version-history":[{"count":0,"href":"https:\/\/rolamix.com\/espectaculos\/wp-json\/wp\/v2\/posts\/8138\/revisions"}],"wp:featuredmedia":[{"embeddable":true,"href":"https:\/\/rolamix.com\/espectaculos\/wp-json\/wp\/v2\/media\/8140"}],"wp:attachment":[{"href":"https:\/\/rolamix.com\/espectaculos\/wp-json\/wp\/v2\/media?parent=8138"}],"wp:term":[{"taxonomy":"category","embeddable":true,"href":"https:\/\/rolamix.com\/espectaculos\/wp-json\/wp\/v2\/categories?post=8138"},{"taxonomy":"post_tag","embeddable":true,"href":"https:\/\/rolamix.com\/espectaculos\/wp-json\/wp\/v2\/tags?post=8138"}],"curies":[{"name":"wp","href":"https:\/\/api.w.org\/{rel}","templated":true}]}}