{"id":8667,"date":"2019-06-27T17:14:59","date_gmt":"2019-06-28T00:14:59","guid":{"rendered":"https:\/\/rolamix.com\/espectaculos\/?p=8667"},"modified":"2019-06-27T17:14:59","modified_gmt":"2019-06-28T00:14:59","slug":"indudablemente-osbaldo-lopez-se-ha-ganado-un-lugar-en-el-mundo-de-la-musica-regional-mexicana","status":"publish","type":"post","link":"https:\/\/rolamix.com\/espectaculos\/indudablemente-osbaldo-lopez-se-ha-ganado-un-lugar-en-el-mundo-de-la-musica-regional-mexicana\/","title":{"rendered":"&#8220;indudablemente&#8221; Osbaldo L\u00f3pez se ha ganado un lugar en el mundo de la m\u00fasica regional mexicana"},"content":{"rendered":"<p><span style=\"font-weight: 400;\">El cantautor mexicano Osbaldo L\u00f3pez oriundo de Jalisco, es <\/span><b>el n\u00famero 7 de una gran familia de 15 hermanos<\/b><span style=\"font-weight: 400;\">, que respald\u00f3 su gusto por el canto y la composici\u00f3n desde muy peque\u00f1o. Por esta raz\u00f3n, Osbaldo creci\u00f3 desarrollando pasi\u00f3n por la m\u00fasica regional mexicana, imagin\u00e1ndose cantando en grandes escenarios como aquellos artistas a quienes admiraba, tales como; Jorge Negrete o Pedro Infante.<\/span><\/p>\n<p><span style=\"font-weight: 400;\">A la corta edad de 14 a\u00f1os Osbaldo comenz\u00f3 a escribir sus propias canciones y luego a sus 17 se traslad\u00f3 a Estados Unidos en la b\u00fasqueda de alcanzar nuevas metas y proyectos. Para esto, se inici\u00f3 en trabajos relacionados con la construcci\u00f3n y los restaurantes, mientras continuaba con la firme convicci\u00f3n de alcanzar su sue\u00f1o de <\/span><b>ser cantante profesional<\/b><span style=\"font-weight: 400;\"> y grabar sus propios discos.\u00a0<\/span><\/p>\n<p><span style=\"font-weight: 400;\">Debido a este anhelo que nunca desapareci\u00f3 de sus pensamientos, este artista particip\u00f3 en diversos festivales, al igual que en fiestas familiares. Posteriormente, un amigo que valoraba su gran talento, decidi\u00f3 inscribirlo en un concurso de canto en donde se medir\u00eda con otros 15 cantantes. El resultado abri\u00f3 las puestas a Osbaldo pues, se alz\u00f3 con el primer premio, <\/span><b>comenzando entonces como artista independiente en el 2014<\/b><span style=\"font-weight: 400;\">.<\/span><\/p>\n<p><span style=\"font-weight: 400;\">Los dotes musicales de Osbaldo L\u00f3pez le han permitido cosechar \u00e9xitos tanto en M\u00e9xico como en Estados Unidos, logrando compartir escenario con varias figuras muy reconocidas de la m\u00fasica, tales como; Paquita la del Barrio, Pedro Fern\u00e1ndez, entre otros.\u00a0<\/span><\/p>\n<blockquote class=\"instagram-media\" style=\"background: #FFF; border: 0; border-radius: 3px; box-shadow: 0 0 1px 0 rgba(0,0,0,0.5),0 1px 10px 0 rgba(0,0,0,0.15); margin: 1px; max-width: 540px; min-width: 326px; padding: 0; width: calc(100% - 2px);\" data-instgrm-captioned=\"\" data-instgrm-permalink=\"https:\/\/www.instagram.com\/p\/Bw5xokHDCdU\/\" data-instgrm-version=\"12\">\n<div style=\"padding: 16px;\">\n<p>&nbsp;<\/p>\n<div style=\"display: flex; flex-direction: row; align-items: center;\">\n<div style=\"background-color: #f4f4f4; border-radius: 50%; flex-grow: 0; height: 40px; margin-right: 14px; width: 40px;\"><\/div>\n<div style=\"display: flex; flex-direction: column; flex-grow: 1; justify-content: center;\">\n<div style=\"background-color: #f4f4f4; border-radius: 4px; flex-grow: 0; height: 14px; margin-bottom: 6px; width: 100px;\"><\/div>\n<div style=\"background-color: #f4f4f4; border-radius: 4px; flex-grow: 0; height: 14px; width: 60px;\"><\/div>\n<\/div>\n<\/div>\n<div style=\"padding: 19% 0;\"><\/div>\n<div style=\"display: block; height: 50px; margin: 0 auto 12px; width: 50px;\"><\/div>\n<div style=\"padding-top: 8px;\">\n<div style=\"color: #3897f0; font-family: Arial,sans-serif; font-size: 14px; font-style: normal; font-weight: 550; line-height: 18px;\">View this post on Instagram<\/div>\n<\/div>\n<div style=\"padding: 12.5% 0;\"><\/div>\n<div style=\"display: flex; flex-direction: row; margin-bottom: 14px; align-items: center;\">\n<div>\n<div style=\"background-color: #f4f4f4; border-radius: 50%; height: 12.5px; width: 12.5px; transform: translateX(0px) translateY(7px);\"><\/div>\n<div style=\"background-color: #f4f4f4; height: 12.5px; transform: rotate(-45deg) translateX(3px) translateY(1px); width: 12.5px; flex-grow: 0; margin-right: 14px; margin-left: 2px;\"><\/div>\n<div style=\"background-color: #f4f4f4; border-radius: 50%; height: 12.5px; width: 12.5px; transform: translateX(9px) translateY(-18px);\"><\/div>\n<\/div>\n<div style=\"margin-left: 8px;\">\n<div style=\"background-color: #f4f4f4; border-radius: 50%; flex-grow: 0; height: 20px; width: 20px;\"><\/div>\n<div style=\"width: 0; height: 0; border-top: 2px solid transparent; border-left: 6px solid #f4f4f4; border-bottom: 2px solid transparent; transform: translateX(16px) translateY(-4px) rotate(30deg);\"><\/div>\n<\/div>\n<div style=\"margin-left: auto;\">\n<div style=\"width: 0px; border-top: 8px solid #F4F4F4; border-right: 8px solid transparent; transform: translateY(16px);\"><\/div>\n<div style=\"background-color: #f4f4f4; flex-grow: 0; height: 12px; width: 16px; transform: translateY(-4px);\"><\/div>\n<div style=\"width: 0; height: 0; border-top: 8px solid #F4F4F4; border-left: 8px solid transparent; transform: translateY(-4px) translateX(8px);\"><\/div>\n<\/div>\n<\/div>\n<p>&nbsp;<\/p>\n<p style=\"margin: 8px 0 0 0; padding: 0 4px;\"><a style=\"color: #000; font-family: Arial,sans-serif; font-size: 14px; font-style: normal; font-weight: normal; line-height: 17px; text-decoration: none; word-wrap: break-word;\" href=\"https:\/\/www.instagram.com\/p\/Bw5xokHDCdU\/\" target=\"_blank\" rel=\"noopener\">Les presento el caballo que me acompa\u00f1o en las grabaciones de mi pr\u00f3ximo video Rey De Oros, #osbaldolopez #losangeles #reydeoros #caballo #video #banda #musica #lanzamiento #10demayo #feliz #bendecido #sinustedesnosoynada #migente #graciasportanto #graciasportodo<\/a><\/p>\n<p style=\"color: #c9c8cd; font-family: Arial,sans-serif; font-size: 14px; line-height: 17px; margin-bottom: 0; margin-top: 8px; overflow: hidden; padding: 8px 0 7px; text-align: center; text-overflow: ellipsis; white-space: nowrap;\">A post shared by <a style=\"color: #c9c8cd; font-family: Arial,sans-serif; font-size: 14px; font-style: normal; font-weight: normal; line-height: 17px;\" href=\"https:\/\/www.instagram.com\/osbaldolopezmusic\/\" target=\"_blank\" rel=\"noopener\"> Osbaldo Lopez<\/a> (@osbaldolopezmusic) on <time style=\"font-family: Arial,sans-serif; font-size: 14px; line-height: 17px;\" datetime=\"2019-05-01T02:13:35+00:00\">Apr 30, 2019 at 7:13pm PDT<\/time><\/p>\n<\/div>\n<\/blockquote>\n<p><script async src=\"\/\/www.instagram.com\/embed.js\"><\/script><\/p>\n<p><span style=\"font-weight: 400;\">Su mas reciente \u00e9xito, el tema &#8220;<\/span><b>indudablemente&#8221;, forma parte de su disco El Gal\u00e1n de la Plebada<\/b><span style=\"font-weight: 400;\">, el cual incluye canciones que se han colocado\u00a0tambi\u00e9n en el gusto de la gente. Entre estas se encuentra &#8220;Eres mi debilidad&#8221;, &#8220;El gal\u00e1n de la plebada&#8221; y &#8220;Gracias por ser mi mam\u00e1&#8221;, la cual fue acompa\u00f1ado con mariachi\u00a0y se convirti\u00f3 en uno de los favoritos del publico. <\/span><\/p>\n<p><span style=\"font-weight: 400;\">&#8220;Indudablemente&#8221;, cuyo lanzamiento ha sido dirigido principalmente hacia el mercado musical mexicano y estadounidense, puede escucharse en las diferentes plataformas de m\u00fasica en streaming,\u00a0<\/span><\/p>\n<p><b><i>\u201cIndudablemente\u201d<\/i><\/b><b>\u00a0cuenta adem\u00e1s con un videoclip musical,\u00a0<\/b><span style=\"font-weight: 400;\">que el artista dio a conocer en la misma fecha de lanzamiento y que puedes disfrutar cuantas veces lo desees en su canal oficial de YouTube. <\/span><\/p>\n<p><iframe loading=\"lazy\" width=\"1170\" height=\"658\" src=\"https:\/\/www.youtube.com\/embed\/YjjrM7JytI0?wmode=transparent&amp;rel=0&amp;feature=oembed\" frameborder=\"0\" allow=\"accelerometer; autoplay; encrypted-media; gyroscope; picture-in-picture\" allowfullscreen><\/iframe><\/p>\n<p><span style=\"font-weight: 400;\">Igualmente puedes estar muy al pendiente de todas las fechas de presentaci\u00f3n de este gran artista a trav\u00e9s de sus diversas redes sociales como:\u00a0<\/span><span style=\"font-weight: 400;\">Instagram,@osbaldolopezmusic,\u00a0<\/span><span style=\"font-weight: 400;\">Facebook\u00a0 @osbaldolopezomusic y\u00a0<\/span><span style=\"font-weight: 400;\">Twitter @osbaldomusic.<\/span><\/p>\n<p><span style=\"font-weight: 400;\">Osbaldo espera compartir este 2019 nuevo material discogr\u00e1fico, el cual se encuentra preparando actualmente.\u00a0<\/span><\/p>\n","protected":false},"excerpt":{"rendered":"<p>El cantautor mexicano Osbaldo L\u00f3pez oriundo de Jalisco, es el n\u00famero 7 de una gran familia de 15 hermanos, que respald\u00f3 su gusto por el canto y la composici\u00f3n desde muy peque\u00f1o. Por esta raz\u00f3n, Osbaldo creci\u00f3 desarrollando pasi\u00f3n por la m\u00fasica regional mexicana, imagin\u00e1ndose cantando en grandes escenarios como aquellos artistas a quienes admiraba, [&hellip;]<\/p>\n","protected":false},"author":1,"featured_media":8669,"comment_status":"open","ping_status":"closed","sticky":false,"template":"","format":"standard","meta":{"footnotes":""},"categories":[2],"tags":[1146],"class_list":["post-8667","post","type-post","status-publish","format-standard","has-post-thumbnail","hentry","category-noticias","tag-osbaldo-lopez"],"aioseo_notices":[],"_links":{"self":[{"href":"https:\/\/rolamix.com\/espectaculos\/wp-json\/wp\/v2\/posts\/8667","targetHints":{"allow":["GET"]}}],"collection":[{"href":"https:\/\/rolamix.com\/espectaculos\/wp-json\/wp\/v2\/posts"}],"about":[{"href":"https:\/\/rolamix.com\/espectaculos\/wp-json\/wp\/v2\/types\/post"}],"author":[{"embeddable":true,"href":"https:\/\/rolamix.com\/espectaculos\/wp-json\/wp\/v2\/users\/1"}],"replies":[{"embeddable":true,"href":"https:\/\/rolamix.com\/espectaculos\/wp-json\/wp\/v2\/comments?post=8667"}],"version-history":[{"count":0,"href":"https:\/\/rolamix.com\/espectaculos\/wp-json\/wp\/v2\/posts\/8667\/revisions"}],"wp:featuredmedia":[{"embeddable":true,"href":"https:\/\/rolamix.com\/espectaculos\/wp-json\/wp\/v2\/media\/8669"}],"wp:attachment":[{"href":"https:\/\/rolamix.com\/espectaculos\/wp-json\/wp\/v2\/media?parent=8667"}],"wp:term":[{"taxonomy":"category","embeddable":true,"href":"https:\/\/rolamix.com\/espectaculos\/wp-json\/wp\/v2\/categories?post=8667"},{"taxonomy":"post_tag","embeddable":true,"href":"https:\/\/rolamix.com\/espectaculos\/wp-json\/wp\/v2\/tags?post=8667"}],"curies":[{"name":"wp","href":"https:\/\/api.w.org\/{rel}","templated":true}]}}