{"id":8980,"date":"2019-07-16T11:23:13","date_gmt":"2019-07-16T18:23:13","guid":{"rendered":"https:\/\/rolamix.com\/espectaculos\/?p=8980"},"modified":"2019-07-16T11:31:01","modified_gmt":"2019-07-16T18:31:01","slug":"la-septima-banda-arrasa-en-la-union-americana-con-su-gira-de-presentaciones","status":"publish","type":"post","link":"https:\/\/rolamix.com\/espectaculos\/la-septima-banda-arrasa-en-la-union-americana-con-su-gira-de-presentaciones\/","title":{"rendered":"La S\u00e9ptima Banda arrasa en la Uni\u00f3n Americana con su gira de presentaciones"},"content":{"rendered":"<p>Siendo una de las mayores exponentes del regional mexicano,\u00a0<strong>La<\/strong> <strong>S\u00e9ptima Banda<\/strong>\u00a0sigue cosechando \u00e9xito. Y es que a poco tiempo de celebrar sus 25 a\u00f1os de trayectoria art\u00edstica, cabe destacar que \u00e9stos no han transcurrido en vano, pues esta banda ha evolucionado a pasos acrecentados, hasta convertirse en una de las agrupaciones m\u00e1s ovacionadas y aclamadas por los amantes del g\u00e9nero, tanto en su tierra natal mexicana, como en Estados Unidos.<\/p>\n<p>Esta banda oriunda de <strong>Guamuchil, Sinaloa<\/strong> ha sido merecedora de grandes nominaciones en eventos que reconocen el talento musical, como los Premios Billboard, Premios De La Radio, Lat\u00edn American Music Awards, entre otros, que han dado fe del \u00e9xito de la S\u00e9ptima Banda.<\/p>\n<p>Cabe mencionar, que dentro de su m\u00e1s reciente producci\u00f3n discogr\u00e1fica titulada <strong>\u201cHaciendo ruido\u201d,\u00a0<\/strong>han presentado y promocionado algunos temas que han logrado acaparar toda la atenci\u00f3n y se han ubicado a grandes rasgos en el gusto del p\u00fablico.<\/p>\n<blockquote class=\"instagram-media\" style=\"background: #FFF; border: 0; border-radius: 3px; box-shadow: 0 0 1px 0 rgba(0,0,0,0.5),0 1px 10px 0 rgba(0,0,0,0.15); margin: 1px; max-width: 540px; min-width: 326px; padding: 0; width: calc(100% - 2px);\" data-instgrm-captioned=\"\" data-instgrm-permalink=\"https:\/\/www.instagram.com\/p\/Bz6AdrsnCb4\/\" data-instgrm-version=\"12\">\n<div style=\"padding: 16px;\">\n<p>&nbsp;<\/p>\n<div style=\"display: flex; flex-direction: row; align-items: center;\">\n<div style=\"background-color: #f4f4f4; border-radius: 50%; flex-grow: 0; height: 40px; margin-right: 14px; width: 40px;\"><\/div>\n<div style=\"display: flex; flex-direction: column; flex-grow: 1; justify-content: center;\">\n<div style=\"background-color: #f4f4f4; border-radius: 4px; flex-grow: 0; height: 14px; margin-bottom: 6px; width: 100px;\"><\/div>\n<div style=\"background-color: #f4f4f4; border-radius: 4px; flex-grow: 0; height: 14px; width: 60px;\"><\/div>\n<\/div>\n<\/div>\n<div style=\"padding: 19% 0;\"><\/div>\n<div style=\"display: block; height: 50px; margin: 0 auto 12px; width: 50px;\"><\/div>\n<div style=\"padding-top: 8px;\">\n<div style=\"color: #3897f0; font-family: Arial,sans-serif; font-size: 14px; font-style: normal; font-weight: 550; line-height: 18px;\">Ver esta publicaci\u00f3n en Instagram<\/div>\n<\/div>\n<div style=\"padding: 12.5% 0;\"><\/div>\n<div style=\"display: flex; flex-direction: row; margin-bottom: 14px; align-items: center;\">\n<div>\n<div style=\"background-color: #f4f4f4; border-radius: 50%; height: 12.5px; width: 12.5px; transform: translateX(0px) translateY(7px);\"><\/div>\n<div style=\"background-color: #f4f4f4; height: 12.5px; transform: rotate(-45deg) translateX(3px) translateY(1px); width: 12.5px; flex-grow: 0; margin-right: 14px; margin-left: 2px;\"><\/div>\n<div style=\"background-color: #f4f4f4; border-radius: 50%; height: 12.5px; width: 12.5px; transform: translateX(9px) translateY(-18px);\"><\/div>\n<\/div>\n<div style=\"margin-left: 8px;\">\n<div style=\"background-color: #f4f4f4; border-radius: 50%; flex-grow: 0; height: 20px; width: 20px;\"><\/div>\n<div style=\"width: 0; height: 0; border-top: 2px solid transparent; border-left: 6px solid #f4f4f4; border-bottom: 2px solid transparent; transform: translateX(16px) translateY(-4px) rotate(30deg);\"><\/div>\n<\/div>\n<div style=\"margin-left: auto;\">\n<div style=\"width: 0px; border-top: 8px solid #F4F4F4; border-right: 8px solid transparent; transform: translateY(16px);\"><\/div>\n<div style=\"background-color: #f4f4f4; flex-grow: 0; height: 12px; width: 16px; transform: translateY(-4px);\"><\/div>\n<div style=\"width: 0; height: 0; border-top: 8px solid #F4F4F4; border-left: 8px solid transparent; transform: translateY(-4px) translateX(8px);\"><\/div>\n<\/div>\n<\/div>\n<p>&nbsp;<\/p>\n<p style=\"margin: 8px 0 0 0; padding: 0 4px;\"><a style=\"color: #000; font-family: Arial,sans-serif; font-size: 14px; font-style: normal; font-weight: normal; line-height: 17px; text-decoration: none; word-wrap: break-word;\" href=\"https:\/\/www.instagram.com\/p\/Bz6AdrsnCb4\/\" target=\"_blank\" rel=\"noopener\">Gracias #Coachella #California nos la pasamos de lo mejor cantando toda nuestra m\u00fasica de coraz\u00f3n para todos ustedes!!! #LaSeptimaBanda #LittleMoonMusic #LaSeptimaBanda25Aniversario<\/a><\/p>\n<p style=\"color: #c9c8cd; font-family: Arial,sans-serif; font-size: 14px; line-height: 17px; margin-bottom: 0; margin-top: 8px; overflow: hidden; padding: 8px 0 7px; text-align: center; text-overflow: ellipsis; white-space: nowrap;\">Una publicaci\u00f3n compartida de <a style=\"color: #c9c8cd; font-family: Arial,sans-serif; font-size: 14px; font-style: normal; font-weight: normal; line-height: 17px;\" href=\"https:\/\/www.instagram.com\/laseptimabanda\/\" target=\"_blank\" rel=\"noopener\"> La Septima Banda<\/a> (@laseptimabanda) el <time style=\"font-family: Arial,sans-serif; font-size: 14px; line-height: 17px;\" datetime=\"2019-07-14T17:57:21+00:00\">14 Jul, 2019 a las 10:57 PDT<\/time><\/p>\n<\/div>\n<\/blockquote>\n<p><script async src=\"\/\/www.instagram.com\/embed.js\"><\/script><\/p>\n<p>Uno de los m\u00e1s destacados es <a href=\"https:\/\/rolamix.com\/espectaculos\/video-oficial-de-nos-volvimos-a-buscar-de-la-septima-banda\/\">\u201c<strong>Nos volvimos a buscar<\/strong><\/a>\u201d, el cual es coreado por sus fans quienes les siguen fielmente en sus diversas presentaciones y por medio de sus redes sociales. Igualmente este exitazo ha logrado conquistar las plataformas digitales, pues nada m\u00e1s en youtube, su video oficial ya ha superado los <strong>8 millones de reproducciones<\/strong>.<\/p>\n<p><iframe loading=\"lazy\" width=\"1170\" height=\"658\" src=\"https:\/\/www.youtube.com\/embed\/hZmtsGVZBpA?wmode=transparent&amp;rel=0&amp;feature=oembed\" frameborder=\"0\" allow=\"accelerometer; autoplay; encrypted-media; gyroscope; picture-in-picture\" allowfullscreen><\/iframe><\/p>\n<p>Quiz\u00e1s tambi\u00e9n te interese:\u00a0<a class=\"post-title post-url\" href=\"https:\/\/rolamix.com\/espectaculos\/los-inquietos-del-norte-siguen-contagiando-de-energia-a-su-clika-con-el-tema-que-rolen-los-verdes\/\">Los Inquietos Del Norte Siguen Contagiando De Energ\u00eda A Su Clika Con El Tema \u201cQue Rolen Los Verdes\u201d<\/a><\/p>\n<p>Recientemente, La S\u00e9ptima Banda ha llevado a cabo\u00a0<strong>espect\u00e1culos en vivo<\/strong> tanto en M\u00e9xico, como en Estados Unidos, con <strong>llenos totales<\/strong> y su agenda de trabajo sigue estando repleta de presentaciones. Pr\u00f3ximamente esperan presentar su show musical\u00a0en estado de Illinois el d\u00eda 19, 20 y 21 de julio. El 26 de del mismo mes estar\u00e1n en El Paso, Texas; y el 28 en Salinas, California.<\/p>\n<blockquote class=\"instagram-media\" style=\"background: #FFF; border: 0; border-radius: 3px; box-shadow: 0 0 1px 0 rgba(0,0,0,0.5),0 1px 10px 0 rgba(0,0,0,0.15); margin: 1px; max-width: 540px; min-width: 326px; padding: 0; width: calc(100% - 2px);\" data-instgrm-captioned=\"\" data-instgrm-permalink=\"https:\/\/www.instagram.com\/p\/Bz3cn9QnlDu\/\" data-instgrm-version=\"12\">\n<div style=\"padding: 16px;\">\n<p>&nbsp;<\/p>\n<div style=\"display: flex; flex-direction: row; align-items: center;\">\n<div style=\"background-color: #f4f4f4; border-radius: 50%; flex-grow: 0; height: 40px; margin-right: 14px; width: 40px;\"><\/div>\n<div style=\"display: flex; flex-direction: column; flex-grow: 1; justify-content: center;\">\n<div style=\"background-color: #f4f4f4; border-radius: 4px; flex-grow: 0; height: 14px; margin-bottom: 6px; width: 100px;\"><\/div>\n<div style=\"background-color: #f4f4f4; border-radius: 4px; flex-grow: 0; height: 14px; width: 60px;\"><\/div>\n<\/div>\n<\/div>\n<div style=\"padding: 19% 0;\"><\/div>\n<div style=\"display: block; height: 50px; margin: 0 auto 12px; width: 50px;\"><\/div>\n<div style=\"padding-top: 8px;\">\n<div style=\"color: #3897f0; font-family: Arial,sans-serif; font-size: 14px; font-style: normal; font-weight: 550; line-height: 18px;\">Ver esta publicaci\u00f3n en Instagram<\/div>\n<\/div>\n<div style=\"padding: 12.5% 0;\"><\/div>\n<div style=\"display: flex; flex-direction: row; margin-bottom: 14px; align-items: center;\">\n<div>\n<div style=\"background-color: #f4f4f4; border-radius: 50%; height: 12.5px; width: 12.5px; transform: translateX(0px) translateY(7px);\"><\/div>\n<div style=\"background-color: #f4f4f4; height: 12.5px; transform: rotate(-45deg) translateX(3px) translateY(1px); width: 12.5px; flex-grow: 0; margin-right: 14px; margin-left: 2px;\"><\/div>\n<div style=\"background-color: #f4f4f4; border-radius: 50%; height: 12.5px; width: 12.5px; transform: translateX(9px) translateY(-18px);\"><\/div>\n<\/div>\n<div style=\"margin-left: 8px;\">\n<div style=\"background-color: #f4f4f4; border-radius: 50%; flex-grow: 0; height: 20px; width: 20px;\"><\/div>\n<div style=\"width: 0; height: 0; border-top: 2px solid transparent; border-left: 6px solid #f4f4f4; border-bottom: 2px solid transparent; transform: translateX(16px) translateY(-4px) rotate(30deg);\"><\/div>\n<\/div>\n<div style=\"margin-left: auto;\">\n<div style=\"width: 0px; border-top: 8px solid #F4F4F4; border-right: 8px solid transparent; transform: translateY(16px);\"><\/div>\n<div style=\"background-color: #f4f4f4; flex-grow: 0; height: 12px; width: 16px; transform: translateY(-4px);\"><\/div>\n<div style=\"width: 0; height: 0; border-top: 8px solid #F4F4F4; border-left: 8px solid transparent; transform: translateY(-4px) translateX(8px);\"><\/div>\n<\/div>\n<\/div>\n<p>&nbsp;<\/p>\n<p style=\"margin: 8px 0 0 0; padding: 0 4px;\"><a style=\"color: #000; font-family: Arial,sans-serif; font-size: 14px; font-style: normal; font-weight: normal; line-height: 17px; text-decoration: none; word-wrap: break-word;\" href=\"https:\/\/www.instagram.com\/p\/Bz3cn9QnlDu\/\" target=\"_blank\" rel=\"noopener\">Como siempre un placer estar con toda nuestra gente de #Oxnard #California??, Gracias por acompa\u00f1arnos en #CasaLopez !!! #seguritosegurito #Aaaajaija #littlemoonmusic #seis7tresmusic . . . #corridos #corridosvip #corridosybanda #musica #bandas #trokiando #mexico #sinaloa #guitarra #acordeon #regionalmexicano #palenque #musica<\/a><\/p>\n<p style=\"color: #c9c8cd; font-family: Arial,sans-serif; font-size: 14px; line-height: 17px; margin-bottom: 0; margin-top: 8px; overflow: hidden; padding: 8px 0 7px; text-align: center; text-overflow: ellipsis; white-space: nowrap;\">Una publicaci\u00f3n compartida de <a style=\"color: #c9c8cd; font-family: Arial,sans-serif; font-size: 14px; font-style: normal; font-weight: normal; line-height: 17px;\" href=\"https:\/\/www.instagram.com\/laseptimabanda\/\" target=\"_blank\" rel=\"noopener\"> La Septima Banda<\/a> (@laseptimabanda) el <time style=\"font-family: Arial,sans-serif; font-size: 14px; line-height: 17px;\" datetime=\"2019-07-13T18:05:42+00:00\">13 Jul, 2019 a las 11:05 PDT<\/time><\/p>\n<\/div>\n<\/blockquote>\n<p><script async src=\"\/\/www.instagram.com\/embed.js\"><\/script><\/p>\n<p>Por si fuese poco, comienzan el mes de agosto en Las Pulgas de Tijuana junto a <strong>Decreto Norte. <\/strong>Luego en Fresno California con <strong>Banda El Recodo<\/strong>, y continuar\u00e1n en otros ciudades importantes de la Uni\u00f3n Americana como\u00a0Bakersfield, California, Winnemucca, Nevada, siendo una de sus presentaciones m\u00e1s esperadas la pautada para el 9 de noviembre en el <strong>Microsoft Theater<\/strong> en Los \u00c1ngeles, California, una de las sedes de mayor renombre, en donde adem\u00e1s compartir\u00e1n el escenario junto a Gerardo Ortiz y Banda Renovaci\u00f3n.<\/p>\n<p>Este a\u00f1o se esperan <strong>grandes triunfos<\/strong> producto del trabajo arduo y constante de esta reconocida agrupaci\u00f3n que brindar\u00e1 una serie de espect\u00e1culos, en donde promocionar\u00e1n su m\u00fasica acompa\u00f1ada de su gran talento, carisma y ritmos contagiosos, y a su vez celebrar\u00e1n por todo lo alto su 25 aniversario.<\/p>\n<blockquote class=\"instagram-media\" style=\"background: #FFF; border: 0; border-radius: 3px; box-shadow: 0 0 1px 0 rgba(0,0,0,0.5),0 1px 10px 0 rgba(0,0,0,0.15); margin: 1px; max-width: 540px; min-width: 326px; padding: 0; width: calc(100% - 2px);\" data-instgrm-captioned=\"\" data-instgrm-permalink=\"https:\/\/www.instagram.com\/p\/Bz9P0dvHznM\/\" data-instgrm-version=\"12\">\n<div style=\"padding: 16px;\">\n<p>&nbsp;<\/p>\n<div style=\"display: flex; flex-direction: row; align-items: center;\">\n<div style=\"background-color: #f4f4f4; border-radius: 50%; flex-grow: 0; height: 40px; margin-right: 14px; width: 40px;\"><\/div>\n<div style=\"display: flex; flex-direction: column; flex-grow: 1; justify-content: center;\">\n<div style=\"background-color: #f4f4f4; border-radius: 4px; flex-grow: 0; height: 14px; margin-bottom: 6px; width: 100px;\"><\/div>\n<div style=\"background-color: #f4f4f4; border-radius: 4px; flex-grow: 0; height: 14px; width: 60px;\"><\/div>\n<\/div>\n<\/div>\n<div style=\"padding: 19% 0;\"><\/div>\n<div style=\"display: block; height: 50px; margin: 0 auto 12px; width: 50px;\"><\/div>\n<div style=\"padding-top: 8px;\">\n<div style=\"color: #3897f0; font-family: Arial,sans-serif; font-size: 14px; font-style: normal; font-weight: 550; line-height: 18px;\">Ver esta publicaci\u00f3n en Instagram<\/div>\n<\/div>\n<div style=\"padding: 12.5% 0;\"><\/div>\n<div style=\"display: flex; flex-direction: row; margin-bottom: 14px; align-items: center;\">\n<div>\n<div style=\"background-color: #f4f4f4; border-radius: 50%; height: 12.5px; width: 12.5px; transform: translateX(0px) translateY(7px);\"><\/div>\n<div style=\"background-color: #f4f4f4; height: 12.5px; transform: rotate(-45deg) translateX(3px) translateY(1px); width: 12.5px; flex-grow: 0; margin-right: 14px; margin-left: 2px;\"><\/div>\n<div style=\"background-color: #f4f4f4; border-radius: 50%; height: 12.5px; width: 12.5px; transform: translateX(9px) translateY(-18px);\"><\/div>\n<\/div>\n<div style=\"margin-left: 8px;\">\n<div style=\"background-color: #f4f4f4; border-radius: 50%; flex-grow: 0; height: 20px; width: 20px;\"><\/div>\n<div style=\"width: 0; height: 0; border-top: 2px solid transparent; border-left: 6px solid #f4f4f4; border-bottom: 2px solid transparent; transform: translateX(16px) translateY(-4px) rotate(30deg);\"><\/div>\n<\/div>\n<div style=\"margin-left: auto;\">\n<div style=\"width: 0px; border-top: 8px solid #F4F4F4; border-right: 8px solid transparent; transform: translateY(16px);\"><\/div>\n<div style=\"background-color: #f4f4f4; flex-grow: 0; height: 12px; width: 16px; transform: translateY(-4px);\"><\/div>\n<div style=\"width: 0; height: 0; border-top: 8px solid #F4F4F4; border-left: 8px solid transparent; transform: translateY(-4px) translateX(8px);\"><\/div>\n<\/div>\n<\/div>\n<p>&nbsp;<\/p>\n<p style=\"margin: 8px 0 0 0; padding: 0 4px;\"><a style=\"color: #000; font-family: Arial,sans-serif; font-size: 14px; font-style: normal; font-weight: normal; line-height: 17px; text-decoration: none; word-wrap: break-word;\" href=\"https:\/\/www.instagram.com\/p\/Bz9P0dvHznM\/\" target=\"_blank\" rel=\"noopener\">Te esperamos ESTE 2\ufe0f\u20e36\ufe0f\u20e3 DE JULIO en Cd Juarez Chihuhahua en #granpatiozaragoza en un gran Show Case ,escucha algunos de nuestros temas en vivo y t\u00f3mate la foto con nosotros #seguritosegurito #Aaaajaija #laseptimabanda25aniversario<\/a><\/p>\n<p style=\"color: #c9c8cd; font-family: Arial,sans-serif; font-size: 14px; line-height: 17px; margin-bottom: 0; margin-top: 8px; overflow: hidden; padding: 8px 0 7px; text-align: center; text-overflow: ellipsis; white-space: nowrap;\">Una publicaci\u00f3n compartida de <a style=\"color: #c9c8cd; font-family: Arial,sans-serif; font-size: 14px; font-style: normal; font-weight: normal; line-height: 17px;\" href=\"https:\/\/www.instagram.com\/laseptimabanda\/\" target=\"_blank\" rel=\"noopener\"> La Septima Banda<\/a> (@laseptimabanda) el <time style=\"font-family: Arial,sans-serif; font-size: 14px; line-height: 17px;\" datetime=\"2019-07-16T00:09:15+00:00\">15 Jul, 2019 a las 5:09 PDT<\/time><\/p>\n<\/div>\n<\/blockquote>\n<p><script async src=\"\/\/www.instagram.com\/embed.js\"><\/script><\/p>\n<p>&nbsp;<\/p>\n","protected":false},"excerpt":{"rendered":"<p>Siendo una de las mayores exponentes del regional mexicano,\u00a0La S\u00e9ptima Banda\u00a0sigue cosechando \u00e9xito. Y es que a poco tiempo de celebrar sus 25 a\u00f1os de trayectoria art\u00edstica, cabe destacar que \u00e9stos no han transcurrido en vano, pues esta banda ha evolucionado a pasos acrecentados, hasta convertirse en una de las agrupaciones m\u00e1s ovacionadas y aclamadas [&hellip;]<\/p>\n","protected":false},"author":8,"featured_media":8982,"comment_status":"open","ping_status":"closed","sticky":false,"template":"","format":"standard","meta":{"footnotes":""},"categories":[2],"tags":[1166,230,77,1169,1167,1168],"class_list":["post-8980","post","type-post","status-publish","format-standard","has-post-thumbnail","hentry","category-noticias","tag-agenda-de-presentaciones","tag-la-septima-banda","tag-regional-mexicano","tag-sold-out","tag-tours","tag-union-americana"],"aioseo_notices":[],"_links":{"self":[{"href":"https:\/\/rolamix.com\/espectaculos\/wp-json\/wp\/v2\/posts\/8980","targetHints":{"allow":["GET"]}}],"collection":[{"href":"https:\/\/rolamix.com\/espectaculos\/wp-json\/wp\/v2\/posts"}],"about":[{"href":"https:\/\/rolamix.com\/espectaculos\/wp-json\/wp\/v2\/types\/post"}],"author":[{"embeddable":true,"href":"https:\/\/rolamix.com\/espectaculos\/wp-json\/wp\/v2\/users\/8"}],"replies":[{"embeddable":true,"href":"https:\/\/rolamix.com\/espectaculos\/wp-json\/wp\/v2\/comments?post=8980"}],"version-history":[{"count":0,"href":"https:\/\/rolamix.com\/espectaculos\/wp-json\/wp\/v2\/posts\/8980\/revisions"}],"wp:featuredmedia":[{"embeddable":true,"href":"https:\/\/rolamix.com\/espectaculos\/wp-json\/wp\/v2\/media\/8982"}],"wp:attachment":[{"href":"https:\/\/rolamix.com\/espectaculos\/wp-json\/wp\/v2\/media?parent=8980"}],"wp:term":[{"taxonomy":"category","embeddable":true,"href":"https:\/\/rolamix.com\/espectaculos\/wp-json\/wp\/v2\/categories?post=8980"},{"taxonomy":"post_tag","embeddable":true,"href":"https:\/\/rolamix.com\/espectaculos\/wp-json\/wp\/v2\/tags?post=8980"}],"curies":[{"name":"wp","href":"https:\/\/api.w.org\/{rel}","templated":true}]}}