{"id":9097,"date":"2019-07-22T14:52:19","date_gmt":"2019-07-22T21:52:19","guid":{"rendered":"https:\/\/rolamix.com\/espectaculos\/?p=9097"},"modified":"2019-07-22T14:52:19","modified_gmt":"2019-07-22T21:52:19","slug":"bad-bunny-se-retira-de-la-musica-indefinidamente","status":"publish","type":"post","link":"https:\/\/rolamix.com\/espectaculos\/bad-bunny-se-retira-de-la-musica-indefinidamente\/","title":{"rendered":"Bad Bunny se retira de la m\u00fasica indefinidamente"},"content":{"rendered":"<p>El cantante de m\u00fasica urbana conocido como Bad Bunny ha anunciado recientemente que se apartar\u00e1 del escenario musical por un tiempo. El cantante <strong>ha decidido unirse a la lucha social<\/strong> que actualmente ha emprendido gran parte del pueblo de Puerto Rico, en contra de los casos de corrupci\u00f3n cometidos por el gobernador de esta isla que se han filtrado a la luz p\u00fablica.<\/p>\n<p>Por tal raz\u00f3n Bad Bunny se traslad\u00f3 a Puerto Rico junto a otros artistas de su misma nacionalidad como; <strong>Ricky Martin y Ren\u00e9 P\u00e9rez<\/strong>, mejor conocido como Residente, quienes tambi\u00e9n se sumaron a las masivas <strong>protestas en contra del actual gobernador<\/strong> boricua.<\/p>\n<p>Bad Bunny interrumpi\u00f3 su gira en Europa para unirse a las protestas que, la semana pasada reunieron a una gran cantidad de personas en San Juan para protestar. Sin embargo, a\u00fan tiene el compromiso de cumplir con cuatro fechas m\u00e1s de presentaciones.<\/p>\n<blockquote class=\"instagram-media\" style=\"background: #FFF; border: 0; border-radius: 3px; box-shadow: 0 0 1px 0 rgba(0,0,0,0.5),0 1px 10px 0 rgba(0,0,0,0.15); margin: 1px; max-width: 540px; min-width: 326px; padding: 0; width: calc(100% - 2px);\" data-instgrm-captioned=\"\" data-instgrm-permalink=\"https:\/\/www.instagram.com\/p\/B0EesvVhZ_k\/\" data-instgrm-version=\"12\">\n<div style=\"padding: 16px;\">\n<p>&nbsp;<\/p>\n<div style=\"display: flex; flex-direction: row; align-items: center;\">\n<div style=\"background-color: #f4f4f4; border-radius: 50%; flex-grow: 0; height: 40px; margin-right: 14px; width: 40px;\"><\/div>\n<div style=\"display: flex; flex-direction: column; flex-grow: 1; justify-content: center;\">\n<div style=\"background-color: #f4f4f4; border-radius: 4px; flex-grow: 0; height: 14px; margin-bottom: 6px; width: 100px;\"><\/div>\n<div style=\"background-color: #f4f4f4; border-radius: 4px; flex-grow: 0; height: 14px; width: 60px;\"><\/div>\n<\/div>\n<\/div>\n<div style=\"padding: 19% 0;\"><\/div>\n<div style=\"display: block; height: 50px; margin: 0 auto 12px; width: 50px;\"><\/div>\n<div style=\"padding-top: 8px;\">\n<div style=\"color: #3897f0; font-family: Arial,sans-serif; font-size: 14px; font-style: normal; font-weight: 550; line-height: 18px;\">Ver esta publicaci\u00f3n en Instagram<\/div>\n<\/div>\n<div style=\"padding: 12.5% 0;\"><\/div>\n<div style=\"display: flex; flex-direction: row; margin-bottom: 14px; align-items: center;\">\n<div>\n<div style=\"background-color: #f4f4f4; border-radius: 50%; height: 12.5px; width: 12.5px; transform: translateX(0px) translateY(7px);\"><\/div>\n<div style=\"background-color: #f4f4f4; height: 12.5px; transform: rotate(-45deg) translateX(3px) translateY(1px); width: 12.5px; flex-grow: 0; margin-right: 14px; margin-left: 2px;\"><\/div>\n<div style=\"background-color: #f4f4f4; border-radius: 50%; height: 12.5px; width: 12.5px; transform: translateX(9px) translateY(-18px);\"><\/div>\n<\/div>\n<div style=\"margin-left: 8px;\">\n<div style=\"background-color: #f4f4f4; border-radius: 50%; flex-grow: 0; height: 20px; width: 20px;\"><\/div>\n<div style=\"width: 0; height: 0; border-top: 2px solid transparent; border-left: 6px solid #f4f4f4; border-bottom: 2px solid transparent; transform: translateX(16px) translateY(-4px) rotate(30deg);\"><\/div>\n<\/div>\n<div style=\"margin-left: auto;\">\n<div style=\"width: 0px; border-top: 8px solid #F4F4F4; border-right: 8px solid transparent; transform: translateY(16px);\"><\/div>\n<div style=\"background-color: #f4f4f4; flex-grow: 0; height: 12px; width: 16px; transform: translateY(-4px);\"><\/div>\n<div style=\"width: 0; height: 0; border-top: 8px solid #F4F4F4; border-left: 8px solid transparent; transform: translateY(-4px) translateX(8px);\"><\/div>\n<\/div>\n<\/div>\n<p>&nbsp;<\/p>\n<p style=\"margin: 8px 0 0 0; padding: 0 4px;\"><a style=\"color: #000; font-family: Arial,sans-serif; font-size: 14px; font-style: normal; font-weight: normal; line-height: 17px; text-decoration: none; word-wrap: break-word;\" href=\"https:\/\/www.instagram.com\/p\/B0EesvVhZ_k\/\" target=\"_blank\" rel=\"noopener\">El d\u00eda de ayer me marc\u00f3 para siempre. Nunca hab\u00eda sentido tanto orgullo en mi vida! Sin embargo, la lucha continua PUERTO RICO! NO NOS VAMOS A DEJAR!!! QUE SE QUITEN ELLOS!! NOSOTROS NUNCA!! VAMOS A CAMBIAR LA HISTORIA!!! AUNQUE ALGUNO DE LOS MISMOS NUESTRO NOS DEN LA ESPALDA!! NOSTROS SOMOS M\u00c1S!! Y TENEMOS CORAJE Y CORAZ\u00d3N DE SOBRA!! SIGAN SALIENDO PA&#8217; LA CALLE!! YO NO ME VOY A CALLAR!! NO NOS PODEMOS DETENER!!! PU\u00d1ETAAA!! #RickyRenuncia #RickyRenuncia #RickyRenuncia #RickyRenuncia #RickyRenuncia #RickyRenuncia #RickyRenuncia<\/a><\/p>\n<p style=\"color: #c9c8cd; font-family: Arial,sans-serif; font-size: 14px; line-height: 17px; margin-bottom: 0; margin-top: 8px; overflow: hidden; padding: 8px 0 7px; text-align: center; text-overflow: ellipsis; white-space: nowrap;\">Una publicaci\u00f3n compartida de <a style=\"color: #c9c8cd; font-family: Arial,sans-serif; font-size: 14px; font-style: normal; font-weight: normal; line-height: 17px;\" href=\"https:\/\/www.instagram.com\/badbunnypr\/\" target=\"_blank\" rel=\"noopener\"> BAD | BUNNY<\/a> (@badbunnypr) el <time style=\"font-family: Arial,sans-serif; font-size: 14px; line-height: 17px;\" datetime=\"2019-07-18T19:33:57+00:00\">18 Jul, 2019 a las 12:33 PDT<\/time><\/p>\n<\/div>\n<\/blockquote>\n<p><script async src=\"\/\/www.instagram.com\/embed.js\"><\/script><\/p>\n<p>Ahora bien, luego de culminar su gira europea, el cantante de Trap y Reggaet\u00f3n Benito Mart\u00ednez, cuyo nombre art\u00edstico es <strong>Bad Bunny<\/strong>, dijo que hab\u00eda pensado en grabar un nuevo disco en Miami pero que, <strong>ha decidido en definitiva hacer una pausa<\/strong> porque en estos momentos no tiene mente y coraz\u00f3n para nada m\u00e1s que continuar con su gente en la lucha, con lo cual, espera que sean un ejemplo para el mundo.<\/p>\n<blockquote><p>\u201c\u2026Voy a poner una pausa a mi carrera porque yo no tengo ahora mismo coraz\u00f3n ni mente para hacer m\u00fasica ni para hacer un carajo&#8221;<\/p>\n<p>-Bad Bunny-<\/p><\/blockquote>\n<p>Cabe se\u00f1alar que, en Puerto Rico, comenzaron las protestas y los disturbios desde que, en d\u00edas pasados, <strong>se filtraran conversaciones del actual gobernador <\/strong>con otros 11 hombres cercanos, donde se emit\u00edan comentarios ofensivos hacia las mujeres y los homosexuales, incluyendo claramente opiniones sobre el actor y cantante Ricky Martin.<\/p>\n<p>El cantante Bad Bunny por su parte, tambi\u00e9n fue criticado recientemente tras filtrarse un v\u00eddeo en el que se escucha su verdadera voz al cantar, seguido de un arreglo t\u00e9cnico para escucharse diferente, tal como se le oye en en sus discos, pues, no pocos se\u00f1alan que el cantante tiene pocos dotes de un verdadero artista.<\/p>\n<p><iframe loading=\"lazy\" src=\"https:\/\/www.youtube.com\/embed\/adE4JVhAM30\" width=\"1000\" height=\"515\" frameborder=\"0\" allowfullscreen=\"allowfullscreen\"><\/iframe><strong>Quiz\u00e1s tambi\u00e9n te interese leer:\u00a0<\/strong><a href=\"https:\/\/rolamix.com\/espectaculos\/yanet-garcia-la-chica-del-clima-fue-detenida-en-aeropuerto-de-mexico\/\">Yanet Garc\u00eda \u201cLa Chica Del Clima\u201d Fue Detenida En Aeropuerto De M\u00e9xico<\/a><\/p>\n<p>Sin embargo, <strong>Bad Bunny sigue gozando de una gran popularidad<\/strong> y una buena cantidad de seguidores a quienes les explic\u00f3 a trav\u00e9s de su Instagram que, hab\u00eda regresado a Espa\u00f1a para terminar su gira pero segu\u00eda acompa\u00f1ando a los puertorrique\u00f1os en mente y alma.<\/p>\n","protected":false},"excerpt":{"rendered":"<p>El cantante de m\u00fasica urbana conocido como Bad Bunny ha anunciado recientemente que se apartar\u00e1 del escenario musical por un tiempo. El cantante ha decidido unirse a la lucha social que actualmente ha emprendido gran parte del pueblo de Puerto Rico, en contra de los casos de corrupci\u00f3n cometidos por el gobernador de esta isla [&hellip;]<\/p>\n","protected":false},"author":3,"featured_media":9100,"comment_status":"open","ping_status":"closed","sticky":false,"template":"","format":"standard","meta":{"footnotes":""},"categories":[2],"tags":[507],"class_list":["post-9097","post","type-post","status-publish","format-standard","has-post-thumbnail","hentry","category-noticias","tag-regueton"],"aioseo_notices":[],"_links":{"self":[{"href":"https:\/\/rolamix.com\/espectaculos\/wp-json\/wp\/v2\/posts\/9097","targetHints":{"allow":["GET"]}}],"collection":[{"href":"https:\/\/rolamix.com\/espectaculos\/wp-json\/wp\/v2\/posts"}],"about":[{"href":"https:\/\/rolamix.com\/espectaculos\/wp-json\/wp\/v2\/types\/post"}],"author":[{"embeddable":true,"href":"https:\/\/rolamix.com\/espectaculos\/wp-json\/wp\/v2\/users\/3"}],"replies":[{"embeddable":true,"href":"https:\/\/rolamix.com\/espectaculos\/wp-json\/wp\/v2\/comments?post=9097"}],"version-history":[{"count":0,"href":"https:\/\/rolamix.com\/espectaculos\/wp-json\/wp\/v2\/posts\/9097\/revisions"}],"wp:featuredmedia":[{"embeddable":true,"href":"https:\/\/rolamix.com\/espectaculos\/wp-json\/wp\/v2\/media\/9100"}],"wp:attachment":[{"href":"https:\/\/rolamix.com\/espectaculos\/wp-json\/wp\/v2\/media?parent=9097"}],"wp:term":[{"taxonomy":"category","embeddable":true,"href":"https:\/\/rolamix.com\/espectaculos\/wp-json\/wp\/v2\/categories?post=9097"},{"taxonomy":"post_tag","embeddable":true,"href":"https:\/\/rolamix.com\/espectaculos\/wp-json\/wp\/v2\/tags?post=9097"}],"curies":[{"name":"wp","href":"https:\/\/api.w.org\/{rel}","templated":true}]}}