{"id":9326,"date":"2019-08-01T17:54:44","date_gmt":"2019-08-02T00:54:44","guid":{"rendered":"https:\/\/rolamix.com\/espectaculos\/?p=9326"},"modified":"2019-08-01T18:08:57","modified_gmt":"2019-08-02T01:08:57","slug":"vicente-fernandez-jr-pide-que-le-manden-pruebas-de-que-alejandro-fernandez-es-gay","status":"publish","type":"post","link":"https:\/\/rolamix.com\/espectaculos\/vicente-fernandez-jr-pide-que-le-manden-pruebas-de-que-alejandro-fernandez-es-gay\/","title":{"rendered":"Vicente Fern\u00e1ndez Jr. pide pruebas de que Alejandro Fern\u00e1ndez es gay"},"content":{"rendered":"<p>Luego de las pol\u00e9micas generadas en torno a <strong>la orientaci\u00f3n sexual de Alejandro Fern\u00e1ndez\u00a0<\/strong>\u201cEl Potrillo\u201d, su hermano mayor, Vicente Fern\u00e1ndez Jr., parece que ha llegado al l\u00edmite de su paciencia y, en recientes declaraciones ha invitado a quienes afirman que su hermano es gay a que le env\u00eden las pruebas pertinentes y dejen de \u201chablar por hablar\u201d.<\/p>\n<p>Tal parece que el mayor de los Fern\u00e1ndez perdi\u00f3 la paciencia luego de que m\u00e1s rumores sobre la familia se intensificaran. Esto cuando <strong>Don Vicente<\/strong> dijo al ser<a href=\"https:\/\/rolamix.com\/espectaculos\/vicente-fernandez-jr-pide-que-le-manden-pruebas-de-que-alejandro-fernandez-es-gay\/\"> entrevistado por Gustavo Adolfo Infante<\/a>, refiri\u00e9ndose a su pasada operaci\u00f3n de trasplante que <strong>temi\u00f3 se le diera un h\u00edgado de un drogadicto o de un homosexual<\/strong>.<\/p>\n<p><iframe loading=\"lazy\" src=\"https:\/\/www.youtube.com\/embed\/OKq73YlNlTQ\" width=\"640\" height=\"360\" frameborder=\"0\" allowfullscreen=\"allowfullscreen\"><\/iframe><\/p>\n<p>Una vez que Don Chente se expresara de esta forma, muchos de la comunidad LGBTTTI se sintieron bastante ofendidos y comenzaron a enviar sus comentarios de indignaci\u00f3n. Entre los cuales, surgieron los argumentos de que, <strong>c\u00f3mo pod\u00eda discriminar a una poblaci\u00f3n a la cual su hijo menor Alejandro, pertenec\u00eda<\/strong>.<\/p>\n<p>A todo esto, Vicente Jr. ha querido salir en defensa de la familia, para pedir pruebas sobre la supuesta homosexualidad de su hermano, mismas que \u00e9l asegura, no existen, porque su hermano no es gay. De igual forma, aprovech\u00f3 para aclarar que <strong>no ten\u00edan nada en contra de quienes si tuvieran esta orientaci\u00f3n sexual<\/strong> porque su madre, siempre les hab\u00eda ense\u00f1ado a respetar a los dem\u00e1s.<\/p>\n<blockquote><p><em> &#8220;Nosotros no tenemos nada contra la comunidad gay, mi mam\u00e1 nos ense\u00f1\u00f3 a respetar y eso es lo que hacemos. Si eso dicen de mi hermano pues los reto a que manden pruebas de ello, porque es f\u00e1cil hablar por hablar, pero no las hay. Mi hermano no lo es&#8221;<\/em><\/p>\n<p>-Vicente Fern\u00e1ndez Jr.-<\/p><\/blockquote>\n<p>De acuerdo al mayor de los hijos de Don Chente, su pap\u00e1 fue malinterpretado y ahora se encuentra bien, alejado de la pol\u00e9mica y preparando disco.<\/p>\n<p>Con respecto a pruebas dadas a conocer hasta ahora, sobre la dudosa orientaci\u00f3n sexual de Alejandro, se difundieron hace un tiempo <strong>unas fotograf\u00edas en un club nocturno<\/strong> donde El Potrillo, lo estaba pasando muy bien en compa\u00f1\u00eda de unos chicos, llamando la atenci\u00f3n una foto en particular que, el cantante dec\u00eda que hab\u00eda sido tomada en el mejor momento de la noche, pero en esta, se le ve\u00eda con el cabello alborotado, sin camisa, posando en medio de dos apuestos j\u00f3venes.<\/p>\n<p>Actualmente, no hay pruebas contundentes de que Alejandro forme parte de la comunidad LGBTTTI, al contrario, se le ha visto y conocido parejas mujeres, dos de las cuales tienen hijos suyos. De hecho, hace algunos d\u00edas se le vio dando <strong>un paseo en su yate con su expareja Karla Laveaga<\/strong> por lo que, se ha pensado en una posible reconciliaci\u00f3n.<\/p>\n<blockquote class=\"instagram-media\" style=\"background: #FFF; border: 0; border-radius: 3px; box-shadow: 0 0 1px 0 rgba(0,0,0,0.5),0 1px 10px 0 rgba(0,0,0,0.15); margin: 1px; max-width: 540px; min-width: 326px; padding: 0; width: calc(100% - 2px);\" data-instgrm-captioned=\"\" data-instgrm-permalink=\"https:\/\/www.instagram.com\/p\/B0X55NohLzs\/\" data-instgrm-version=\"12\">\n<div style=\"padding: 16px;\">\n<p>&nbsp;<\/p>\n<div style=\"display: flex; flex-direction: row; align-items: center;\">\n<div style=\"background-color: #f4f4f4; border-radius: 50%; flex-grow: 0; height: 40px; margin-right: 14px; width: 40px;\"><\/div>\n<div style=\"display: flex; flex-direction: column; flex-grow: 1; justify-content: center;\">\n<div style=\"background-color: #f4f4f4; border-radius: 4px; flex-grow: 0; height: 14px; margin-bottom: 6px; width: 100px;\"><\/div>\n<div style=\"background-color: #f4f4f4; border-radius: 4px; flex-grow: 0; height: 14px; width: 60px;\"><\/div>\n<\/div>\n<\/div>\n<div style=\"padding: 19% 0;\"><\/div>\n<div style=\"display: block; height: 50px; margin: 0 auto 12px; width: 50px;\"><\/div>\n<div style=\"padding-top: 8px;\">\n<div style=\"color: #3897f0; font-family: Arial,sans-serif; font-size: 14px; font-style: normal; font-weight: 550; line-height: 18px;\">Ver esta publicaci\u00f3n en Instagram<\/div>\n<\/div>\n<div style=\"padding: 12.5% 0;\"><\/div>\n<div style=\"display: flex; flex-direction: row; margin-bottom: 14px; align-items: center;\">\n<div>\n<div style=\"background-color: #f4f4f4; border-radius: 50%; height: 12.5px; width: 12.5px; transform: translateX(0px) translateY(7px);\"><\/div>\n<div style=\"background-color: #f4f4f4; height: 12.5px; transform: rotate(-45deg) translateX(3px) translateY(1px); width: 12.5px; flex-grow: 0; margin-right: 14px; margin-left: 2px;\"><\/div>\n<div style=\"background-color: #f4f4f4; border-radius: 50%; height: 12.5px; width: 12.5px; transform: translateX(9px) translateY(-18px);\"><\/div>\n<\/div>\n<div style=\"margin-left: 8px;\">\n<div style=\"background-color: #f4f4f4; border-radius: 50%; flex-grow: 0; height: 20px; width: 20px;\"><\/div>\n<div style=\"width: 0; height: 0; border-top: 2px solid transparent; border-left: 6px solid #f4f4f4; border-bottom: 2px solid transparent; transform: translateX(16px) translateY(-4px) rotate(30deg);\"><\/div>\n<\/div>\n<div style=\"margin-left: auto;\">\n<div style=\"width: 0px; border-top: 8px solid #F4F4F4; border-right: 8px solid transparent; transform: translateY(16px);\"><\/div>\n<div style=\"background-color: #f4f4f4; flex-grow: 0; height: 12px; width: 16px; transform: translateY(-4px);\"><\/div>\n<div style=\"width: 0; height: 0; border-top: 8px solid #F4F4F4; border-left: 8px solid transparent; transform: translateY(-4px) translateX(8px);\"><\/div>\n<\/div>\n<\/div>\n<p>&nbsp;<\/p>\n<p style=\"margin: 8px 0 0 0; padding: 0 4px;\"><a style=\"color: #000; font-family: Arial,sans-serif; font-size: 14px; font-style: normal; font-weight: normal; line-height: 17px; text-decoration: none; word-wrap: break-word;\" href=\"https:\/\/www.instagram.com\/p\/B0X55NohLzs\/\" target=\"_blank\" rel=\"noopener\">A petici\u00f3n de @soflujambio credito @hola_mx .A el potrillo #alejandrofernandez se le vio en tierras mediterr\u00e1neas paseando en su yate Oceanis Yatch 62 con #karlalaveaga . Se dice que ya se reconciliaron, y decidieron irse a un rom\u00e1ntico viaje. Hace unos meses corri\u00f3 el rumor de que, otra vez, Alejandro y Laveaga, hab\u00edan terminado su intermitente relaci\u00f3n, pero ya regresaron. Est\u00e1 relaci\u00f3n es intermitente, porque desde el 2011 que anunciaron por primera vez y de manera oficial su relaci\u00f3n, de esa fecha a la actualidad han terminado y regresado infinidad de veces, pero la noticia es que la inestable pareja volvi\u00f3 a darse una nueva oportunidad. La pareja fue captada disfrutando de un paseo en yate por el mediterr\u00e1neo, luego de que hace unos meses se hab\u00eda rumorado su distanciamiento, pero todo parecen indicar que se volvieron a dar una nueva oportunidad en el amor, y es que tanto el Potrillo como Karla, siempre han sido muy discretos a la hora de hablar de su amor, esperemos que este regreso ahora s\u00ed sea el definitivo.<\/a><\/p>\n<p style=\"color: #c9c8cd; font-family: Arial,sans-serif; font-size: 14px; line-height: 17px; margin-bottom: 0; margin-top: 8px; overflow: hidden; padding: 8px 0 7px; text-align: center; text-overflow: ellipsis; white-space: nowrap;\">Una publicaci\u00f3n compartida de <a style=\"color: #c9c8cd; font-family: Arial,sans-serif; font-size: 14px; font-style: normal; font-weight: normal; line-height: 17px;\" href=\"https:\/\/www.instagram.com\/nelssie_carrillo\/\" target=\"_blank\" rel=\"noopener\"> Nelssie Carrillo<\/a> (@nelssie_carrillo) el <time style=\"font-family: Arial,sans-serif; font-size: 14px; line-height: 17px;\" datetime=\"2019-07-26T08:37:09+00:00\">26 Jul, 2019 a las 1:37 PDT<\/time><\/p>\n<\/div>\n<\/blockquote>\n<p><script async src=\"\/\/www.instagram.com\/embed.js\"><\/script><\/p>\n<p><strong>Quiz\u00e1s tambi\u00e9n te interese leer:\u00a0<\/strong><a href=\"https:\/\/rolamix.com\/espectaculos\/vicente-fernandez-rechaza-trasplante-higado-temia-gay\/\">Vicente Fern\u00e1ndez Rechaza Trasplante De H\u00edgado, Tem\u00eda Que Fuera De Un Homosexual<\/a><\/p>\n<p>Por ahora, lo cierto es que, El Potrillo es padre de 5 y jam\u00e1s ha dicho abiertamente que le gusten las personas de su mismo sexo. \u00bfSer\u00e1n solo habladur\u00edas? La invitaci\u00f3n sigue en pie por parte de\u00a0Vicente Fern\u00e1ndez Jr. para que<strong>, quien tenga pruebas reales, demuestre lo contrario.<\/strong><\/p>\n","protected":false},"excerpt":{"rendered":"<p>Luego de las pol\u00e9micas generadas en torno a la orientaci\u00f3n sexual de Alejandro Fern\u00e1ndez\u00a0\u201cEl Potrillo\u201d, su hermano mayor, Vicente Fern\u00e1ndez Jr., parece que ha llegado al l\u00edmite de su paciencia y, en recientes declaraciones ha invitado a quienes afirman que su hermano es gay a que le env\u00eden las pruebas pertinentes y dejen de \u201chablar [&hellip;]<\/p>\n","protected":false},"author":3,"featured_media":9327,"comment_status":"open","ping_status":"closed","sticky":false,"template":"","format":"standard","meta":{"footnotes":""},"categories":[2],"tags":[],"class_list":["post-9326","post","type-post","status-publish","format-standard","has-post-thumbnail","hentry","category-noticias"],"aioseo_notices":[],"_links":{"self":[{"href":"https:\/\/rolamix.com\/espectaculos\/wp-json\/wp\/v2\/posts\/9326","targetHints":{"allow":["GET"]}}],"collection":[{"href":"https:\/\/rolamix.com\/espectaculos\/wp-json\/wp\/v2\/posts"}],"about":[{"href":"https:\/\/rolamix.com\/espectaculos\/wp-json\/wp\/v2\/types\/post"}],"author":[{"embeddable":true,"href":"https:\/\/rolamix.com\/espectaculos\/wp-json\/wp\/v2\/users\/3"}],"replies":[{"embeddable":true,"href":"https:\/\/rolamix.com\/espectaculos\/wp-json\/wp\/v2\/comments?post=9326"}],"version-history":[{"count":0,"href":"https:\/\/rolamix.com\/espectaculos\/wp-json\/wp\/v2\/posts\/9326\/revisions"}],"wp:featuredmedia":[{"embeddable":true,"href":"https:\/\/rolamix.com\/espectaculos\/wp-json\/wp\/v2\/media\/9327"}],"wp:attachment":[{"href":"https:\/\/rolamix.com\/espectaculos\/wp-json\/wp\/v2\/media?parent=9326"}],"wp:term":[{"taxonomy":"category","embeddable":true,"href":"https:\/\/rolamix.com\/espectaculos\/wp-json\/wp\/v2\/categories?post=9326"},{"taxonomy":"post_tag","embeddable":true,"href":"https:\/\/rolamix.com\/espectaculos\/wp-json\/wp\/v2\/tags?post=9326"}],"curies":[{"name":"wp","href":"https:\/\/api.w.org\/{rel}","templated":true}]}}