{"id":9496,"date":"2019-08-09T19:05:24","date_gmt":"2019-08-10T02:05:24","guid":{"rendered":"https:\/\/rolamix.com\/espectaculos\/?p=9496"},"modified":"2019-08-10T03:44:06","modified_gmt":"2019-08-10T10:44:06","slug":"me-marchare-es-lo-mas-nuevo-de-alberto-y-roberto","status":"publish","type":"post","link":"https:\/\/rolamix.com\/espectaculos\/me-marchare-es-lo-mas-nuevo-de-alberto-y-roberto\/","title":{"rendered":"\u201cMe Marchar\u00e9\u201d es lo m\u00e1s nuevo de Alberto y Roberto"},"content":{"rendered":"<p>El grupo \u201c<strong>Alberto y Roberto<\/strong>\u201d oriundo de Monterrey, Nuevo Le\u00f3n, demuestra que sus seguidores se mantienen fieles a su propuesta musical y destacada trayectoria art\u00edstica. Pues recientemente lanzaron un <strong>nuevo sencillo titulado \u201cMe marchar\u00e9\u201d,<\/strong> el cual desde su estreno, reflej\u00f3 a trav\u00e9s de los canales digitales gran aceptaci\u00f3n del p\u00fablico.<\/p>\n<p>Este nuevo tema da un giro al \u00faltimo material musical lanzado por la agrupaci\u00f3n el a\u00f1o pasado, el cual se distingu\u00eda por ser una cumbia con estilo alegre y letra divertida a la que llamaron \u201cLa Diva\u201d, cuya canci\u00f3n form\u00f3 parte de su anterior <strong>disco \u201c#El Regreso<\/strong>\u201d.<\/p>\n<p>Pero en esta oportunidad, los regiomontanos se presentan de una forma m\u00e1s rom\u00e1ntica con acordes de guitarra en su introductorio y un contenido m\u00e1s sentimental, que muestra una faceta diferente de Alberto y Roberto.<\/p>\n<p>\u201cMe marchar\u00e9\u201d fue <strong>compuesto por Mario Alberto Garza<\/strong>, quien inspirado en el desamor dio forma a esta nueva pieza musical que representa el primer sencillo de lo que ser\u00e1 su nueva producci\u00f3n discogr\u00e1fica bajo el sello de Arpa Music.<\/p>\n<p>As\u00ed pues, estos talentosos artistas con ya 20 a\u00f1os de carrera musical, comienzan la promoci\u00f3n de\u00a0\u201cMe marchar\u00e9\u201d y para ello acompa\u00f1an este tema con una encantadora historia visual que ya se encuentra disponible en las plataformas digitales. Tal como en YouTube donde a d\u00edas de su estreno ya <strong>supera las 24 mil reproducciones.<\/strong><\/p>\n<p>Este videoclip oficial bajo la producci\u00f3n de Latin Power Films, fue grabado en Los \u00c1ngeles, California. En el transcurso del mismo se aprecia al grupo sobre un escenario tocando e interpretando \u201cMe marchar\u00e9\u201d, siendo su vocalista la pieza clave para imprimir esa carga de sentimiento que implica la letra de esta canci\u00f3n de desamor.<\/p>\n<p>Mira el video oficial de\u00a0Alberto y Roberto interpretando &#8220;Me marchar\u00e9\u201d:<\/p>\n<p><iframe loading=\"lazy\" width=\"1170\" height=\"658\" src=\"https:\/\/www.youtube.com\/embed\/0ZCw_aGe8Z4?wmode=transparent&amp;rel=0&amp;feature=oembed\" frameborder=\"0\" allow=\"accelerometer; autoplay; encrypted-media; gyroscope; picture-in-picture\" allowfullscreen><\/iframe><\/p>\n<p>Es un hecho que Alberto y Roberto siguen estando en el gusto del p\u00fablico y ahora llegan renovados para <strong>revivir sus \u00e9xitos <\/strong>y presentar sus nuevas producciones musicales, que seguramente ser\u00e1n del agrado de quienes siguen fervientemente este g\u00e9nero.<\/p>\n<p>Para ello seguir\u00e1n present\u00e1ndose en distintos lugares, e igualmente seguir\u00e1n conectados con su p\u00fablico a trav\u00e9s de sus redes sociales de <a href=\"https:\/\/www.instagram.com\/albertoyrobertooficial\/\">Instagram<\/a> y <a href=\"https:\/\/www.facebook.com\/albertoyrobertooficial\/\">Facebook<\/a> para dar a conocer detalles sobre sus vidas personales, presentaciones en vivo y materiales musicales.<\/p>\n<p>&#8220;Me marchar\u00e9&#8221; se encuentra disponible ya para su reproducci\u00f3n o descarga en todas las principales plataformas de m\u00fasica en Streaming.<\/p>\n","protected":false},"excerpt":{"rendered":"<p>El grupo \u201cAlberto y Roberto\u201d oriundo de Monterrey, Nuevo Le\u00f3n, demuestra que sus seguidores se mantienen fieles a su propuesta musical y destacada trayectoria art\u00edstica. Pues recientemente lanzaron un nuevo sencillo titulado \u201cMe marchar\u00e9\u201d, el cual desde su estreno, reflej\u00f3 a trav\u00e9s de los canales digitales gran aceptaci\u00f3n del p\u00fablico. Este nuevo tema da un [&hellip;]<\/p>\n","protected":false},"author":8,"featured_media":9500,"comment_status":"open","ping_status":"closed","sticky":false,"template":"","format":"standard","meta":{"footnotes":""},"categories":[2],"tags":[1216,685,71,1209,130,77],"class_list":["post-9496","post","type-post","status-publish","format-standard","has-post-thumbnail","hentry","category-noticias","tag-alberto-y-roberto","tag-cumbia","tag-lanzamiento","tag-nuevo-tema","tag-nuevo-video","tag-regional-mexicano"],"aioseo_notices":[],"_links":{"self":[{"href":"https:\/\/rolamix.com\/espectaculos\/wp-json\/wp\/v2\/posts\/9496","targetHints":{"allow":["GET"]}}],"collection":[{"href":"https:\/\/rolamix.com\/espectaculos\/wp-json\/wp\/v2\/posts"}],"about":[{"href":"https:\/\/rolamix.com\/espectaculos\/wp-json\/wp\/v2\/types\/post"}],"author":[{"embeddable":true,"href":"https:\/\/rolamix.com\/espectaculos\/wp-json\/wp\/v2\/users\/8"}],"replies":[{"embeddable":true,"href":"https:\/\/rolamix.com\/espectaculos\/wp-json\/wp\/v2\/comments?post=9496"}],"version-history":[{"count":0,"href":"https:\/\/rolamix.com\/espectaculos\/wp-json\/wp\/v2\/posts\/9496\/revisions"}],"wp:featuredmedia":[{"embeddable":true,"href":"https:\/\/rolamix.com\/espectaculos\/wp-json\/wp\/v2\/media\/9500"}],"wp:attachment":[{"href":"https:\/\/rolamix.com\/espectaculos\/wp-json\/wp\/v2\/media?parent=9496"}],"wp:term":[{"taxonomy":"category","embeddable":true,"href":"https:\/\/rolamix.com\/espectaculos\/wp-json\/wp\/v2\/categories?post=9496"},{"taxonomy":"post_tag","embeddable":true,"href":"https:\/\/rolamix.com\/espectaculos\/wp-json\/wp\/v2\/tags?post=9496"}],"curies":[{"name":"wp","href":"https:\/\/api.w.org\/{rel}","templated":true}]}}