{"id":9611,"date":"2019-08-14T14:06:49","date_gmt":"2019-08-14T21:06:49","guid":{"rendered":"https:\/\/rolamix.com\/espectaculos\/?p=9611"},"modified":"2019-08-14T14:26:15","modified_gmt":"2019-08-14T21:26:15","slug":"los-akiles-presentan-su-nuevo-sencillo-lo-imperfecto","status":"publish","type":"post","link":"https:\/\/rolamix.com\/espectaculos\/los-akiles-presentan-su-nuevo-sencillo-lo-imperfecto\/","title":{"rendered":"Los Akiles presentan su nuevo sencillo \u201cLo Imperfecto\u201d"},"content":{"rendered":"<p>La agrupaci\u00f3n <strong>Los Akiles<\/strong> sigue en pie conquistando a su p\u00fablico con el estreno de su m\u00e1s reciente sencillo <strong>\u201cLo imperfecto\u201d<\/strong>, el cual ya se encuentra disponible en las plataformas digitales, en donde el n\u00famero de descargas y reproducciones refleja su gran aceptaci\u00f3n por parte del p\u00fablico.<\/p>\n<p>Este nuevo sencillo <strong>compuesto por Juan Pacas<\/strong> y cuyo lanzamiento ha sido enfocado en Estados Unidos, sigue la corriente de un g\u00e9nero emergente denominado <strong>Corridos Verdes<\/strong>, el cual hoy en d\u00eda se ha convertido en toda una tendencia de m\u00fasica regional que ha atra\u00eddo a un sinf\u00edn de seguidores.<\/p>\n<p>Los Akiles oriundos de la ciudad de Los \u00c1ngeles, California han apostado por esta corriente musical respaldados de la disquera <strong>Arpa Music,<\/strong> y sin duda han salido airosos. Pues a pesar de contar con apenas un a\u00f1o de trayectoria art\u00edstica, han logrado ubicarse ampliamente en el gusto del p\u00fablico con sencillos como; \u201cFlama Roja\u201d, \u201cEl Perdido\u201d y \u201c<strong>Viaje Verde\u201d<\/strong> que representa en su totalidad la tem\u00e1tica propia del g\u00e9nero.<\/p>\n<p>Ahora van al mismo paso con \u201cLo imperfecto\u201d, un <strong>corrido verde bastante rom\u00e1ntico<\/strong> que trata sobre un hombre que considera perfecto lo imperfecto de su relaci\u00f3n con la mujer que le quita el sue\u00f1o. Y en su video oficial puede apreciarse esta historia protagonizada por el <strong>vocalista de la agrupaci\u00f3n<\/strong>, quien interpreta a cabalidad la trama.<\/p>\n<p>El\u00a0<strong>videoclip oficial<\/strong> grabado en su tierra natal, ya cuenta con m\u00e1s de 29 mil reproducciones en YouTube a dos semanas de su estreno.<\/p>\n<blockquote><p>\u201cPero es as\u00ed como lo quiero, bien perfecto es lo imperfecto, hablando en la madrugada de esas platicas que duran un buen tiempo&#8230; Eres t\u00fa con quien prefiero desvelarme todo el tiempo, empa\u00f1ando las ventanas de mi carro traveseando todo el tiempo\u2026\u201d, dice un fragmento de la canci\u00f3n.<\/p><\/blockquote>\n<p>Mira el video:<\/p>\n<p><iframe loading=\"lazy\" width=\"1170\" height=\"658\" src=\"https:\/\/www.youtube.com\/embed\/DxY5ugVDPW0?wmode=transparent&amp;rel=0&amp;feature=oembed\" frameborder=\"0\" allow=\"accelerometer; autoplay; encrypted-media; gyroscope; picture-in-picture\" allowfullscreen><\/iframe><\/p>\n<p>Cabe destacar, que Los Akiles se presentar\u00e1n en <strong>La Invasi\u00f3n del Corrido 2019,<\/strong> el 12 de Octubre en el magnifico Microsoft Theater en donde compartir\u00e1n escenario con grandes agrupaciones del regional mexicano y artistas de la talla de Adriel Favela y Carin Le\u00f3n, entre otros.<\/p>\n<blockquote class=\"instagram-media\" style=\"background: #FFF; border: 0; border-radius: 3px; box-shadow: 0 0 1px 0 rgba(0,0,0,0.5),0 1px 10px 0 rgba(0,0,0,0.15); margin: 1px; max-width: 540px; min-width: 326px; padding: 0; width: calc(100% - 2px);\" data-instgrm-captioned=\"\" data-instgrm-permalink=\"https:\/\/www.instagram.com\/p\/B0hVjUzBcr2\/\" data-instgrm-version=\"12\">\n<div style=\"padding: 16px;\">\n<p>&nbsp;<\/p>\n<div style=\"display: flex; flex-direction: row; align-items: center;\">\n<div style=\"background-color: #f4f4f4; border-radius: 50%; flex-grow: 0; height: 40px; margin-right: 14px; width: 40px;\"><\/div>\n<div style=\"display: flex; flex-direction: column; flex-grow: 1; justify-content: center;\">\n<div style=\"background-color: #f4f4f4; border-radius: 4px; flex-grow: 0; height: 14px; margin-bottom: 6px; width: 100px;\"><\/div>\n<div style=\"background-color: #f4f4f4; border-radius: 4px; flex-grow: 0; height: 14px; width: 60px;\"><\/div>\n<\/div>\n<\/div>\n<div style=\"padding: 19% 0;\"><\/div>\n<div style=\"display: block; height: 50px; margin: 0 auto 12px; width: 50px;\"><\/div>\n<div style=\"padding-top: 8px;\">\n<div style=\"color: #3897f0; font-family: Arial,sans-serif; font-size: 14px; font-style: normal; font-weight: 550; line-height: 18px;\">Ver esta publicaci\u00f3n en Instagram<\/div>\n<\/div>\n<div style=\"padding: 12.5% 0;\"><\/div>\n<div style=\"display: flex; flex-direction: row; margin-bottom: 14px; align-items: center;\">\n<div>\n<div style=\"background-color: #f4f4f4; border-radius: 50%; height: 12.5px; width: 12.5px; transform: translateX(0px) translateY(7px);\"><\/div>\n<div style=\"background-color: #f4f4f4; height: 12.5px; transform: rotate(-45deg) translateX(3px) translateY(1px); width: 12.5px; flex-grow: 0; margin-right: 14px; margin-left: 2px;\"><\/div>\n<div style=\"background-color: #f4f4f4; border-radius: 50%; height: 12.5px; width: 12.5px; transform: translateX(9px) translateY(-18px);\"><\/div>\n<\/div>\n<div style=\"margin-left: 8px;\">\n<div style=\"background-color: #f4f4f4; border-radius: 50%; flex-grow: 0; height: 20px; width: 20px;\"><\/div>\n<div style=\"width: 0; height: 0; border-top: 2px solid transparent; border-left: 6px solid #f4f4f4; border-bottom: 2px solid transparent; transform: translateX(16px) translateY(-4px) rotate(30deg);\"><\/div>\n<\/div>\n<div style=\"margin-left: auto;\">\n<div style=\"width: 0px; border-top: 8px solid #F4F4F4; border-right: 8px solid transparent; transform: translateY(16px);\"><\/div>\n<div style=\"background-color: #f4f4f4; flex-grow: 0; height: 12px; width: 16px; transform: translateY(-4px);\"><\/div>\n<div style=\"width: 0; height: 0; border-top: 8px solid #F4F4F4; border-left: 8px solid transparent; transform: translateY(-4px) translateX(8px);\"><\/div>\n<\/div>\n<\/div>\n<p>&nbsp;<\/p>\n<p style=\"margin: 8px 0 0 0; padding: 0 4px;\"><a style=\"color: #000; font-family: Arial,sans-serif; font-size: 14px; font-style: normal; font-weight: normal; line-height: 17px; text-decoration: none; word-wrap: break-word;\" href=\"https:\/\/www.instagram.com\/p\/B0hVjUzBcr2\/\" target=\"_blank\" rel=\"noopener\">Regresamos Al @mstheater de Los Angeles este 12 de Octubre para #invasiondelcorridos2019 junto a @carinleonoficial @adrielfavela @grupofirme @jesuschairez y muchos muchos mas! Nos Vemos Raza #youknow #loimperfecto #losakiles2019 #akileando #viajeverde #corridosverdes #invasiondelcorrido #laquebuena #microsofttheater #losangeles #arpamusic #pepegarza #carinleon #grupofirme #adrielfavela<\/a><\/p>\n<p style=\"color: #c9c8cd; font-family: Arial,sans-serif; font-size: 14px; line-height: 17px; margin-bottom: 0; margin-top: 8px; overflow: hidden; padding: 8px 0 7px; text-align: center; text-overflow: ellipsis; white-space: nowrap;\">Una publicaci\u00f3n compartida de <a style=\"color: #c9c8cd; font-family: Arial,sans-serif; font-size: 14px; font-style: normal; font-weight: normal; line-height: 17px;\" href=\"https:\/\/www.instagram.com\/losakilesoficial\/\" target=\"_blank\" rel=\"noopener\"> Los Akiles ?\u2694<\/a> (@losakilesoficial) el <time style=\"font-family: Arial,sans-serif; font-size: 14px; line-height: 17px;\" datetime=\"2019-07-30T00:32:00+00:00\">29 Jul, 2019 a las 5:32 PDT<\/time><\/p>\n<\/div>\n<\/blockquote>\n<p><script async src=\"\/\/www.instagram.com\/embed.js\"><\/script><\/p>\n<p>Para conocer m\u00e1s sobre esta agrupaci\u00f3n, puedes seguirlos a trav\u00e9s de sus redes sociales como <a href=\"https:\/\/www.facebook.com\/losakilesoficial\/\">Facebook<\/a>\u00a0 e <a href=\"https:\/\/www.instagram.com\/losakilesoficial\/\">Instagram<\/a>.<\/p>\n","protected":false},"excerpt":{"rendered":"<p>La agrupaci\u00f3n Los Akiles sigue en pie conquistando a su p\u00fablico con el estreno de su m\u00e1s reciente sencillo \u201cLo imperfecto\u201d, el cual ya se encuentra disponible en las plataformas digitales, en donde el n\u00famero de descargas y reproducciones refleja su gran aceptaci\u00f3n por parte del p\u00fablico. Este nuevo sencillo compuesto por Juan Pacas y [&hellip;]<\/p>\n","protected":false},"author":8,"featured_media":9612,"comment_status":"open","ping_status":"closed","sticky":false,"template":"","format":"standard","meta":{"footnotes":""},"categories":[2],"tags":[1158,71,1228,137,130],"class_list":["post-9611","post","type-post","status-publish","format-standard","has-post-thumbnail","hentry","category-noticias","tag-corridos-verdes","tag-lanzamiento","tag-los-akiles","tag-nuevo-sencillo","tag-nuevo-video"],"aioseo_notices":[],"_links":{"self":[{"href":"https:\/\/rolamix.com\/espectaculos\/wp-json\/wp\/v2\/posts\/9611","targetHints":{"allow":["GET"]}}],"collection":[{"href":"https:\/\/rolamix.com\/espectaculos\/wp-json\/wp\/v2\/posts"}],"about":[{"href":"https:\/\/rolamix.com\/espectaculos\/wp-json\/wp\/v2\/types\/post"}],"author":[{"embeddable":true,"href":"https:\/\/rolamix.com\/espectaculos\/wp-json\/wp\/v2\/users\/8"}],"replies":[{"embeddable":true,"href":"https:\/\/rolamix.com\/espectaculos\/wp-json\/wp\/v2\/comments?post=9611"}],"version-history":[{"count":0,"href":"https:\/\/rolamix.com\/espectaculos\/wp-json\/wp\/v2\/posts\/9611\/revisions"}],"wp:featuredmedia":[{"embeddable":true,"href":"https:\/\/rolamix.com\/espectaculos\/wp-json\/wp\/v2\/media\/9612"}],"wp:attachment":[{"href":"https:\/\/rolamix.com\/espectaculos\/wp-json\/wp\/v2\/media?parent=9611"}],"wp:term":[{"taxonomy":"category","embeddable":true,"href":"https:\/\/rolamix.com\/espectaculos\/wp-json\/wp\/v2\/categories?post=9611"},{"taxonomy":"post_tag","embeddable":true,"href":"https:\/\/rolamix.com\/espectaculos\/wp-json\/wp\/v2\/tags?post=9611"}],"curies":[{"name":"wp","href":"https:\/\/api.w.org\/{rel}","templated":true}]}}