{"id":9673,"date":"2019-08-15T15:18:06","date_gmt":"2019-08-15T22:18:06","guid":{"rendered":"https:\/\/rolamix.com\/espectaculos\/?p=9673"},"modified":"2019-08-15T15:18:06","modified_gmt":"2019-08-15T22:18:06","slug":"chiquis-rivera-sera-juez-en-tengo-talento-mucho-talento","status":"publish","type":"post","link":"https:\/\/rolamix.com\/espectaculos\/chiquis-rivera-sera-juez-en-tengo-talento-mucho-talento\/","title":{"rendered":"Chiquis Rivera ser\u00e1 juez en \u201cTengo talento, mucho talento\u201d"},"content":{"rendered":"<p>La nueva temporada del programa que busca estrellas del canto en la TV, llamado \u201c<strong>Tengo talento, mucho talento<\/strong>\u201d <strong>iniciar\u00e1 este 23 de septiembre<\/strong> y se ha confirmado que en el panel de jueces estar\u00e1 sentada la hija de la Diva de la banda, la reci\u00e9n casada, Chiquis Rivera.<\/p>\n<p>El Jefe de Producci\u00f3n de Estrella TV, canal que televisa el Show, expres\u00f3 la satisfacci\u00f3n que siente al poder contar con la artista de quien se refiri\u00f3 como \u201c<strong>reconocida, querida y talentosa en el mundo del espect\u00e1culo hispano<\/strong>\u201d. \u00a0Ivan Stoilkovich\u00a0 tambi\u00e9n dijo que Chiquis tiene esa \u201cChispa\u201d que estaba seguro, mantendr\u00eda a la audiencia interesada en el programa.<\/p>\n<p>Cabe resaltar que, su madre, la conocida y admirada Jenni Rivera quien falleci\u00f3 hace siete a\u00f1os, tambi\u00e9n particip\u00f3 como Juez del Show en el a\u00f1o 2012. Ahora, Chiquis igualmente tendr\u00e1 esta oportunidad, demostrando una vez m\u00e1s que <strong>sigue los pasos de su madre<\/strong> en el medio art\u00edstico.<\/p>\n<p>Chiquis Rivera ha demostrado tener talento, siendo considerada una cantante del regional mexicano con un carisma \u00fanico, causando ahora <strong>sensaci\u00f3n en el reality The Riveras<\/strong>. Pero recordemos que, la trayectoria art\u00edstica de Chiquis despeg\u00f3 a comienzos del 2014 al presentar \u201cPaloma blanca\u201d el primer sencillo de la cantante, el cual dedic\u00f3 a su madre.<\/p>\n<blockquote class=\"instagram-media\" style=\"background: #FFF; border: 0; border-radius: 3px; box-shadow: 0 0 1px 0 rgba(0,0,0,0.5),0 1px 10px 0 rgba(0,0,0,0.15); margin: 1px; max-width: 540px; min-width: 326px; padding: 0; width: calc(100% - 2px);\" data-instgrm-captioned=\"\" data-instgrm-permalink=\"https:\/\/www.instagram.com\/p\/B0hy-nrnt38\/\" data-instgrm-version=\"12\">\n<div style=\"padding: 16px;\">\n<p>&nbsp;<\/p>\n<div style=\"display: flex; flex-direction: row; align-items: center;\">\n<div style=\"background-color: #f4f4f4; border-radius: 50%; flex-grow: 0; height: 40px; margin-right: 14px; width: 40px;\"><\/div>\n<div style=\"display: flex; flex-direction: column; flex-grow: 1; justify-content: center;\">\n<div style=\"background-color: #f4f4f4; border-radius: 4px; flex-grow: 0; height: 14px; margin-bottom: 6px; width: 100px;\"><\/div>\n<div style=\"background-color: #f4f4f4; border-radius: 4px; flex-grow: 0; height: 14px; width: 60px;\"><\/div>\n<\/div>\n<\/div>\n<div style=\"padding: 19% 0;\"><\/div>\n<div style=\"display: block; height: 50px; margin: 0 auto 12px; width: 50px;\"><\/div>\n<div style=\"padding-top: 8px;\">\n<div style=\"color: #3897f0; font-family: Arial,sans-serif; font-size: 14px; font-style: normal; font-weight: 550; line-height: 18px;\">Ver esta publicaci\u00f3n en Instagram<\/div>\n<\/div>\n<div style=\"padding: 12.5% 0;\"><\/div>\n<div style=\"display: flex; flex-direction: row; margin-bottom: 14px; align-items: center;\">\n<div>\n<div style=\"background-color: #f4f4f4; border-radius: 50%; height: 12.5px; width: 12.5px; transform: translateX(0px) translateY(7px);\"><\/div>\n<div style=\"background-color: #f4f4f4; height: 12.5px; transform: rotate(-45deg) translateX(3px) translateY(1px); width: 12.5px; flex-grow: 0; margin-right: 14px; margin-left: 2px;\"><\/div>\n<div style=\"background-color: #f4f4f4; border-radius: 50%; height: 12.5px; width: 12.5px; transform: translateX(9px) translateY(-18px);\"><\/div>\n<\/div>\n<div style=\"margin-left: 8px;\">\n<div style=\"background-color: #f4f4f4; border-radius: 50%; flex-grow: 0; height: 20px; width: 20px;\"><\/div>\n<div style=\"width: 0; height: 0; border-top: 2px solid transparent; border-left: 6px solid #f4f4f4; border-bottom: 2px solid transparent; transform: translateX(16px) translateY(-4px) rotate(30deg);\"><\/div>\n<\/div>\n<div style=\"margin-left: auto;\">\n<div style=\"width: 0px; border-top: 8px solid #F4F4F4; border-right: 8px solid transparent; transform: translateY(16px);\"><\/div>\n<div style=\"background-color: #f4f4f4; flex-grow: 0; height: 12px; width: 16px; transform: translateY(-4px);\"><\/div>\n<div style=\"width: 0; height: 0; border-top: 8px solid #F4F4F4; border-left: 8px solid transparent; transform: translateY(-4px) translateX(8px);\"><\/div>\n<\/div>\n<\/div>\n<p>&nbsp;<\/p>\n<p style=\"margin: 8px 0 0 0; padding: 0 4px;\"><a style=\"color: #000; font-family: Arial,sans-serif; font-size: 14px; font-style: normal; font-weight: normal; line-height: 17px; text-decoration: none; word-wrap: break-word;\" href=\"https:\/\/www.instagram.com\/p\/B0hy-nrnt38\/\" target=\"_blank\" rel=\"noopener\">? \u201cAparentemente Bien\u201d ?\u2764\ufe0f @fashionnova . . . #TheRiveras #FashionNova #NovaBabe #Season4 #Sparkle #OOTN<\/a><\/p>\n<p style=\"color: #c9c8cd; font-family: Arial,sans-serif; font-size: 14px; line-height: 17px; margin-bottom: 0; margin-top: 8px; overflow: hidden; padding: 8px 0 7px; text-align: center; text-overflow: ellipsis; white-space: nowrap;\">Una publicaci\u00f3n compartida de <a style=\"color: #c9c8cd; font-family: Arial,sans-serif; font-size: 14px; font-style: normal; font-weight: normal; line-height: 17px;\" href=\"https:\/\/www.instagram.com\/chiquis\/\" target=\"_blank\" rel=\"noopener\"> CHIQUIS<\/a> (@chiquis) el <time style=\"font-family: Arial,sans-serif; font-size: 14px; line-height: 17px;\" datetime=\"2019-07-30T04:49:08+00:00\">29 Jul, 2019 a las 9:49 PDT<\/time><\/p>\n<\/div>\n<\/blockquote>\n<p style=\"text-align: center;\"><script async src=\"\/\/www.instagram.com\/embed.js\"><\/script><\/p>\n<p>Desde entonces, Chiquis se ha mantenido ocupada con varios proyectos, lanzando su primer \u00e1lbum en junio del 2015, siendo este n\u00famero 1 en la lista de la m\u00fasica del regional mexicano de acuerdo a la revista <strong>Billboard<\/strong>. En el mismo a\u00f1o de su primera producci\u00f3n discogr\u00e1fica, <strong>public\u00f3 su libro <\/strong>\u201c<strong>Perd\u00f3n<\/strong>\u201d y tres a\u00f1os despu\u00e9s, laz\u00f3 su segundo \u00e1lbum \u201cEntre botellas\u201d.<\/p>\n<p>De esta manera, Chiquis se ha ganado el reconocimiento y cari\u00f1o del p\u00fablico que ha podido presenciar como <strong>se ha forjado una carrera <\/strong>que le ha dado un buen lugar dentro del estilo musical en el que su madre, se alz\u00f3 como una figura que traspas\u00f3 las fronteras del pa\u00eds para posicionarse en los mejores lugares a nivel nacional e internacional.<\/p>\n<blockquote class=\"instagram-media\" style=\"background: #FFF; border: 0; border-radius: 3px; box-shadow: 0 0 1px 0 rgba(0,0,0,0.5),0 1px 10px 0 rgba(0,0,0,0.15); margin: 1px; max-width: 540px; min-width: 326px; padding: 0; width: calc(100% - 2px);\" data-instgrm-captioned=\"\" data-instgrm-permalink=\"https:\/\/www.instagram.com\/p\/BzPU_7Nnz1A\/\" data-instgrm-version=\"12\">\n<div style=\"padding: 16px;\">\n<p>&nbsp;<\/p>\n<div style=\"display: flex; flex-direction: row; align-items: center;\">\n<div style=\"background-color: #f4f4f4; border-radius: 50%; flex-grow: 0; height: 40px; margin-right: 14px; width: 40px;\"><\/div>\n<div style=\"display: flex; flex-direction: column; flex-grow: 1; justify-content: center;\">\n<div style=\"background-color: #f4f4f4; border-radius: 4px; flex-grow: 0; height: 14px; margin-bottom: 6px; width: 100px;\"><\/div>\n<div style=\"background-color: #f4f4f4; border-radius: 4px; flex-grow: 0; height: 14px; width: 60px;\"><\/div>\n<\/div>\n<\/div>\n<div style=\"padding: 19% 0;\"><\/div>\n<div style=\"display: block; height: 50px; margin: 0 auto 12px; width: 50px;\"><\/div>\n<div style=\"padding-top: 8px;\">\n<div style=\"color: #3897f0; font-family: Arial,sans-serif; font-size: 14px; font-style: normal; font-weight: 550; line-height: 18px;\">Ver esta publicaci\u00f3n en Instagram<\/div>\n<\/div>\n<div style=\"padding: 12.5% 0;\"><\/div>\n<div style=\"display: flex; flex-direction: row; margin-bottom: 14px; align-items: center;\">\n<div>\n<div style=\"background-color: #f4f4f4; border-radius: 50%; height: 12.5px; width: 12.5px; transform: translateX(0px) translateY(7px);\"><\/div>\n<div style=\"background-color: #f4f4f4; height: 12.5px; transform: rotate(-45deg) translateX(3px) translateY(1px); width: 12.5px; flex-grow: 0; margin-right: 14px; margin-left: 2px;\"><\/div>\n<div style=\"background-color: #f4f4f4; border-radius: 50%; height: 12.5px; width: 12.5px; transform: translateX(9px) translateY(-18px);\"><\/div>\n<\/div>\n<div style=\"margin-left: 8px;\">\n<div style=\"background-color: #f4f4f4; border-radius: 50%; flex-grow: 0; height: 20px; width: 20px;\"><\/div>\n<div style=\"width: 0; height: 0; border-top: 2px solid transparent; border-left: 6px solid #f4f4f4; border-bottom: 2px solid transparent; transform: translateX(16px) translateY(-4px) rotate(30deg);\"><\/div>\n<\/div>\n<div style=\"margin-left: auto;\">\n<div style=\"width: 0px; border-top: 8px solid #F4F4F4; border-right: 8px solid transparent; transform: translateY(16px);\"><\/div>\n<div style=\"background-color: #f4f4f4; flex-grow: 0; height: 12px; width: 16px; transform: translateY(-4px);\"><\/div>\n<div style=\"width: 0; height: 0; border-top: 8px solid #F4F4F4; border-left: 8px solid transparent; transform: translateY(-4px) translateX(8px);\"><\/div>\n<\/div>\n<\/div>\n<p>&nbsp;<\/p>\n<p style=\"margin: 8px 0 0 0; padding: 0 4px;\"><a style=\"color: #000; font-family: Arial,sans-serif; font-size: 14px; font-style: normal; font-weight: normal; line-height: 17px; text-decoration: none; word-wrap: break-word;\" href=\"https:\/\/www.instagram.com\/p\/BzPU_7Nnz1A\/\" target=\"_blank\" rel=\"noopener\">\u00a1 Mi gente ya est\u00e1 disponible mi nuevo baby #AnimateYVeras ! Espero les guste mucho ? | Link In Bio | #AYV #UniversalMusic #Fonovisa<\/a><\/p>\n<p style=\"color: #c9c8cd; font-family: Arial,sans-serif; font-size: 14px; line-height: 17px; margin-bottom: 0; margin-top: 8px; overflow: hidden; padding: 8px 0 7px; text-align: center; text-overflow: ellipsis; white-space: nowrap;\">Una publicaci\u00f3n compartida de <a style=\"color: #c9c8cd; font-family: Arial,sans-serif; font-size: 14px; font-style: normal; font-weight: normal; line-height: 17px;\" href=\"https:\/\/www.instagram.com\/chiquis\/\" target=\"_blank\" rel=\"noopener\"> CHIQUIS<\/a> (@chiquis) el <time style=\"font-family: Arial,sans-serif; font-size: 14px; line-height: 17px;\" datetime=\"2019-06-28T04:11:54+00:00\">27 Jun, 2019 a las 9:11 PDT<\/time><\/p>\n<\/div>\n<\/blockquote>\n<p><script async src=\"\/\/www.instagram.com\/embed.js\"><\/script><\/p>\n<p><strong>Quiz\u00e1s tambi\u00e9n te interese leer:\u00a0<\/strong><a href=\"https:\/\/rolamix.com\/espectaculos\/jenni-rivera-presentia-su-muerte-y-en-su-ultimo-concierto-lo-evidencio\/\">Jenni Rivera Present\u00eda Su Muerte Y En Su \u00daltimo Concierto Lo Evidenci\u00f3<\/a><\/p>\n<p>Ahora, Chiquis compartir\u00e1 junto a Pepe Garza, Ana B\u00e1rbara y Don Cheto la experiencia de ser juez en el exitoso programa \u201c<strong>Tengo talento, mucho talento<\/strong>\u201d \u00a0el cual tiene como fin, buscar a la pr\u00f3xima estrella latina que tendr\u00e1 el apoyo de iniciar su carrera con el respaldo de Estrella TV, adem\u00e1s del premio de $100,000.<\/p>\n<p>Para esto, el programa realiza la b\u00fasqueda de los participantes a trav\u00e9s de una gran cantidad de audiciones en toda la <strong>Uni\u00f3n Americana<\/strong>.<\/p>\n","protected":false},"excerpt":{"rendered":"<p>La nueva temporada del programa que busca estrellas del canto en la TV, llamado \u201cTengo talento, mucho talento\u201d iniciar\u00e1 este 23 de septiembre y se ha confirmado que en el panel de jueces estar\u00e1 sentada la hija de la Diva de la banda, la reci\u00e9n casada, Chiquis Rivera. El Jefe de Producci\u00f3n de Estrella TV, [&hellip;]<\/p>\n","protected":false},"author":10,"featured_media":9675,"comment_status":"open","ping_status":"closed","sticky":false,"template":"","format":"standard","meta":{"footnotes":""},"categories":[2],"tags":[],"class_list":["post-9673","post","type-post","status-publish","format-standard","has-post-thumbnail","hentry","category-noticias"],"aioseo_notices":[],"_links":{"self":[{"href":"https:\/\/rolamix.com\/espectaculos\/wp-json\/wp\/v2\/posts\/9673","targetHints":{"allow":["GET"]}}],"collection":[{"href":"https:\/\/rolamix.com\/espectaculos\/wp-json\/wp\/v2\/posts"}],"about":[{"href":"https:\/\/rolamix.com\/espectaculos\/wp-json\/wp\/v2\/types\/post"}],"author":[{"embeddable":true,"href":"https:\/\/rolamix.com\/espectaculos\/wp-json\/wp\/v2\/users\/10"}],"replies":[{"embeddable":true,"href":"https:\/\/rolamix.com\/espectaculos\/wp-json\/wp\/v2\/comments?post=9673"}],"version-history":[{"count":0,"href":"https:\/\/rolamix.com\/espectaculos\/wp-json\/wp\/v2\/posts\/9673\/revisions"}],"wp:featuredmedia":[{"embeddable":true,"href":"https:\/\/rolamix.com\/espectaculos\/wp-json\/wp\/v2\/media\/9675"}],"wp:attachment":[{"href":"https:\/\/rolamix.com\/espectaculos\/wp-json\/wp\/v2\/media?parent=9673"}],"wp:term":[{"taxonomy":"category","embeddable":true,"href":"https:\/\/rolamix.com\/espectaculos\/wp-json\/wp\/v2\/categories?post=9673"},{"taxonomy":"post_tag","embeddable":true,"href":"https:\/\/rolamix.com\/espectaculos\/wp-json\/wp\/v2\/tags?post=9673"}],"curies":[{"name":"wp","href":"https:\/\/api.w.org\/{rel}","templated":true}]}}