{"id":9868,"date":"2019-08-23T16:55:29","date_gmt":"2019-08-23T23:55:29","guid":{"rendered":"https:\/\/rolamix.com\/espectaculos\/?p=9868"},"modified":"2019-08-23T16:57:20","modified_gmt":"2019-08-23T23:57:20","slug":"remmy-valenzuela-decepcionado-de-su-casa-disquera-reclama-en-las-redes-sociales","status":"publish","type":"post","link":"https:\/\/rolamix.com\/espectaculos\/remmy-valenzuela-decepcionado-de-su-casa-disquera-reclama-en-las-redes-sociales\/","title":{"rendered":"Remmy Valenzuela decepcionado de su Compa\u00f1\u00eda discogr\u00e1fica, reclama en las redes sociales"},"content":{"rendered":"<p>\u201cDejemos por fuera las empresas malas, h\u00e1ganse independientes plebes\u201d. Son palabras del cantautor <strong>Remmy Valenzuela<\/strong>, quien se encuentra disgustado con su <strong>casa disquera Universal Music Group,<\/strong> por no prestar la colaboraci\u00f3n que esperaban en el lanzamiento de su m\u00e1s reciente disco \u201c80% M\u00edo\u201d.<\/p>\n<p>Cabe destacar, que el joven exponente del g\u00e9nero Norte\u00f1o Banda quien desde ni\u00f1o se enamor\u00f3 de la m\u00fasica, comenz\u00f3 su carrera musical formalmente hace 6 a\u00f1os bajo el sello disquero Fonovisa y gracias a sus trabajos musicales que obtuvieron popularidad r\u00e1pidamente al ubicarse en los primeros lugares y ser acreedores de nominaciones en los Latin American Music Awards y Latin Grammy Awards, el artista logr\u00f3 ser reconocido ampliamente en el g\u00e9nero <strong>regional mexicano, <\/strong><\/p>\n<p>Ahora \u201cEl Pr\u00edncipe del Acorde\u00f3n\u201d ven\u00eda trabajando con la disquera Universal Music en la producci\u00f3n de su actual <strong>\u00e1lbum \u201c80% M\u00edo\u201d, <\/strong>el cual se compone de 13 temas; algunos compuestos por \u00e9l y otros con la participaci\u00f3n de \u00a0grandes artistas como Joss Favela, Espinoza Paz, entre otros.<\/p>\n<blockquote class=\"instagram-media\" style=\"background: #FFF; border: 0; border-radius: 3px; box-shadow: 0 0 1px 0 rgba(0,0,0,0.5),0 1px 10px 0 rgba(0,0,0,0.15); margin: 1px; max-width: 540px; min-width: 326px; padding: 0; width: calc(100% - 2px);\" data-instgrm-captioned=\"\" data-instgrm-permalink=\"https:\/\/www.instagram.com\/p\/BwuaDFcFym3\/\" data-instgrm-version=\"12\">\n<div style=\"padding: 16px;\">\n<p>&nbsp;<\/p>\n<div style=\"display: flex; flex-direction: row; align-items: center;\">\n<div style=\"background-color: #f4f4f4; border-radius: 50%; flex-grow: 0; height: 40px; margin-right: 14px; width: 40px;\"><\/div>\n<div style=\"display: flex; flex-direction: column; flex-grow: 1; justify-content: center;\">\n<div style=\"background-color: #f4f4f4; border-radius: 4px; flex-grow: 0; height: 14px; margin-bottom: 6px; width: 100px;\"><\/div>\n<div style=\"background-color: #f4f4f4; border-radius: 4px; flex-grow: 0; height: 14px; width: 60px;\"><\/div>\n<\/div>\n<\/div>\n<div style=\"padding: 19% 0;\"><\/div>\n<div style=\"display: block; height: 50px; margin: 0 auto 12px; width: 50px;\"><\/div>\n<div style=\"padding-top: 8px;\">\n<div style=\"color: #3897f0; font-family: Arial,sans-serif; font-size: 14px; font-style: normal; font-weight: 550; line-height: 18px;\">Ver esta publicaci\u00f3n en Instagram<\/div>\n<\/div>\n<div style=\"padding: 12.5% 0;\"><\/div>\n<div style=\"display: flex; flex-direction: row; margin-bottom: 14px; align-items: center;\">\n<div>\n<div style=\"background-color: #f4f4f4; border-radius: 50%; height: 12.5px; width: 12.5px; transform: translateX(0px) translateY(7px);\"><\/div>\n<div style=\"background-color: #f4f4f4; height: 12.5px; transform: rotate(-45deg) translateX(3px) translateY(1px); width: 12.5px; flex-grow: 0; margin-right: 14px; margin-left: 2px;\"><\/div>\n<div style=\"background-color: #f4f4f4; border-radius: 50%; height: 12.5px; width: 12.5px; transform: translateX(9px) translateY(-18px);\"><\/div>\n<\/div>\n<div style=\"margin-left: 8px;\">\n<div style=\"background-color: #f4f4f4; border-radius: 50%; flex-grow: 0; height: 20px; width: 20px;\"><\/div>\n<div style=\"width: 0; height: 0; border-top: 2px solid transparent; border-left: 6px solid #f4f4f4; border-bottom: 2px solid transparent; transform: translateX(16px) translateY(-4px) rotate(30deg);\"><\/div>\n<\/div>\n<div style=\"margin-left: auto;\">\n<div style=\"width: 0px; border-top: 8px solid #F4F4F4; border-right: 8px solid transparent; transform: translateY(16px);\"><\/div>\n<div style=\"background-color: #f4f4f4; flex-grow: 0; height: 12px; width: 16px; transform: translateY(-4px);\"><\/div>\n<div style=\"width: 0; height: 0; border-top: 8px solid #F4F4F4; border-left: 8px solid transparent; transform: translateY(-4px) translateX(8px);\"><\/div>\n<\/div>\n<\/div>\n<p>&nbsp;<\/p>\n<p style=\"margin: 8px 0 0 0; padding: 0 4px;\"><a style=\"color: #000; font-family: Arial,sans-serif; font-size: 14px; font-style: normal; font-weight: normal; line-height: 17px; text-decoration: none; word-wrap: break-word;\" href=\"https:\/\/www.instagram.com\/p\/BwuaDFcFym3\/\" target=\"_blank\" rel=\"noopener\">No saben la emoci\u00f3n que siento de poder por fin compartirles nueva m\u00fasica , nuevas letras , nuevas emociones; Estoy tan emocionado , tanto tiempo plane\u00e1ndolo y sobre todo cuanto tiempo grabando, tantos sabores, colores y sobre todo la magia que lleva escondida dentro este nuevo \u00e1lbum. Agradecido infinitamente con Dios por hacerme este disco realidad , por darme la paciencia y sobre todo fe, a mis club de fans que me han esperado y apoyado siempre que disfrutan la m\u00fasica al igual que yo en cada concierto y en cada canci\u00f3n dentro o fuera del escenario , a todos los colegas m\u00fasicos que participaron en este disco al igual que los compositores agradecido por prestarnos una parte de su esencia , gracias a todos por lograrlo y ayudarme en mis sue\u00f1os y metas , despu\u00e9s de casi cuatro a\u00f1os sin un \u00e1lbum en la calle cr\u00e9anme que esto es emocionante y sobre todo lo m\u00e1s importante como cantautor , es la primera vez que lleva tantas canciones m\u00edas un disco y me ah costado mucho trabajado seleccionarlas, hice mil cambios puse nuevas , puse viejas Pero al final de cuentas creo haber estado en lo correcto, amo mi publico , amo la m\u00fasica y esto es para ustedes espero y lo disfruten como yo #remmyvalenzuela<\/a><\/p>\n<p style=\"color: #c9c8cd; font-family: Arial,sans-serif; font-size: 14px; line-height: 17px; margin-bottom: 0; margin-top: 8px; overflow: hidden; padding: 8px 0 7px; text-align: center; text-overflow: ellipsis; white-space: nowrap;\">Una publicaci\u00f3n compartida de <a style=\"color: #c9c8cd; font-family: Arial,sans-serif; font-size: 14px; font-style: normal; font-weight: normal; line-height: 17px;\" href=\"https:\/\/www.instagram.com\/remmyvalenzuela\/\" target=\"_blank\" rel=\"noopener\"> Remmy Valenzuela<\/a> (@remmyvalenzuela) el <time style=\"font-family: Arial,sans-serif; font-size: 14px; line-height: 17px;\" datetime=\"2019-04-26T16:15:50+00:00\">26 Abr, 2019 a las 9:15 PDT<\/time><\/p>\n<\/div>\n<\/blockquote>\n<p><script async src=\"\/\/www.instagram.com\/embed.js\"><\/script><\/p>\n<blockquote><p>\u201c(\u2026) tiene muchas cosas muy interesantes, muy bonitas, que me gustar\u00eda explicarle a mi p\u00fablico, para que me entendieran c\u00f3mo he creado este \u00e1lbum, como he puesto mil cosas plasmadas en las letras\u201d, expres\u00f3 Valenzuela.<\/p><\/blockquote>\n<p>Estas fueron algunas de las palabras de Remmy en una transmisi\u00f3n mediante su IGTV, en donde revel\u00f3 que se encontraba muy emocionado por su nuevo disco, pero al mismo tiempo se le vio <strong>lleno de disgusto, impotencia y decepci\u00f3n por no contar con discos f\u00edsicos<\/strong> por culpa de la disquera Universal Music que no se los envi\u00f3 y tampoco le prest\u00f3 apoyo en el proceso de su lanzamiento.<\/p>\n<blockquote class=\"instagram-media\" style=\"background: #FFF; border: 0; border-radius: 3px; box-shadow: 0 0 1px 0 rgba(0,0,0,0.5),0 1px 10px 0 rgba(0,0,0,0.15); margin: 1px; max-width: 540px; min-width: 326px; padding: 0; width: calc(100% - 2px);\" data-instgrm-captioned=\"\" data-instgrm-permalink=\"https:\/\/www.instagram.com\/tv\/B1ZH3iplEKo\/\" data-instgrm-version=\"12\">\n<div style=\"padding: 16px;\">\n<p>&nbsp;<\/p>\n<div style=\"display: flex; flex-direction: row; align-items: center;\">\n<div style=\"background-color: #f4f4f4; border-radius: 50%; flex-grow: 0; height: 40px; margin-right: 14px; width: 40px;\"><\/div>\n<div style=\"display: flex; flex-direction: column; flex-grow: 1; justify-content: center;\">\n<div style=\"background-color: #f4f4f4; border-radius: 4px; flex-grow: 0; height: 14px; margin-bottom: 6px; width: 100px;\"><\/div>\n<div style=\"background-color: #f4f4f4; border-radius: 4px; flex-grow: 0; height: 14px; width: 60px;\"><\/div>\n<\/div>\n<\/div>\n<div style=\"padding: 19% 0;\"><\/div>\n<div style=\"display: block; height: 50px; margin: 0 auto 12px; width: 50px;\"><\/div>\n<div style=\"padding-top: 8px;\">\n<div style=\"color: #3897f0; font-family: Arial,sans-serif; font-size: 14px; font-style: normal; font-weight: 550; line-height: 18px;\">Ver esta publicaci\u00f3n en Instagram<\/div>\n<\/div>\n<div style=\"padding: 12.5% 0;\"><\/div>\n<div style=\"display: flex; flex-direction: row; margin-bottom: 14px; align-items: center;\">\n<div>\n<div style=\"background-color: #f4f4f4; border-radius: 50%; height: 12.5px; width: 12.5px; transform: translateX(0px) translateY(7px);\"><\/div>\n<div style=\"background-color: #f4f4f4; height: 12.5px; transform: rotate(-45deg) translateX(3px) translateY(1px); width: 12.5px; flex-grow: 0; margin-right: 14px; margin-left: 2px;\"><\/div>\n<div style=\"background-color: #f4f4f4; border-radius: 50%; height: 12.5px; width: 12.5px; transform: translateX(9px) translateY(-18px);\"><\/div>\n<\/div>\n<div style=\"margin-left: 8px;\">\n<div style=\"background-color: #f4f4f4; border-radius: 50%; flex-grow: 0; height: 20px; width: 20px;\"><\/div>\n<div style=\"width: 0; height: 0; border-top: 2px solid transparent; border-left: 6px solid #f4f4f4; border-bottom: 2px solid transparent; transform: translateX(16px) translateY(-4px) rotate(30deg);\"><\/div>\n<\/div>\n<div style=\"margin-left: auto;\">\n<div style=\"width: 0px; border-top: 8px solid #F4F4F4; border-right: 8px solid transparent; transform: translateY(16px);\"><\/div>\n<div style=\"background-color: #f4f4f4; flex-grow: 0; height: 12px; width: 16px; transform: translateY(-4px);\"><\/div>\n<div style=\"width: 0; height: 0; border-top: 8px solid #F4F4F4; border-left: 8px solid transparent; transform: translateY(-4px) translateX(8px);\"><\/div>\n<\/div>\n<\/div>\n<p>&nbsp;<\/p>\n<p style=\"margin: 8px 0 0 0; padding: 0 4px;\"><a style=\"color: #000; font-family: Arial,sans-serif; font-size: 14px; font-style: normal; font-weight: normal; line-height: 17px; text-decoration: none; word-wrap: break-word;\" href=\"https:\/\/www.instagram.com\/tv\/B1ZH3iplEKo\/\" target=\"_blank\" rel=\"noopener\">El publico decide y nuestra m\u00fasica es de ustedes y para ustedes , no de @universalmusica ????????<\/a><\/p>\n<p style=\"color: #c9c8cd; font-family: Arial,sans-serif; font-size: 14px; line-height: 17px; margin-bottom: 0; margin-top: 8px; overflow: hidden; padding: 8px 0 7px; text-align: center; text-overflow: ellipsis; white-space: nowrap;\">Una publicaci\u00f3n compartida de <a style=\"color: #c9c8cd; font-family: Arial,sans-serif; font-size: 14px; font-style: normal; font-weight: normal; line-height: 17px;\" href=\"https:\/\/www.instagram.com\/remmyvalenzuela\/\" target=\"_blank\" rel=\"noopener\"> Remmy Valenzuela<\/a> (@remmyvalenzuela) el <time style=\"font-family: Arial,sans-serif; font-size: 14px; line-height: 17px;\" datetime=\"2019-08-20T16:32:45+00:00\">20 Ago, 2019 a las 9:32 PDT<\/time><\/p>\n<\/div>\n<\/blockquote>\n<p><script async src=\"\/\/www.instagram.com\/embed.js\"><\/script><\/p>\n<p>Quiz\u00e1s tambi\u00e9n te interese:\u00a0<a href=\"https:\/\/rolamix.com\/espectaculos\/mexicano-si-senor-se-define-brandon-solano-en-su-mas-reciente-lanzamiento\/\"><span class=\"post-title\">\u201cMexicano S\u00ed Se\u00f1or\u201d Se Define Brandon Solano En Su M\u00e1s Reciente Lanzamiento<\/span><\/a><\/p>\n<p>Este material discogr\u00e1fico fue dise\u00f1ado por el cantautor sinaloense, por lo que ya sabe c\u00f3mo es. Pero durante dicha transmisi\u00f3n en Instagram, lamenta reiteradamente no poder tenerlo en sus manos para chequearlo y ver el fruto de su trabajo.<\/p>\n<p>Es por ello, que sin rodeo alguno incit\u00f3 a sus compa\u00f1eros artistas del \u00e1mbito musical a <strong>trabajar de forma independiente. <\/strong>Y es que\u00a0a pesar de ser esta compa\u00f1\u00eda disquera la segunda m\u00e1s importante del mundo, puede notarse que de alg\u00fan modo lo defraud\u00f3 y decepcion\u00f3.<\/p>\n<blockquote class=\"instagram-media\" style=\"background: #FFF; border: 0; border-radius: 3px; box-shadow: 0 0 1px 0 rgba(0,0,0,0.5),0 1px 10px 0 rgba(0,0,0,0.15); margin: 1px; max-width: 540px; min-width: 326px; padding: 0; width: calc(100% - 2px);\" data-instgrm-captioned=\"\" data-instgrm-permalink=\"https:\/\/www.instagram.com\/p\/B0bURqQF66b\/\" data-instgrm-version=\"12\">\n<div style=\"padding: 16px;\">\n<p>&nbsp;<\/p>\n<div style=\"display: flex; flex-direction: row; align-items: center;\">\n<div style=\"background-color: #f4f4f4; border-radius: 50%; flex-grow: 0; height: 40px; margin-right: 14px; width: 40px;\"><\/div>\n<div style=\"display: flex; flex-direction: column; flex-grow: 1; justify-content: center;\">\n<div style=\"background-color: #f4f4f4; border-radius: 4px; flex-grow: 0; height: 14px; margin-bottom: 6px; width: 100px;\"><\/div>\n<div style=\"background-color: #f4f4f4; border-radius: 4px; flex-grow: 0; height: 14px; width: 60px;\"><\/div>\n<\/div>\n<\/div>\n<div style=\"padding: 19% 0;\"><\/div>\n<div style=\"display: block; height: 50px; margin: 0 auto 12px; width: 50px;\"><\/div>\n<div style=\"padding-top: 8px;\">\n<div style=\"color: #3897f0; font-family: Arial,sans-serif; font-size: 14px; font-style: normal; font-weight: 550; line-height: 18px;\">Ver esta publicaci\u00f3n en Instagram<\/div>\n<\/div>\n<div style=\"padding: 12.5% 0;\"><\/div>\n<div style=\"display: flex; flex-direction: row; margin-bottom: 14px; align-items: center;\">\n<div>\n<div style=\"background-color: #f4f4f4; border-radius: 50%; height: 12.5px; width: 12.5px; transform: translateX(0px) translateY(7px);\"><\/div>\n<div style=\"background-color: #f4f4f4; height: 12.5px; transform: rotate(-45deg) translateX(3px) translateY(1px); width: 12.5px; flex-grow: 0; margin-right: 14px; margin-left: 2px;\"><\/div>\n<div style=\"background-color: #f4f4f4; border-radius: 50%; height: 12.5px; width: 12.5px; transform: translateX(9px) translateY(-18px);\"><\/div>\n<\/div>\n<div style=\"margin-left: 8px;\">\n<div style=\"background-color: #f4f4f4; border-radius: 50%; flex-grow: 0; height: 20px; width: 20px;\"><\/div>\n<div style=\"width: 0; height: 0; border-top: 2px solid transparent; border-left: 6px solid #f4f4f4; border-bottom: 2px solid transparent; transform: translateX(16px) translateY(-4px) rotate(30deg);\"><\/div>\n<\/div>\n<div style=\"margin-left: auto;\">\n<div style=\"width: 0px; border-top: 8px solid #F4F4F4; border-right: 8px solid transparent; transform: translateY(16px);\"><\/div>\n<div style=\"background-color: #f4f4f4; flex-grow: 0; height: 12px; width: 16px; transform: translateY(-4px);\"><\/div>\n<div style=\"width: 0; height: 0; border-top: 8px solid #F4F4F4; border-left: 8px solid transparent; transform: translateY(-4px) translateX(8px);\"><\/div>\n<\/div>\n<\/div>\n<p>&nbsp;<\/p>\n<p style=\"margin: 8px 0 0 0; padding: 0 4px;\"><a style=\"color: #000; font-family: Arial,sans-serif; font-size: 14px; font-style: normal; font-weight: normal; line-height: 17px; text-decoration: none; word-wrap: break-word;\" href=\"https:\/\/www.instagram.com\/p\/B0bURqQF66b\/\" target=\"_blank\" rel=\"noopener\">Haber haber haber ?? ????? #remmyvalenzuela #80%MIO<\/a><\/p>\n<p style=\"color: #c9c8cd; font-family: Arial,sans-serif; font-size: 14px; line-height: 17px; margin-bottom: 0; margin-top: 8px; overflow: hidden; padding: 8px 0 7px; text-align: center; text-overflow: ellipsis; white-space: nowrap;\">Una publicaci\u00f3n compartida de <a style=\"color: #c9c8cd; font-family: Arial,sans-serif; font-size: 14px; font-style: normal; font-weight: normal; line-height: 17px;\" href=\"https:\/\/www.instagram.com\/remmyvalenzuela\/\" target=\"_blank\" rel=\"noopener\"> Remmy Valenzuela<\/a> (@remmyvalenzuela) el <time style=\"font-family: Arial,sans-serif; font-size: 14px; line-height: 17px;\" datetime=\"2019-07-27T16:27:02+00:00\">27 Jul, 2019 a las 9:27 PDT<\/time><\/p>\n<\/div>\n<\/blockquote>\n<p><script async src=\"\/\/www.instagram.com\/embed.js\"><\/script><\/p>\n<blockquote><p>\u201c(&#8230;no tenemos esa virtud de que nuestra compa\u00f1\u00eda disquera nos proporcione discos, nos ayude un poquito con el lanzamiento, estamos liquidados con Universal\u2026\u201d<\/p><\/blockquote>\n<p>Asimismo, enfatiz\u00f3 que <strong>no puede confiarse en las empresas grandes,<\/strong> a pesar del prestigio y reconocimiento de estas disqueras, y que por su parte el internet, puede proporcionar trabajos m\u00e1s grandiosos.<\/p>\n<p>Ante esta transmisi\u00f3n, los seguidores del artista hicieron <strong>comentarios positivos<\/strong>, demostrando su apoyo al cantante y alent\u00e1ndolo a seguir adelante, pues no hay duda de que Remmy Valenzuela ya tiene un lugar firme dentro del g\u00e9nero, gracias a su talento, carisma y m\u00fasica de calidad.<\/p>\n<blockquote class=\"instagram-media\" style=\"background: #FFF; border: 0; border-radius: 3px; box-shadow: 0 0 1px 0 rgba(0,0,0,0.5),0 1px 10px 0 rgba(0,0,0,0.15); margin: 1px; max-width: 540px; min-width: 326px; padding: 0; width: calc(100% - 2px);\" data-instgrm-captioned=\"\" data-instgrm-permalink=\"https:\/\/www.instagram.com\/p\/B1g3-_bFUoW\/\" data-instgrm-version=\"12\">\n<div style=\"padding: 16px;\">\n<p>&nbsp;<\/p>\n<div style=\"display: flex; flex-direction: row; align-items: center;\">\n<div style=\"background-color: #f4f4f4; border-radius: 50%; flex-grow: 0; height: 40px; margin-right: 14px; width: 40px;\"><\/div>\n<div style=\"display: flex; flex-direction: column; flex-grow: 1; justify-content: center;\">\n<div style=\"background-color: #f4f4f4; border-radius: 4px; flex-grow: 0; height: 14px; margin-bottom: 6px; width: 100px;\"><\/div>\n<div style=\"background-color: #f4f4f4; border-radius: 4px; flex-grow: 0; height: 14px; width: 60px;\"><\/div>\n<\/div>\n<\/div>\n<div style=\"padding: 19% 0;\"><\/div>\n<div style=\"display: block; height: 50px; margin: 0 auto 12px; width: 50px;\"><\/div>\n<div style=\"padding-top: 8px;\">\n<div style=\"color: #3897f0; font-family: Arial,sans-serif; font-size: 14px; font-style: normal; font-weight: 550; line-height: 18px;\">Ver esta publicaci\u00f3n en Instagram<\/div>\n<\/div>\n<div style=\"padding: 12.5% 0;\"><\/div>\n<div style=\"display: flex; flex-direction: row; margin-bottom: 14px; align-items: center;\">\n<div>\n<div style=\"background-color: #f4f4f4; border-radius: 50%; height: 12.5px; width: 12.5px; transform: translateX(0px) translateY(7px);\"><\/div>\n<div style=\"background-color: #f4f4f4; height: 12.5px; transform: rotate(-45deg) translateX(3px) translateY(1px); width: 12.5px; flex-grow: 0; margin-right: 14px; margin-left: 2px;\"><\/div>\n<div style=\"background-color: #f4f4f4; border-radius: 50%; height: 12.5px; width: 12.5px; transform: translateX(9px) translateY(-18px);\"><\/div>\n<\/div>\n<div style=\"margin-left: 8px;\">\n<div style=\"background-color: #f4f4f4; border-radius: 50%; flex-grow: 0; height: 20px; width: 20px;\"><\/div>\n<div style=\"width: 0; height: 0; border-top: 2px solid transparent; border-left: 6px solid #f4f4f4; border-bottom: 2px solid transparent; transform: translateX(16px) translateY(-4px) rotate(30deg);\"><\/div>\n<\/div>\n<div style=\"margin-left: auto;\">\n<div style=\"width: 0px; border-top: 8px solid #F4F4F4; border-right: 8px solid transparent; transform: translateY(16px);\"><\/div>\n<div style=\"background-color: #f4f4f4; flex-grow: 0; height: 12px; width: 16px; transform: translateY(-4px);\"><\/div>\n<div style=\"width: 0; height: 0; border-top: 8px solid #F4F4F4; border-left: 8px solid transparent; transform: translateY(-4px) translateX(8px);\"><\/div>\n<\/div>\n<\/div>\n<p>&nbsp;<\/p>\n<p style=\"margin: 8px 0 0 0; padding: 0 4px;\"><a style=\"color: #000; font-family: Arial,sans-serif; font-size: 14px; font-style: normal; font-weight: normal; line-height: 17px; text-decoration: none; word-wrap: break-word;\" href=\"https:\/\/www.instagram.com\/p\/B1g3-_bFUoW\/\" target=\"_blank\" rel=\"noopener\">Hoy les quiero decir GRACIAS por todo lo que me dan, por todo lo que me hacen sentir, por todo lo que me hacen lograr, por cantar mi m\u00fasica siempre y sobre todo; Gracias a mi Dios que me llena de luz, gu\u00eda mis pasos y me permite lograr todo esto, amo la m\u00fasica, amo mi publico y todo lo que tenga que ver para estar en un escenario cant\u00e1ndole y haciendo magia para toda mi gente. #RemmyValenzuela<\/a><\/p>\n<p style=\"color: #c9c8cd; font-family: Arial,sans-serif; font-size: 14px; line-height: 17px; margin-bottom: 0; margin-top: 8px; overflow: hidden; padding: 8px 0 7px; text-align: center; text-overflow: ellipsis; white-space: nowrap;\">Una publicaci\u00f3n compartida de <a style=\"color: #c9c8cd; font-family: Arial,sans-serif; font-size: 14px; font-style: normal; font-weight: normal; line-height: 17px;\" href=\"https:\/\/www.instagram.com\/remmyvalenzuela\/\" target=\"_blank\" rel=\"noopener\"> Remmy Valenzuela<\/a> (@remmyvalenzuela) el <time style=\"font-family: Arial,sans-serif; font-size: 14px; line-height: 17px;\" datetime=\"2019-08-23T16:45:02+00:00\">23 Ago, 2019 a las 9:45 PDT<\/time><\/p>\n<\/div>\n<\/blockquote>\n<p><script async src=\"\/\/www.instagram.com\/embed.js\"><\/script><\/p>\n","protected":false},"excerpt":{"rendered":"<p>\u201cDejemos por fuera las empresas malas, h\u00e1ganse independientes plebes\u201d. Son palabras del cantautor Remmy Valenzuela, quien se encuentra disgustado con su casa disquera Universal Music Group, por no prestar la colaboraci\u00f3n que esperaban en el lanzamiento de su m\u00e1s reciente disco \u201c80% M\u00edo\u201d. Cabe destacar, que el joven exponente del g\u00e9nero Norte\u00f1o Banda quien desde [&hellip;]<\/p>\n","protected":false},"author":8,"featured_media":9871,"comment_status":"open","ping_status":"closed","sticky":false,"template":"","format":"standard","meta":{"footnotes":""},"categories":[2],"tags":[1250,1251,640,236,1252],"class_list":["post-9868","post","type-post","status-publish","format-standard","has-post-thumbnail","hentry","category-noticias","tag-casa-disquera","tag-reclamo","tag-redes-sociales","tag-remmy-valenzuela","tag-universal-music-group"],"aioseo_notices":[],"_links":{"self":[{"href":"https:\/\/rolamix.com\/espectaculos\/wp-json\/wp\/v2\/posts\/9868","targetHints":{"allow":["GET"]}}],"collection":[{"href":"https:\/\/rolamix.com\/espectaculos\/wp-json\/wp\/v2\/posts"}],"about":[{"href":"https:\/\/rolamix.com\/espectaculos\/wp-json\/wp\/v2\/types\/post"}],"author":[{"embeddable":true,"href":"https:\/\/rolamix.com\/espectaculos\/wp-json\/wp\/v2\/users\/8"}],"replies":[{"embeddable":true,"href":"https:\/\/rolamix.com\/espectaculos\/wp-json\/wp\/v2\/comments?post=9868"}],"version-history":[{"count":0,"href":"https:\/\/rolamix.com\/espectaculos\/wp-json\/wp\/v2\/posts\/9868\/revisions"}],"wp:featuredmedia":[{"embeddable":true,"href":"https:\/\/rolamix.com\/espectaculos\/wp-json\/wp\/v2\/media\/9871"}],"wp:attachment":[{"href":"https:\/\/rolamix.com\/espectaculos\/wp-json\/wp\/v2\/media?parent=9868"}],"wp:term":[{"taxonomy":"category","embeddable":true,"href":"https:\/\/rolamix.com\/espectaculos\/wp-json\/wp\/v2\/categories?post=9868"},{"taxonomy":"post_tag","embeddable":true,"href":"https:\/\/rolamix.com\/espectaculos\/wp-json\/wp\/v2\/tags?post=9868"}],"curies":[{"name":"wp","href":"https:\/\/api.w.org\/{rel}","templated":true}]}}